{"id":91565,"date":"2026-01-01T09:57:04","date_gmt":"2026-01-01T09:57:04","guid":{"rendered":"https:\/\/www.europesays.com\/lv\/91565\/"},"modified":"2026-01-01T09:57:04","modified_gmt":"2026-01-01T09:57:04","slug":"ligatnes-ugunsgreks-seniors-apsudzets-slepkaviba-un-dedzinasana","status":"publish","type":"post","link":"https:\/\/www.europesays.com\/lv\/91565\/","title":{"rendered":"L\u012bgatnes ugunsgr\u0113ks: seniors aps\u016bdz\u0113ts slepkav\u012bb\u0101 un dedzin\u0101\u0161an\u0101"},"content":{"rendered":"<p class=\"descr\">Ties\u0101 turpin\u0101s noskaidrot L\u012bgatn\u0113 dz\u012bvojam\u0101s m\u0101jas ugunsgr\u0113k\u0101 divu cilv\u0113ku boj\u0101ejas apst\u0101k\u013cus.\u00a0\u00a0<\/p>\n<p>Turpin\u0101sies tiesas pr\u0101va, kur\u0101 k\u0101ds seniors no L\u012bgatnes aps\u016bdz\u0113ts baisos noziegumos. Tiesas pr\u0101va turpin\u0101sies 26. janv\u0101r\u012b. Pla\u0161sazi\u0146as l\u012bdzek\u013cos jau iepriek\u0161 <a href=\"https:\/\/nra.lv\/tautaruna\/kriminali\/496834-ugunsgreks-ligatne-tisa-dedzinasana-un-divi-bojagajusie.htm\" data-item-link=\"true\" data-item-id=\"496834\" rel=\"nofollow noopener\" target=\"_blank\">tika atspogu\u013cots<\/a> 2025.gada pavasar\u012b L\u012bgatn\u0113 notiku\u0161ais \u201cJaunv\u0113veru\u201d dz\u012bvojam\u0101s m\u0101jas ugunsgr\u0113ku, p\u0113c kura kr\u0101smat\u0101s tika atrasti divu boj\u0101g\u0101ju\u0161o cilv\u0113ku \u0137erme\u0146i. Vidzemes rajona ties\u0101 Gulben\u0113 \u0161o krimin\u0101llietu s\u0101ka skat\u012bt 10.decembr\u012b.<\/p>\n<p>Aps\u016bdz\u0113tajam j\u0101atrodas <a href=\"https:\/\/nra.lv\/birka\/olaines-cietums\/\" rel=\"nofollow noopener\" target=\"_blank\">Olaines cietum\u0101<\/a> un tiesas proces\u0101 vi\u0146\u0161 piedal\u0101s att\u0101lin\u0101ti, izmantojot digit\u0101l\u0101s tie\u0161saistes iesp\u0113jas. Vi\u0146\u0161 ir aps\u016bdz\u0113ts par slepkav\u012bbu vainu pastiprino\u0161os apst\u0101k\u013cos, ja t\u0101 izdar\u012bta vair\u0101ku personu dz\u012bv\u012bbai b\u012bstam\u0101 veid\u0101 un ar sevi\u0161\u0137u cietsird\u012bbu. T\u0101pat vi\u0146\u0161 aps\u016bdz\u0113ts par sve\u0161as mantas t\u012b\u0161u izn\u012bcin\u0101\u0161anu vai boj\u0101\u0161anu, ja t\u0101 izdar\u012bta ar <a href=\"https:\/\/nra.lv\/birka\/aizdedzinasana\/\" rel=\"nofollow noopener\" target=\"_blank\">dedzin\u0101\u0161anu<\/a> un t\u0101 rezult\u0101t\u0101 iest\u0101jusies cilv\u0113ku n\u0101ve. Krimin\u0101llikums par \u0161\u0101du noziegumu kopumu maksim\u0101li paredz m\u016b\u017ea ieslodz\u012bjumu vai br\u012bv\u012bbas at\u0146em\u0161anu uz laiku no 10 l\u012bdz 20 gadiem.<\/p>\n<p>Tra\u0123iskie notikumi ir risin\u0101ju\u0161ies &#8220;Jaunv\u0113veru&#8221; dz\u012bvojam\u0101 m\u0101j\u0101, kur\u0101 pavisam bija 3 dz\u012bvok\u013ci, no kuriem divi priv\u0101ti un viens pa\u0161vald\u012bbas dz\u012bvoklis. Aps\u016bdz\u0113tais bija \u012br\u0113jis dz\u012bvokli no pa\u0161vald\u012bbas. Past\u0101v\u012bgi \u0113k\u0101 dz\u012bvoja tikai tr\u012bs cilv\u0113ki &#8211; jau min\u0113tais seniors, k\u0101 ar\u012b taj\u0101 pa\u0161\u0101 dz\u012bvokl\u012b mitin\u0101j\u0101s vi\u0146a draudzene un seniora radinieks. 28.mart\u0101 p\u0113c ugunsgr\u0113ka, kura rezult\u0101t\u0101 kr\u0101smat\u0101s p\u0101rv\u0113rt\u0101s visa \u0113ka un visi tr\u012bs dz\u012bvok\u013ci, izdz\u012bvoja tikai viens cilv\u0113ks. Un tas ir aps\u016bdz\u0113tais v\u012brietis. Vi\u0146\u0161, s\u0101koties deg\u0161anai, bija skr\u0113jis pie kaimi\u0146iem, l\u016bdzis pal\u012bdz\u012bbu, pras\u012bjis izsaukt ugunsdz\u0113s\u0113jus.<\/p>\n<p>Saska\u0146\u0101 ar aps\u016bdz\u012bbu pie atbild\u012bbas sauktajam v\u012brietim 28. marta vakar\u0101, atrodoties sav\u0101 \u012bres dz\u012bvokl\u012b, rad\u0101s nesaska\u0146as ar radinieku v\u012brieti, ar kuru kop\u0101 lietoja alkoholu. Dusm\u0101s aps\u016bdz\u0113tais pa\u0146\u0113ma dz\u012bvokl\u012b eso\u0161o kannu ar benz\u012bnu un uzl\u0113ja saturu radiniekam, k\u0101 ar\u012b nometa zem\u0113 dego\u0161u s\u0113rkoci\u0146u. Benz\u012bns aizdeg\u0101s un liesmas izplat\u012bj\u0101s pa apliet\u0101 v\u012brie\u0161a \u0137ermeni. V\u0113l\u0101k tika atrastas \u0161\u0101 cilv\u0113ka p\u0101rog\u013coju\u0161\u0101s mirst\u012bg\u0101s atliekas.<\/p>\n<p>T\u0101 k\u0101 ugunsgr\u0113ks bija izplat\u012bjies vis\u0101 \u201cJaunv\u0113veru\u201d m\u0101j\u0101, aps\u016bdz\u0113t\u0101 r\u012bc\u012bba apdraud\u0113ja ar\u012b turpat vi\u0146a dz\u012bvokl\u012b gu\u013co\u0161\u0101s draudzenes dz\u012bv\u012bbu, vi\u0146a mira no saind\u0113\u0161an\u0101s ar deg\u0161anas produktiem.<\/p>\n<p>Ties\u0101 pie atbild\u012bbas sauktais v\u012brietis da\u013c\u0101 aps\u016bdz\u012bbas savu vainu ir noliedzis, bet cit\u0101 da\u013c\u0101 tom\u0113r atzinis. T\u0101pat vi\u0146\u0161 ir atzinis ugunsgr\u0113k\u0101 izn\u012bcin\u0101t\u0101s \u201cJaunv\u0113veru\u201d m\u0101jas tr\u012bs dz\u012bvok\u013cu \u012bpa\u0161nieku pieteikt\u0101s civilpras\u012bbas kopum\u0101 13 790,48 eiro v\u0113rt\u012bb\u0101. T\u0101pat aps\u016bdz\u0113tais atzinis pien\u0101kumu valstij atmaks\u0101t 3700 eiro, ko valsts kompens\u0101ciju veid\u0101 ir izmaks\u0101jusi ugunsgr\u0113k\u0101 boj\u0101 g\u0101ju\u0161\u0101s sievietes b\u0113rniem. Lietas izskat\u012b\u0161ana ties\u0101 notiek ar pilnu pier\u0101d\u012bjumu p\u0101rbaudi.<\/p>\n<p>\t\t\t\t\t\tinfo<\/p>\n<p>Uzzini pirmais<br \/>kas interesants noticis Latvij\u0101 un pasaul\u0113,<br \/>pievienojoties mums <a href=\"https:\/\/t.me\/neatkariga\" rel=\"nofollow\">Telegram<\/a> vai <a href=\"https:\/\/whatsapp.com\/channel\/0029VaMLFUH5K3zLU5s4wm3y\" rel=\"nofollow noopener\" target=\"_blank\">Whatsapp<\/a> kan\u0101l\u0101<\/p>\n","protected":false},"excerpt":{"rendered":"Ties\u0101 turpin\u0101s noskaidrot L\u012bgatn\u0113 dz\u012bvojam\u0101s m\u0101jas ugunsgr\u0113k\u0101 divu cilv\u0113ku boj\u0101ejas apst\u0101k\u013cus.\u00a0\u00a0 Turpin\u0101sies tiesas pr\u0101va, kur\u0101 k\u0101ds seniors no&hellip;\n","protected":false},"author":2,"featured_media":91566,"comment_status":"","ping_status":"","sticky":false,"template":"","format":"standard","meta":{"footnotes":""},"categories":[12],"tags":[23,28,29,32,33,22,30,31,35,39,38,36,37,34,40,20,26,27,24,25,21],"class_list":{"0":"post-91565","1":"post","2":"type-post","3":"status-publish","4":"format-standard","5":"has-post-thumbnail","7":"category-latvija","8":"tag-aktualitates","9":"tag-breaking-news","10":"tag-breakingnews","11":"tag-featured-news","12":"tag-featurednews","13":"tag-headlines","14":"tag-latest-news","15":"tag-latestnews","16":"tag-latvia","17":"tag-latvian","18":"tag-latviesu","19":"tag-latviesu-valoda","20":"tag-latviesuvaloda","21":"tag-latvija","22":"tag-lv","23":"tag-news","24":"tag-popularakas-zinas","25":"tag-popularakaszinas","26":"tag-top-stories","27":"tag-topstories","28":"tag-zinas"},"share_on_mastodon":{"url":"","error":""},"_links":{"self":[{"href":"https:\/\/www.europesays.com\/lv\/wp-json\/wp\/v2\/posts\/91565","targetHints":{"allow":["GET"]}}],"collection":[{"href":"https:\/\/www.europesays.com\/lv\/wp-json\/wp\/v2\/posts"}],"about":[{"href":"https:\/\/www.europesays.com\/lv\/wp-json\/wp\/v2\/types\/post"}],"author":[{"embeddable":true,"href":"https:\/\/www.europesays.com\/lv\/wp-json\/wp\/v2\/users\/2"}],"replies":[{"embeddable":true,"href":"https:\/\/www.europesays.com\/lv\/wp-json\/wp\/v2\/comments?post=91565"}],"version-history":[{"count":0,"href":"https:\/\/www.europesays.com\/lv\/wp-json\/wp\/v2\/posts\/91565\/revisions"}],"wp:featuredmedia":[{"embeddable":true,"href":"https:\/\/www.europesays.com\/lv\/wp-json\/wp\/v2\/media\/91566"}],"wp:attachment":[{"href":"https:\/\/www.europesays.com\/lv\/wp-json\/wp\/v2\/media?parent=91565"}],"wp:term":[{"taxonomy":"category","embeddable":true,"href":"https:\/\/www.europesays.com\/lv\/wp-json\/wp\/v2\/categories?post=91565"},{"taxonomy":"post_tag","embeddable":true,"href":"https:\/\/www.europesays.com\/lv\/wp-json\/wp\/v2\/tags?post=91565"}],"curies":[{"name":"wp","href":"https:\/\/api.w.org\/{rel}","templated":true}]}}