{"id":91567,"date":"2026-01-01T09:58:03","date_gmt":"2026-01-01T09:58:03","guid":{"rendered":"https:\/\/www.europesays.com\/lv\/91567\/"},"modified":"2026-01-01T09:58:03","modified_gmt":"2026-01-01T09:58:03","slug":"ugunsgreka-bara-sveice-vairaki-desmiti-bojagajuso-ievainoti-apmeram-100-raksts","status":"publish","type":"post","link":"https:\/\/www.europesays.com\/lv\/91567\/","title":{"rendered":"Ugunsgr\u0113k\u0101 b\u0101r\u0101 \u0160veic\u0113 vair\u0101ki desmiti boj\u0101g\u0101ju\u0161o, ievainoti apm\u0113ram 100 \/ Raksts"},"content":{"rendered":"<p>\u0160veices Alpu k\u016brort\u0101 Kranmontan\u0101 nakt\u012b uz ceturtdienu Jaungada svin\u012bbu laik\u0101 izc\u0113lies ugunsgr\u0113ks b\u0101r\u0101, kur\u0101 g\u0101ju\u0161i boj\u0101 vair\u0101ki desmiti un ievainoti apm\u0113ram 100 cilv\u0113ku, pav\u0113st\u012bja policija.<\/p>\n<p>&#8220;Vair\u0101ki desmiti tiek uzskat\u012bti par boj\u0101g\u0101ju\u0161iem,&#8221; sac\u012bts policijas pazi\u0146ojum\u0101.<\/p>\n<p>Daudzi ievainotie ir smag\u0101 st\u0101vokl\u012b.<\/p>\n<p>\u0160veices laikraksts &#8220;Blick&#8221; cit\u0113ja notikuma viet\u0101 eso\u0161o \u0101rstu, kur\u0161 nor\u0101d\u012bja, ka boj\u0101g\u0101ju\u0161o skaits var\u0113tu b\u016bt &#8220;desmitiem&#8221;.\u00a0Re\u0123ion\u0101lais laikraksts &#8220;Le Nouvelliste&#8221; ar\u012b nor\u0101d\u012bja, ka t\u0101 avoti zi\u0146o par &#8220;lielu upuru skaitu&#8221; \u2013 apm\u0113ram 40 miru\u0161ajiem un 100 ievainotiem cilv\u0113kiem.<\/p>\n<p>\u0160veices mediji nor\u0101d\u012bja, ka ugunsgr\u0113ks, iesp\u0113jams, izc\u0113l\u0101s, kad koncerta laik\u0101 tika izmantota pirotehnika, bet policija nor\u0101d\u012bja, ka c\u0113lonis pagaid\u0101m nav noskaidrots.<\/p>\n<p>Ugunsgr\u0113ks izc\u0113l\u0101s ap pulksten 1.30 (2.30 p\u0113c Latvijas laika)\u012b b\u0101r\u0101 &#8220;Le Constellation&#8221;.<\/p>\n<p>Kranmontana ir starptautiski paz\u012bstams sl\u0113po\u0161anas k\u016brorts, kuru apmekl\u0113 daudzi \u0101rzemju t\u016bristi.<\/p>\n<p>                    Valodas k\u013c\u016bda rakst\u0101?<\/p>\n<p class=\"d-none d-md-block\">Iez\u012bm\u0113jiet tekstu un spiediet Ctrl+Enter, lai nos\u016bt\u012btu labojamo teksta fragmentu redaktoram! Par faktu k\u013c\u016bd\u0101m l\u016bdzam zi\u0146ot e-past\u0101 <a href=\"https:\/\/www.lsm.lv\/cdn-cgi\/l\/email-protection\" class=\"__cf_email__\" data-cfemail=\"0f7d6a6b6e646c66656e4f637c62216379\" rel=\"nofollow noopener\" target=\"_blank\">[email\u00a0protected]<\/a>.<\/p>\n<p class=\"d-md-none\">Iez\u012bm\u0113jiet tekstu un spiediet uz Zi\u0146ot par k\u013c\u016bdu pogas, lai nos\u016bt\u012btu labojamo teksta fragmentu redaktoram!<\/p>\n<p>\n                    Zi\u0146ot par k\u013c\u016bdu\n                <\/p>\n","protected":false},"excerpt":{"rendered":"\u0160veices Alpu k\u016brort\u0101 Kranmontan\u0101 nakt\u012b uz ceturtdienu Jaungada svin\u012bbu laik\u0101 izc\u0113lies ugunsgr\u0113ks b\u0101r\u0101, kur\u0101 g\u0101ju\u0161i boj\u0101 vair\u0101ki desmiti&hellip;\n","protected":false},"author":2,"featured_media":91568,"comment_status":"","ping_status":"","sticky":false,"template":"","format":"standard","meta":{"footnotes":""},"categories":[5],"tags":[23,28,29,32,33,22,30,31,35,39,38,36,37,34,40,20,26,27,24,25,21],"class_list":{"0":"post-91567","1":"post","2":"type-post","3":"status-publish","4":"format-standard","5":"has-post-thumbnail","7":"category-aktualitates","8":"tag-aktualitates","9":"tag-breaking-news","10":"tag-breakingnews","11":"tag-featured-news","12":"tag-featurednews","13":"tag-headlines","14":"tag-latest-news","15":"tag-latestnews","16":"tag-latvia","17":"tag-latvian","18":"tag-latviesu","19":"tag-latviesu-valoda","20":"tag-latviesuvaloda","21":"tag-latvija","22":"tag-lv","23":"tag-news","24":"tag-popularakas-zinas","25":"tag-popularakaszinas","26":"tag-top-stories","27":"tag-topstories","28":"tag-zinas"},"share_on_mastodon":{"url":"https:\/\/pubeurope.com\/@lv\/115819256403769212","error":""},"_links":{"self":[{"href":"https:\/\/www.europesays.com\/lv\/wp-json\/wp\/v2\/posts\/91567","targetHints":{"allow":["GET"]}}],"collection":[{"href":"https:\/\/www.europesays.com\/lv\/wp-json\/wp\/v2\/posts"}],"about":[{"href":"https:\/\/www.europesays.com\/lv\/wp-json\/wp\/v2\/types\/post"}],"author":[{"embeddable":true,"href":"https:\/\/www.europesays.com\/lv\/wp-json\/wp\/v2\/users\/2"}],"replies":[{"embeddable":true,"href":"https:\/\/www.europesays.com\/lv\/wp-json\/wp\/v2\/comments?post=91567"}],"version-history":[{"count":0,"href":"https:\/\/www.europesays.com\/lv\/wp-json\/wp\/v2\/posts\/91567\/revisions"}],"wp:featuredmedia":[{"embeddable":true,"href":"https:\/\/www.europesays.com\/lv\/wp-json\/wp\/v2\/media\/91568"}],"wp:attachment":[{"href":"https:\/\/www.europesays.com\/lv\/wp-json\/wp\/v2\/media?parent=91567"}],"wp:term":[{"taxonomy":"category","embeddable":true,"href":"https:\/\/www.europesays.com\/lv\/wp-json\/wp\/v2\/categories?post=91567"},{"taxonomy":"post_tag","embeddable":true,"href":"https:\/\/www.europesays.com\/lv\/wp-json\/wp\/v2\/tags?post=91567"}],"curies":[{"name":"wp","href":"https:\/\/api.w.org\/{rel}","templated":true}]}}