{"id":91569,"date":"2026-01-01T10:03:23","date_gmt":"2026-01-01T10:03:23","guid":{"rendered":"https:\/\/www.europesays.com\/lv\/91569\/"},"modified":"2026-01-01T10:03:23","modified_gmt":"2026-01-01T10:03:23","slug":"no-1-janvara-sadardzinasies-apkure-aizkraukle-cesis-jekabpili-jurmala-un-valmiera-raksts","status":"publish","type":"post","link":"https:\/\/www.europesays.com\/lv\/91569\/","title":{"rendered":"No 1. janv\u0101ra sad\u0101rdzin\u0101sies apkure Aizkraukl\u0113, C\u0113s\u012bs, J\u0113kabpil\u012b, J\u016brmal\u0101 un Valmier\u0101 \/ Raksts"},"content":{"rendered":"<p>\n                        30. decembris, 2025, 12:57                    <\/p>\n<p>No n\u0101kam\u0101 gada 1. janv\u0101ra virkn\u0113 apdz\u012bvotu vietu pieaugs siltumener\u0123ijas tarifs, tostarp\u00a0Aizkraukl\u0113, C\u0113s\u012bs, J\u0113kabpil\u012b, J\u016brmal\u0101 un Valmier\u0101, liecina Sabiedrisko pakalpojumu regul\u0113\u0161anas komisijas (SPRK) pazi\u0146ojums.\u00a0<\/p>\n<p>No 2026. gada 1. janv\u0101ra augst\u0101ki siltumener\u0123ijas tarifi apstiprin\u0101ti:\u00a0<\/p>\n<ul>\n<li>SIA &#8220;Aizkraukles siltums&#8221; Aizkraukles pils\u0113t\u0101 un Ir\u0161u pagast\u0101 \u2013 77,08\u202feiro par megavatstundu (MWh),<\/li>\n<li>SIA &#8220;Adven Latvia&#8221; C\u0113s\u012bs \u2013 84,67 \u202feiro\/MWh,<\/li>\n<li>SIA &#8220;M\u0101rupes komun\u0101lie pakalpojumi&#8221; Pi\u0146\u0137os, M\u0101rupes ciem\u0101, Skultes ciem\u0101 un T\u012braines ciem\u0101 \u2013 95,60 \u202feiro\/MWh,<\/li>\n<li>SIA &#8220;J\u0113kabpils siltums&#8221; J\u0113kabpils pils\u0113t\u0101, Brodu ciem\u0101, K\u016bku ciem\u0101, Me\u017e\u0101res ciem\u0101, Spun\u0123\u0113nu ciem\u0101 un Varie\u0161u ciem\u0101 \u2013 80,71\u202feiro\/MWh,<\/li>\n<li>SIA &#8220;J\u016brmalas siltums&#8221; \u2013 86,8 eiro\/MWh,<\/li>\n<li>SIA &#8220;Valmieras \u016bdens&#8221; \u2013 80,28\u202feiro\/MWh,<\/li>\n<li>SIA &#8220;VNK Serviss&#8221; Usmas ciem\u0101 \u2013 93,39\u202feiro\/MWh, Pilten\u0113 \u2013 76,03\u202feiro\/MWh un T\u0101rgal\u0113 \u2013 72,21\u202feiro\/MWh.<\/li>\n<\/ul>\n<p>Savuk\u0101rt zem\u0101ki siltumener\u0123ijas tarifi no 2026. gada 1. janv\u0101ra apstiprin\u0101ti:<\/p>\n<ul>\n<li>SIA &#8220;Adven Sigulda&#8221; Siguld\u0101 \u2013 94,57\u202feiro\/MWh,<\/li>\n<li>SIA &#8220;Auces komun\u0101lie pakalpojumi&#8221; Auc\u0113 un B\u0113nes ciem\u0101 \u2013 65,71\u202feiro\/MWh,<\/li>\n<li>SIA &#8220;VNK serviss&#8221; Ug\u0101l\u0113 \u2013 81,93\u202feiro\/MWh, Bl\u0101zmas ciem\u0101 \u2013 87,75 eiro\/MWh, U\u017eavas pagast\u0101 \u2013 115,92 \u202feiro\/MWh,\u00a0 V\u0101rves pagast\u0101 \u2013 109,35 \u202feiro\/MWh, Stiklu ciem\u0101 \u2013 122,89 \u202feiro\/MWh,\u00a0un J\u016brkalnes ciem\u0101 \u2013\u00a093,79 \u202feiro\/MWh.<\/li>\n<\/ul>\n<p>SPRK Ener\u0123\u0113tikas departamenta direktors J\u0101nis Negribs atz\u012bm\u0113ja, ka dabasg\u0101zes cena TTF bir\u017e\u0101 turpina saglab\u0101ties zem\u0101 l\u012bmen\u012b \u2013 28 eiro\/MWh, kas ir tuvu zem\u0101kajam r\u0101d\u012bt\u0101jam kop\u0161 2024. gada apr\u012b\u013ca. Gada griezum\u0101 cenas saruku\u0161as par aptuveni 40\u00a0%, galvenok\u0101rt pateicoties augstajiem sa\u0161\u0137idrin\u0101t\u0101s dabasg\u0101zes ASV eksporta apjomiem un stabil\u0101m pieg\u0101d\u0113m no Norv\u0113\u0123ijas.\u00a0<\/p>\n<blockquote>\n<p>&#8220;Tom\u0113r, tuvojoties janv\u0101ra aukst\u0101kajiem periodiem, dabasg\u0101zes piepras\u012bjums var\u0113tu pieaugt, jo jaun\u0101k\u0101s prognozes liecina par augst\u0101ku temperat\u016bru un maz\u0101k v\u0113jiem Eirop\u0101, kas palielin\u0101tu apkures intensit\u0101ti.<\/p>\n<\/blockquote>\n<p>Vienlaikus b\u016btiska loma ir ar\u012b citu energoresursu cenu dinamikai \u2013 \u0161\u0137eldas cena \u0161obr\u012bd ir 25 eiro\/MWh, bet CO\u2082 kvotu cena ir pieaugusi l\u012bdz 88 eiro par tonnu. \u0160ie faktori turpin\u0101s ietekm\u0113t siltumener\u0123ijas tarifu l\u012bmeni tuv\u0101kajos m\u0113ne\u0161os,&#8221; nor\u0101d\u012bja Negribs.<\/p>\n<p>SPRK v\u0113rt\u0113\u0161an\u0101 decembra beig\u0101s\u00a0ir 23 pilnie siltumapg\u0101des tarifu projekti un viens komersantu pa\u0161u noteiktais siltumapg\u0101des tarifu projekts. SPRK ik ned\u0113\u013cu sa\u0146em siltumener\u0123ijas tarifus v\u0113rt\u0113\u0161anai, tostarp ir komersanti, kuriem tarifs main\u0101s vair\u0101kas reizes gad\u0101.\u00a0<\/p>\n<p>SPRK izv\u0113rt\u0113 divu veidu siltumener\u0123ijas tarifu projektus. Pilnais tarifa projekts ietver visu ar siltumapg\u0101di saist\u012bto izmaksu p\u0101rbaudi. Savuk\u0101rt pa\u0161noteiktais tarifs tiek piem\u0113rots, ja komersantam ir SPRK izsniegta at\u013cauja pa\u0161am noteikt tarifu un main\u0101s tikai kurin\u0101m\u0101, iepirkt\u0101s siltumener\u0123ijas vai p\u0101rdot\u0101s elektroener\u0123ijas cena. Abos gad\u012bjumos tarifu projekti j\u0101iesniedz SPRK, ta\u010du to izskat\u012b\u0161anas ilgums at\u0161\u0137iras.\u00a0<\/p>\n<p>SPRK skaidroja, ka at\u013caujas pa\u0161iem noteikt tarifus izsniegtas gandr\u012bz visiem siltumapg\u0101des komersantiem. Vienlaikus \u0161\u012b at\u013cauja paredz pien\u0101kumu iesniegt samazin\u0101tu tarifu SPRK, tikl\u012bdz kurin\u0101m\u0101 cenas samazin\u0101s. Pat ja \u0161\u0101ds pien\u0101kums nav noteikts, kurin\u0101m\u0101 cenu izmaksas jebkur\u0101 gad\u012bjum\u0101 tiek \u0146emts v\u0113r\u0101 pie n\u0101kam\u0101s tarifu p\u0101rskat\u012b\u0161anas. Savuk\u0101rt piln\u0101 tarifu projekt\u0101 iek\u013cauto izmaksu gad\u012bjum\u0101 tiek p\u0101rbaud\u012btas ne vien kurin\u0101m\u0101 izmaksas, bet ar\u012b nolietojuma, remontdarbu izmaksu v\u0113rt\u0113\u0161anu, nodot\u0101 siltumener\u0123ijas apjoma izmai\u0146as u.\u00a0c., kas attiec\u012bgi var rezult\u0113ties ar\u012b tarifa pieaugum\u0101.<\/p>\n<p>                    Valodas k\u013c\u016bda rakst\u0101?<\/p>\n<p class=\"d-none d-md-block\">Iez\u012bm\u0113jiet tekstu un spiediet Ctrl+Enter, lai nos\u016bt\u012btu labojamo teksta fragmentu redaktoram! Par faktu k\u013c\u016bd\u0101m l\u016bdzam zi\u0146ot e-past\u0101 <a href=\"https:\/\/www.lsm.lv\/cdn-cgi\/l\/email-protection\" class=\"__cf_email__\" data-cfemail=\"4c3e29282d272f25262d0c203f2162203a\" rel=\"nofollow noopener\" target=\"_blank\">[email\u00a0protected]<\/a>.<\/p>\n<p class=\"d-md-none\">Iez\u012bm\u0113jiet tekstu un spiediet uz Zi\u0146ot par k\u013c\u016bdu pogas, lai nos\u016bt\u012btu labojamo teksta fragmentu redaktoram!<\/p>\n<p>\n                    Zi\u0146ot par k\u013c\u016bdu\n                <\/p>\n","protected":false},"excerpt":{"rendered":"30. decembris, 2025, 12:57 No n\u0101kam\u0101 gada 1. janv\u0101ra virkn\u0113 apdz\u012bvotu vietu pieaugs siltumener\u0123ijas tarifs, tostarp\u00a0Aizkraukl\u0113, C\u0113s\u012bs, J\u0113kabpil\u012b,&hellip;\n","protected":false},"author":2,"featured_media":8134,"comment_status":"","ping_status":"","sticky":false,"template":"","format":"standard","meta":{"footnotes":""},"categories":[12],"tags":[23,28,29,32,33,22,30,31,35,39,38,36,37,34,40,20,26,27,24,25,21],"class_list":{"0":"post-91569","1":"post","2":"type-post","3":"status-publish","4":"format-standard","5":"has-post-thumbnail","7":"category-latvija","8":"tag-aktualitates","9":"tag-breaking-news","10":"tag-breakingnews","11":"tag-featured-news","12":"tag-featurednews","13":"tag-headlines","14":"tag-latest-news","15":"tag-latestnews","16":"tag-latvia","17":"tag-latvian","18":"tag-latviesu","19":"tag-latviesu-valoda","20":"tag-latviesuvaloda","21":"tag-latvija","22":"tag-lv","23":"tag-news","24":"tag-popularakas-zinas","25":"tag-popularakaszinas","26":"tag-top-stories","27":"tag-topstories","28":"tag-zinas"},"share_on_mastodon":{"url":"https:\/\/pubeurope.com\/@lv\/115819276104820525","error":""},"_links":{"self":[{"href":"https:\/\/www.europesays.com\/lv\/wp-json\/wp\/v2\/posts\/91569","targetHints":{"allow":["GET"]}}],"collection":[{"href":"https:\/\/www.europesays.com\/lv\/wp-json\/wp\/v2\/posts"}],"about":[{"href":"https:\/\/www.europesays.com\/lv\/wp-json\/wp\/v2\/types\/post"}],"author":[{"embeddable":true,"href":"https:\/\/www.europesays.com\/lv\/wp-json\/wp\/v2\/users\/2"}],"replies":[{"embeddable":true,"href":"https:\/\/www.europesays.com\/lv\/wp-json\/wp\/v2\/comments?post=91569"}],"version-history":[{"count":0,"href":"https:\/\/www.europesays.com\/lv\/wp-json\/wp\/v2\/posts\/91569\/revisions"}],"wp:featuredmedia":[{"embeddable":true,"href":"https:\/\/www.europesays.com\/lv\/wp-json\/wp\/v2\/media\/8134"}],"wp:attachment":[{"href":"https:\/\/www.europesays.com\/lv\/wp-json\/wp\/v2\/media?parent=91569"}],"wp:term":[{"taxonomy":"category","embeddable":true,"href":"https:\/\/www.europesays.com\/lv\/wp-json\/wp\/v2\/categories?post=91569"},{"taxonomy":"post_tag","embeddable":true,"href":"https:\/\/www.europesays.com\/lv\/wp-json\/wp\/v2\/tags?post=91569"}],"curies":[{"name":"wp","href":"https:\/\/api.w.org\/{rel}","templated":true}]}}