{"id":91574,"date":"2026-01-01T10:08:07","date_gmt":"2026-01-01T10:08:07","guid":{"rendered":"https:\/\/www.europesays.com\/lv\/91574\/"},"modified":"2026-01-01T10:08:07","modified_gmt":"2026-01-01T10:08:07","slug":"tramps-negaiditi-piezvanijis-bijusajai-mis-ukrainai-zelenskis-vinam-atbildejis-par-ukrainietem","status":"publish","type":"post","link":"https:\/\/www.europesays.com\/lv\/91574\/","title":{"rendered":"Tramps negaid\u012bti piezvan\u012bjis biju\u0161ajai &#8220;Mis Ukrainai&#8221; \u2013 Zelenskis vi\u0146am atbild\u0113jis par ukrainiet\u0113m"},"content":{"rendered":"<p>Laikraksta uzrun\u0101tie avoti nor\u0101da, ka saruna notikusi p\u0113c tam, kad Zelenskis kop\u0101 ar vair\u0101kiem Eiropas l\u012bderiem 18. august\u0101 ierad\u0101s Va\u0161ington\u0101, lai stiprin\u0101tu vi\u0146a poz\u012bcijas \u2013 tas notika neilgi p\u0113c Trampa un Vladimira Putina tik\u0161an\u0101s A\u013cask\u0101.<\/p>\n<p>Vien\u0101 br\u012bd\u012b Tramps saviem pal\u012bgiem piebilda, ka laik\u0101, kad vi\u0146\u0161 bija skaistumkonkursa &#8220;Mis Universe&#8221; \u012bpa\u0161nieks (no 1996. l\u012bdz 2015. gadam -red.), ukrai\u0146u dal\u012bbnieces bie\u017ei vien bija visskaist\u0101k\u0101s, t\u0101p\u0113c vi\u0146\u0161 iesauc\u0101s: &#8220;Ukrai\u0146u sievietes ir skaistas.&#8221;<\/p>\n<blockquote class=\"quote ck-widget\" contenteditable=\"false\">\n<p>Zelenskis atbild\u0113jis: &#8220;Zinu, es apprec\u0113ju vienu no vi\u0146\u0101m.&#8221;<\/p>\n<\/blockquote>\n<p>Tramps paskaidroja, ka vi\u0146a sens draugs, Lasvegasas magn\u0101ts Fils Rafins, ir prec\u0113jies ar biju\u0161o &#8220;Mis Ukraina&#8221; Oleksandru Mikolajenko, kuru Tramps ir ar\u012b saticis &#8220;Mis Universe&#8221; konkurs\u0101. T\u0101p\u0113c vi\u0146\u0161 piezvan\u012bja Rafinam, kur\u0161 nodeva telefonu savai sievai, tikm\u0113r Tramps iedeva telefonu Zelenskim, un n\u0101kam\u0101s 10\u201315 min\u016btes telp\u0101 vald\u012bja klusums, kam\u0113r abi run\u0101ja ukrai\u0146u valod\u0101.<\/p>\n<blockquote class=\"quote ck-widget\" contenteditable=\"false\">\n<p>&#8220;Var\u0113ja just, k\u0101 telp\u0101 main\u0101s atmosf\u0113ra,&#8221; laikrakstam sac\u012bja k\u0101da amatpersona, kas tur atrad\u0101s.<\/p>\n<\/blockquote>\n<p>&#8220;Temperat\u016bra pazemin\u0101j\u0101s. Visi s\u0101ka smieties. Rad\u0101s cilv\u0113ciska saikne. T\u0101 bija sava veida pr\u0101tu sapl\u016b\u0161ana. Tas padar\u012bja Zelenski cilv\u0113c\u012bg\u0101ku Trampa ac\u012bs.&#8221;<\/p>\n<p><img decoding=\"async\" class=\"figure__image\" onclick=\"triggerEvent('articleImageClick', { id: 17368506, focus: 'single-image', focusIndex: '17368506' })\" onkeydown=\"if (event.key === 'Enter') {&#10;        triggerEvent('articleImageClick', { id: 17368506, focus: 'single-image', focusIndex: '17368506' })&#10;        }\" role=\"button\" tabindex=\"0\" data-focus-from=\"single-image\" data-focus-index=\"17368506\" src=\"https:\/\/www.europesays.com\/lv\/wp-content\/uploads\/2026\/01\/17368506t1heba2.jpg\"  onload=\"this.parentElement.classList.remove('figure__image-loading')\" alt=\"Oleksandra Mikolajenko, Fils Rafins un Donalds Tramps. (2016. gada foto)\"\/>Oleksandra Mikolajenko, Fils Rafins un Donalds Tramps. (2016. gada foto) Foto: Reuters\/Scanpix<\/p>\n","protected":false},"excerpt":{"rendered":"Laikraksta uzrun\u0101tie avoti nor\u0101da, ka saruna notikusi p\u0113c tam, kad Zelenskis kop\u0101 ar vair\u0101kiem Eiropas l\u012bderiem 18. august\u0101&hellip;\n","protected":false},"author":2,"featured_media":91575,"comment_status":"","ping_status":"","sticky":false,"template":"","format":"standard","meta":{"footnotes":""},"categories":[14],"tags":[23,57,292,28,29,542,32,33,22,234,74,30,31,35,39,38,36,37,34,40,20,26,27,24,25,178,54,55,56,21,58],"class_list":{"0":"post-91574","1":"post","2":"type-post","3":"status-publish","4":"format-standard","5":"has-post-thumbnail","7":"category-zinas-no-arvalstim","8":"tag-aktualitates","9":"tag-arvalstim","10":"tag-asv","11":"tag-breaking-news","12":"tag-breakingnews","13":"tag-donalds-tramps","14":"tag-featured-news","15":"tag-featurednews","16":"tag-headlines","17":"tag-krievija","18":"tag-krievijas-iebrukums-ukraina","19":"tag-latest-news","20":"tag-latestnews","21":"tag-latvia","22":"tag-latvian","23":"tag-latviesu","24":"tag-latviesu-valoda","25":"tag-latviesuvaloda","26":"tag-latvija","27":"tag-lv","28":"tag-news","29":"tag-popularakas-zinas","30":"tag-popularakaszinas","31":"tag-top-stories","32":"tag-topstories","33":"tag-volodimirs-zelenskis","34":"tag-world","35":"tag-world-news","36":"tag-worldnews","37":"tag-zinas","38":"tag-zinas-no-arvalstim"},"share_on_mastodon":{"url":"","error":"Validation failed: Text character limit of 500 exceeded"},"_links":{"self":[{"href":"https:\/\/www.europesays.com\/lv\/wp-json\/wp\/v2\/posts\/91574","targetHints":{"allow":["GET"]}}],"collection":[{"href":"https:\/\/www.europesays.com\/lv\/wp-json\/wp\/v2\/posts"}],"about":[{"href":"https:\/\/www.europesays.com\/lv\/wp-json\/wp\/v2\/types\/post"}],"author":[{"embeddable":true,"href":"https:\/\/www.europesays.com\/lv\/wp-json\/wp\/v2\/users\/2"}],"replies":[{"embeddable":true,"href":"https:\/\/www.europesays.com\/lv\/wp-json\/wp\/v2\/comments?post=91574"}],"version-history":[{"count":0,"href":"https:\/\/www.europesays.com\/lv\/wp-json\/wp\/v2\/posts\/91574\/revisions"}],"wp:featuredmedia":[{"embeddable":true,"href":"https:\/\/www.europesays.com\/lv\/wp-json\/wp\/v2\/media\/91575"}],"wp:attachment":[{"href":"https:\/\/www.europesays.com\/lv\/wp-json\/wp\/v2\/media?parent=91574"}],"wp:term":[{"taxonomy":"category","embeddable":true,"href":"https:\/\/www.europesays.com\/lv\/wp-json\/wp\/v2\/categories?post=91574"},{"taxonomy":"post_tag","embeddable":true,"href":"https:\/\/www.europesays.com\/lv\/wp-json\/wp\/v2\/tags?post=91574"}],"curies":[{"name":"wp","href":"https:\/\/api.w.org\/{rel}","templated":true}]}}