{"id":91576,"date":"2026-01-01T10:09:08","date_gmt":"2026-01-01T10:09:08","guid":{"rendered":"https:\/\/www.europesays.com\/lv\/91576\/"},"modified":"2026-01-01T10:09:08","modified_gmt":"2026-01-01T10:09:08","slug":"rinkevics-svetku-runa-uzsvera-ka-kopigs-darbs-un-savstarpejs-atbalsts-lauj-sasniegt-vairak","status":"publish","type":"post","link":"https:\/\/www.europesays.com\/lv\/91576\/","title":{"rendered":"Rink\u0113vi\u010ds sv\u0113tku run\u0101 uzsv\u0113ra, ka kop\u012bgs darbs un savstarp\u0113js atbalsts \u013cauj sasniegt vair\u0101k"},"content":{"rendered":"<p>Vi\u0146\u0161 nor\u0101d\u012bja, ka 2025. gads bijis gan cer\u012bbu, gan ba\u017eu pilns, tom\u0113r tiem, kas tic\u0113ju\u0161i un str\u0101d\u0101ju\u0161i kop\u0101, izdevies sasniegt iecer\u0113to.<\/p>\n<p>Valsts prezidents pauda lepnumu par \u0161\u012b gada sasniegumiem, tostarp par &#8220;straumi, kas aizvedusi t\u0101l\u0101k, nek\u0101 cer\u0113ts&#8221;, Dziesmu un deju sv\u0113tku dal\u012bbniekiem, jaunie\u0161iem un Latvijas sportistu pan\u0101kumiem.<\/p>\n<p>Rink\u0113vi\u010ds uzsv\u0113ra, ka kop\u012bgs darbs un savstarp\u0113js atbalsts \u013cauj sasniegt vair\u0101k, savuk\u0101rt naid\u012bgums sabiedr\u012bbu v\u0101jina.<\/p>\n<p>Vi\u0146\u0161 nor\u0101d\u012bja, ka valsts dro\u0161\u012bba s\u0101kas ar attieksmi pret sevi un l\u012bdzcilv\u0113kiem, k\u0101 ar\u012b ar ikdienas izv\u0113l\u0113m, tostarp r\u016bp\u0113m par savu un apk\u0101rt\u0113jo dro\u0161\u012bbu.<\/p>\n<p>Valsts prezidents aicin\u0101ja sabiedr\u012bbu b\u016bt atbild\u012bgai, nepalikt vienaldz\u012bgai un ar maziem so\u013ciem veidot savstarp\u0113ju uztic\u0113\u0161anos vis\u0101 Latvij\u0101 un \u0101rpus t\u0101s.<\/p>\n<p>Uzrunas nosl\u0113gum\u0101 Rink\u0113vi\u010ds pauda p\u0101rliec\u012bbu, ka <a href=\"https:\/\/www.apollo.lv\/term\/558556\/jaunais-gads\" class=\"topicLink\" target=\"_blank\" rel=\"nofollow noopener\">Jaunais gads<\/a> b\u016bs labs, ja sabiedr\u012bba b\u016bs godpr\u0101t\u012bga, atbild\u012bga un izpal\u012bdz\u012bga, un nov\u0113l\u0113ja savstarp\u0113jas uztic\u012bbas un m\u012blest\u012bbas pilnu 2026. gadu.<\/p>\n","protected":false},"excerpt":{"rendered":"Vi\u0146\u0161 nor\u0101d\u012bja, ka 2025. gads bijis gan cer\u012bbu, gan ba\u017eu pilns, tom\u0113r tiem, kas tic\u0113ju\u0161i un str\u0101d\u0101ju\u0161i kop\u0101,&hellip;\n","protected":false},"author":2,"featured_media":91577,"comment_status":"","ping_status":"","sticky":false,"template":"","format":"standard","meta":{"footnotes":""},"categories":[12],"tags":[23,28,29,816,32,33,22,18259,30,31,35,39,38,36,37,34,40,20,26,27,24,25,21],"class_list":{"0":"post-91576","1":"post","2":"type-post","3":"status-publish","4":"format-standard","5":"has-post-thumbnail","7":"category-latvija","8":"tag-aktualitates","9":"tag-breaking-news","10":"tag-breakingnews","11":"tag-edgars-rinkevics","12":"tag-featured-news","13":"tag-featurednews","14":"tag-headlines","15":"tag-jaunais-gads","16":"tag-latest-news","17":"tag-latestnews","18":"tag-latvia","19":"tag-latvian","20":"tag-latviesu","21":"tag-latviesu-valoda","22":"tag-latviesuvaloda","23":"tag-latvija","24":"tag-lv","25":"tag-news","26":"tag-popularakas-zinas","27":"tag-popularakaszinas","28":"tag-top-stories","29":"tag-topstories","30":"tag-zinas"},"share_on_mastodon":{"url":"https:\/\/pubeurope.com\/@lv\/115819299934536340","error":""},"_links":{"self":[{"href":"https:\/\/www.europesays.com\/lv\/wp-json\/wp\/v2\/posts\/91576","targetHints":{"allow":["GET"]}}],"collection":[{"href":"https:\/\/www.europesays.com\/lv\/wp-json\/wp\/v2\/posts"}],"about":[{"href":"https:\/\/www.europesays.com\/lv\/wp-json\/wp\/v2\/types\/post"}],"author":[{"embeddable":true,"href":"https:\/\/www.europesays.com\/lv\/wp-json\/wp\/v2\/users\/2"}],"replies":[{"embeddable":true,"href":"https:\/\/www.europesays.com\/lv\/wp-json\/wp\/v2\/comments?post=91576"}],"version-history":[{"count":0,"href":"https:\/\/www.europesays.com\/lv\/wp-json\/wp\/v2\/posts\/91576\/revisions"}],"wp:featuredmedia":[{"embeddable":true,"href":"https:\/\/www.europesays.com\/lv\/wp-json\/wp\/v2\/media\/91577"}],"wp:attachment":[{"href":"https:\/\/www.europesays.com\/lv\/wp-json\/wp\/v2\/media?parent=91576"}],"wp:term":[{"taxonomy":"category","embeddable":true,"href":"https:\/\/www.europesays.com\/lv\/wp-json\/wp\/v2\/categories?post=91576"},{"taxonomy":"post_tag","embeddable":true,"href":"https:\/\/www.europesays.com\/lv\/wp-json\/wp\/v2\/tags?post=91576"}],"curies":[{"name":"wp","href":"https:\/\/api.w.org\/{rel}","templated":true}]}}