{"id":91580,"date":"2026-01-01T10:12:06","date_gmt":"2026-01-01T10:12:06","guid":{"rendered":"https:\/\/www.europesays.com\/lv\/91580\/"},"modified":"2026-01-01T10:12:06","modified_gmt":"2026-01-01T10:12:06","slug":"5km-distance-kritienu-piedzivojusi-eiduka-uzskata-ka-jauna-formata-masu-starts-ir-veiksmes-spele-ziemas-sports-sportacentrs-com","status":"publish","type":"post","link":"https:\/\/www.europesays.com\/lv\/91580\/","title":{"rendered":"5km distanc\u0113 kritienu piedz\u012bvojus\u012b Eiduka uzskata, ka jaun\u0101 form\u0101ta masu starts ir veiksmes sp\u0113le \u2013 Ziemas sports \u2013 Sportacentrs.com"},"content":{"rendered":"<p>Iepriek\u0161 zi\u0146oj\u0101m, ka \u201cTour de ski\u201d <a href=\"https:\/\/sportacentrs.com\/ziemas_sports\/sleposana\/31122025-eiduka_jaunaja_formata_5km_ar_masu_startu\" target=\"_self\" rel=\"nofollow noopener\">tre\u0161aj\u0101 posm\u0101 jaunieviest\u0101 form\u0101ta distanc\u0113, kur dal\u012bbnieces 5km distanc\u0113 br\u012bvaj\u0101 stil\u0101 <\/a>bija sadal\u012btas \u010detr\u0101s grup\u0101s un distanc\u0113 dev\u0101s ar kop\u0113ju startu pa attiec\u012bgi sadal\u012bt\u0101m grup\u0101m, Patr\u012bcija Eiduka sav\u0101 grup\u0101, neskatoties uz kritienu aizc\u012bn\u012bj\u0101s l\u012bdz 7.vietai un apsteidza desmit individu\u0101l\u0101s meda\u013cas pasaules \u010dempion\u0101tos izc\u012bn\u012bju\u0161o zviedrieti Fr\u012bdu Karlsoni. Patr\u012bcija start\u0113ja pirmaj\u0101 braucien\u0101 un tas nebija tik \u0101trs, l\u012bdz ar to beig\u0101s n\u0101c\u0101s samierin\u0101ties ar dal\u012btu 36.vietu.<\/p>\n<p>\u0160\u012b gada \u201cTour de ski\u201d sprint\u0101 16.vietu izc\u012bn\u012bjus\u012b Eiduka nav saj\u016bsm\u0101 par jauno form\u0101tu un nor\u0101da, ka vi\u0146ai nav paveicies, jo tikusi l\u0113n\u0101kaj\u0101 braucien\u0101. \u201cTre\u0161dien bija diezgan liela veiksmes sp\u0113le, kur\u0101 braucien\u0101 iekr\u012bti. Man diezgan nepaveic\u0101s, jo biju visl\u0113n\u0101kaj\u0101 braucien\u0101, turkl\u0101t v\u0113l paklupu. T\u0101p\u0113c san\u0101ca p\u0113c tam c\u012bn\u012bties no p\u0113d\u0113j\u0101m poz\u012bcij\u0101m atpaka\u013c uz priek\u0161u grupai.\u201d<\/p>\n<p>\u0160odien ir paredz\u0113ts ceturts posms ar 20km iedz\u012b\u0161anu klasiskaj\u0101 stil\u0101. S\u0101kums 13.30 p\u0113c Latvijas laika. Patr\u012bcija start\u0113s k\u0101 tr\u012bsdesmit sest\u0101 &#8211; divas min\u016btes un 50 sekundes aiz l\u012bderes D\u017eesijas Diginsas. No tr\u012bsdesmitnieka m\u016bsu sl\u0113pot\u0101ju \u0161\u0137ir 15 sekundes.<\/p>\n","protected":false},"excerpt":{"rendered":"Iepriek\u0161 zi\u0146oj\u0101m, ka \u201cTour de ski\u201d tre\u0161aj\u0101 posm\u0101 jaunieviest\u0101 form\u0101ta distanc\u0113, kur dal\u012bbnieces 5km distanc\u0113 br\u012bvaj\u0101 stil\u0101 bija&hellip;\n","protected":false},"author":2,"featured_media":91581,"comment_status":"","ping_status":"","sticky":false,"template":"","format":"standard","meta":{"footnotes":""},"categories":[17],"tags":[35,39,38,36,37,34,40,67,620],"class_list":{"0":"post-91580","1":"post","2":"type-post","3":"status-publish","4":"format-standard","5":"has-post-thumbnail","7":"category-sports","8":"tag-latvia","9":"tag-latvian","10":"tag-latviesu","11":"tag-latviesu-valoda","12":"tag-latviesuvaloda","13":"tag-latvija","14":"tag-lv","15":"tag-sports","16":"tag-ziemas-sports"},"share_on_mastodon":{"url":"https:\/\/pubeurope.com\/@lv\/115819311468363364","error":""},"_links":{"self":[{"href":"https:\/\/www.europesays.com\/lv\/wp-json\/wp\/v2\/posts\/91580","targetHints":{"allow":["GET"]}}],"collection":[{"href":"https:\/\/www.europesays.com\/lv\/wp-json\/wp\/v2\/posts"}],"about":[{"href":"https:\/\/www.europesays.com\/lv\/wp-json\/wp\/v2\/types\/post"}],"author":[{"embeddable":true,"href":"https:\/\/www.europesays.com\/lv\/wp-json\/wp\/v2\/users\/2"}],"replies":[{"embeddable":true,"href":"https:\/\/www.europesays.com\/lv\/wp-json\/wp\/v2\/comments?post=91580"}],"version-history":[{"count":0,"href":"https:\/\/www.europesays.com\/lv\/wp-json\/wp\/v2\/posts\/91580\/revisions"}],"wp:featuredmedia":[{"embeddable":true,"href":"https:\/\/www.europesays.com\/lv\/wp-json\/wp\/v2\/media\/91581"}],"wp:attachment":[{"href":"https:\/\/www.europesays.com\/lv\/wp-json\/wp\/v2\/media?parent=91580"}],"wp:term":[{"taxonomy":"category","embeddable":true,"href":"https:\/\/www.europesays.com\/lv\/wp-json\/wp\/v2\/categories?post=91580"},{"taxonomy":"post_tag","embeddable":true,"href":"https:\/\/www.europesays.com\/lv\/wp-json\/wp\/v2\/tags?post=91580"}],"curies":[{"name":"wp","href":"https:\/\/api.w.org\/{rel}","templated":true}]}}