{"id":91582,"date":"2026-01-01T10:15:11","date_gmt":"2026-01-01T10:15:11","guid":{"rendered":"https:\/\/www.europesays.com\/lv\/91582\/"},"modified":"2026-01-01T10:15:11","modified_gmt":"2026-01-01T10:15:11","slug":"latvija-kotlete-skola-ir-grezniba-saeima-kartejo-reizi-iesplauj-seja-musu-berniem-un-liek-parmaksat","status":"publish","type":"post","link":"https:\/\/www.europesays.com\/lv\/91582\/","title":{"rendered":"Latvij\u0101 kotlete skol\u0101 ir grezn\u012bba: Saeima k\u0101rt\u0113jo reizi iesp\u013cauj sej\u0101 m\u016bsu b\u0113rniem un liek p\u0101rmaks\u0101t"},"content":{"rendered":"<p>    <img decoding=\"async\" src=\"https:\/\/lastatic.ams3.cdn.digitaloceanspaces.com\/2025\/12\/KOLAZA-1-1024x706.jpg\" alt=\"&#10;\"\/><\/p>\n<p>10:50, 31. decembris 2025<\/p>\n<p>Laik\u0101, kad viss k\u013c\u016bst d\u0101rg\u0101ks, prim\u0101rajam \u2013 \u0113dienam, vajadz\u0113tu tom\u0113r b\u016bt pieejamam visiem. \u012apa\u0161i, ja runa par slimn\u012bc\u0101m, skol\u0101m un cit\u0101m publisk\u0101m viet\u0101m, t\u0101p\u0113c J\u0101nis Jenzis kop\u0101 Latvijas restor\u0101nu biedr\u012bbu jau ilglaic\u012bgi c\u012bn\u0101s par to, ka \u0113din\u0101\u0161anas pakalpojumiem \u0161obr\u012bd eso\u0161\u0101 21% PVN likme tiktu samazin\u0101ta uz 12%. \u0160\u0101da prakse past\u0101v vairums Eiropas Savien\u012bbas valstu, diem\u017e\u0113l, Latvija atkal atpaliek un saviem slimniekiem un b\u0113rniem liek p\u0101rmaks\u0101t. <\/p>\n<p>        Las\u012bt\u0101kie<br \/>\n        <a data-imagesrc=\"{&quot;300&quot;:&quot;https:\\\/\\\/lastatic.ams3.cdn.digitaloceanspaces.com\\\/2026\\\/01\\\/shutterstock_2685252749-300x172.jpg&quot;,&quot;1024&quot;:&quot;https:\\\/\\\/lastatic.ams3.cdn.digitaloceanspaces.com\\\/2026\\\/01\\\/shutterstock_2685252749-1024x589.jpg&quot;,&quot;1536&quot;:&quot;https:\\\/\\\/lastatic.ams3.cdn.digitaloceanspaces.com\\\/2026\\\/01\\\/shutterstock_2685252749-1536x883.jpg&quot;,&quot;500&quot;:&quot;https:\\\/\\\/lastatic.ams3.cdn.digitaloceanspaces.com\\\/2026\\\/01\\\/shutterstock_2685252749-500x287.jpg&quot;,&quot;800&quot;:&quot;https:\\\/\\\/lastatic.ams3.cdn.digitaloceanspaces.com\\\/2026\\\/01\\\/shutterstock_2685252749-800x460.jpg&quot;,&quot;2560&quot;:&quot;https:\\\/\\\/lastatic.ams3.cdn.digitaloceanspaces.com\\\/2026\\\/01\\\/shutterstock_2685252749-scaled.jpg&quot;}\" data-focuspoint=\"&quot;&quot;\" data-p=\"2485210\" href=\"https:\/\/www.la.lv\/lielais-2026-gada-horoskops-visam-zodiaka-zimem-kas-gaidams-attiecibas-finansu-joma-un-kada-bus-veseliba\" class=\"content-item lazy-load\" wp_automatic_readability=\"27\" rel=\"nofollow noopener\" target=\"_blank\"><\/p>\n<p>                                <img decoding=\"async\" src=\"\" alt=\"\" style=\"\" data-imageid=\"\"\/><\/p>\n<p>                                Kokteilis<\/p>\n<p>\n                                                Lielais 2026. gada horoskops vis\u0101m zodiaka z\u012bm\u0113m \u2013 kas gaid\u0101ms attiec\u012bb\u0101s, finan\u0161u jom\u0101 un k\u0101da b\u016bs vesel\u012bba?\n                            <\/p>\n<p><\/a><a data-imagesrc=\"{&quot;300&quot;:&quot;https:\\\/\\\/lastatic.ams3.cdn.digitaloceanspaces.com\\\/2022\\\/06\\\/kallasa_Hollie_Adams_AFP_Scanpix_6-300x200.jpg&quot;,&quot;768&quot;:&quot;https:\\\/\\\/lastatic.ams3.cdn.digitaloceanspaces.com\\\/2022\\\/06\\\/kallasa_Hollie_Adams_AFP_Scanpix_6-768x512.jpg&quot;,&quot;200&quot;:&quot;https:\\\/\\\/lastatic.ams3.cdn.digitaloceanspaces.com\\\/2022\\\/06\\\/kallasa_Hollie_Adams_AFP_Scanpix_6-200x133.jpg&quot;,&quot;400&quot;:&quot;https:\\\/\\\/lastatic.ams3.cdn.digitaloceanspaces.com\\\/2022\\\/06\\\/kallasa_Hollie_Adams_AFP_Scanpix_6-400x267.jpg&quot;,&quot;500&quot;:&quot;https:\\\/\\\/lastatic.ams3.cdn.digitaloceanspaces.com\\\/2022\\\/06\\\/kallasa_Hollie_Adams_AFP_Scanpix_6-500x334.jpg&quot;,&quot;800&quot;:&quot;https:\\\/\\\/lastatic.ams3.cdn.digitaloceanspaces.com\\\/2022\\\/06\\\/kallasa_Hollie_Adams_AFP_Scanpix_6-800x534.jpg&quot;,&quot;1000&quot;:&quot;https:\\\/\\\/lastatic.ams3.cdn.digitaloceanspaces.com\\\/2022\\\/06\\\/kallasa_Hollie_Adams_AFP_Scanpix_6.jpg&quot;}\" data-focuspoint=\"&quot;&quot;\" data-p=\"2487129\" href=\"https:\/\/www.la.lv\/uzbrukums-putina-rezidencei-vecgada-vakara-kallasa-komente-savu-versiju-par-notikuso\" class=\"content-item lazy-load\" wp_automatic_readability=\"26\" rel=\"nofollow noopener\" target=\"_blank\"><\/p>\n<p>                                <img decoding=\"async\" src=\"\" alt=\"\" style=\"\" data-imageid=\"\"\/><\/p>\n<p>\n                                                Uzbrukums Putina rezidencei: Kallasa Vecgada vakar\u0101 koment\u0113 savu versiju par notiku\u0161o<\/p>\n<p><\/a><a data-imagesrc=\"{&quot;300&quot;:&quot;https:\\\/\\\/lastatic.ams3.cdn.digitaloceanspaces.com\\\/2024\\\/10\\\/2016-11-09t120000z_329873471_d1beulvkydaa_rtrmadp_3_russia-politics-1-300x223.jpg&quot;,&quot;768&quot;:&quot;https:\\\/\\\/lastatic.ams3.cdn.digitaloceanspaces.com\\\/2024\\\/10\\\/2016-11-09t120000z_329873471_d1beulvkydaa_rtrmadp_3_russia-politics-1-768x571.jpg&quot;,&quot;200&quot;:&quot;https:\\\/\\\/lastatic.ams3.cdn.digitaloceanspaces.com\\\/2024\\\/10\\\/2016-11-09t120000z_329873471_d1beulvkydaa_rtrmadp_3_russia-politics-1-200x149.jpg&quot;,&quot;400&quot;:&quot;https:\\\/\\\/lastatic.ams3.cdn.digitaloceanspaces.com\\\/2024\\\/10\\\/2016-11-09t120000z_329873471_d1beulvkydaa_rtrmadp_3_russia-politics-1-400x298.jpg&quot;,&quot;500&quot;:&quot;https:\\\/\\\/lastatic.ams3.cdn.digitaloceanspaces.com\\\/2024\\\/10\\\/2016-11-09t120000z_329873471_d1beulvkydaa_rtrmadp_3_russia-politics-1-500x372.jpg&quot;,&quot;800&quot;:&quot;https:\\\/\\\/lastatic.ams3.cdn.digitaloceanspaces.com\\\/2024\\\/10\\\/2016-11-09t120000z_329873471_d1beulvkydaa_rtrmadp_3_russia-politics-1-800x595.jpg&quot;,&quot;1000&quot;:&quot;https:\\\/\\\/lastatic.ams3.cdn.digitaloceanspaces.com\\\/2024\\\/10\\\/2016-11-09t120000z_329873471_d1beulvkydaa_rtrmadp_3_russia-politics-1.jpg&quot;}\" data-focuspoint=\"{&quot;x&quot;:&quot;36.06487714219448&quot;,&quot;y&quot;:&quot;30.288710782373172&quot;}\" data-p=\"2487127\" href=\"https:\/\/www.la.lv\/putins-sava-jaungada-uzruna-izsaka-negaiditu-frazi\" class=\"content-item lazy-load\" wp_automatic_readability=\"26\" rel=\"nofollow noopener\" target=\"_blank\"><\/p>\n<p>                                <img decoding=\"async\" src=\"\" alt=\"\" style=\"object-position: 36.06487714219448% 30.288710782373172%\" data-imageid=\"\"\/><\/p>\n<p>\n                                                Putins sav\u0101 Jaungada uzrun\u0101 izsaka negaid\u012btu fr\u0101zi\n                            <\/p>\n<p><\/a><br \/>\n        <a class=\"read-more\" href=\"https:\/\/www.la.lv\/top\" rel=\"nofollow noopener\" target=\"_blank\">Las\u012bt citas zi\u0146as<\/a><\/p>\n<p>PVN ir nodoklis, ko valsts pieliek katram dar\u012bjumam. Jebkur\u0161 dar\u012bjums un pirkums, tai skait\u0101 kartupe\u013cu biezenis ar kotleti skolas \u0113dn\u012bc\u0101, tiek apliks ar nodokli. Taj\u0101 br\u012bd\u012b \u0161\u012b cena palielin\u0101s par nodokli, ko valsts pieliek. <\/p>\n<p>Ne velti ar\u012b pat\u0113r\u0113t\u0101ja un pirc\u0113ja interes\u0113s liel\u0101k\u0101 da\u013ca Eiropas Savien\u012bbas valstu ir samazin\u0101ju\u0161as \u0161o nodokli \u0113din\u0101\u0161anas pakalpojumiem, lai pirc\u0113jam b\u016btu izdev\u012bg\u0101k. \u012apa\u0161i dom\u0101jot par skolu, slimn\u012bcu \u0113dn\u012bc\u0101m, lai \u0161\u012bs malt\u012btes ir cilv\u0113kiem viegl\u0101k pieejamas. <\/p>\n<p>    CITI \u0160OBR\u012aD LASA<\/p>\n<blockquote><p>\u201cV\u0101cija  ar 1. janv\u0101ri ievie\u0161 7% PVN \u0113din\u0101\u0161anas pakalpojumiem, m\u0113s Latvij\u0101 k\u0101du laiku diskut\u0113jam, ka b\u016btu j\u0101ievie\u0161 12%, kas t\u0101pat ir augst\u0101ks nek\u0101 citviet.<\/p><\/blockquote>\n<p>\u201cTas, protams, b\u016btu zem\u0101ks nek\u0101 \u0161obr\u012bd eso\u0161ais 21%. J\u0101\u0146em v\u0113r\u0101, ka pie mums \u0113din\u0101\u0161anas nozar\u0113 smalkie restor\u0101ni ir tikai 10% no \u0113din\u0101\u0161anas industrijas. Liel\u0101k\u0101 da\u013ca ir \u013coti vienk\u0101r\u0161i \u0123imenes uz\u0146\u0113mumi, l\u012bdz ar to tas nodok\u013cu slogs uz vi\u0146iem ir \u013coti liels,\u201d LA.LV st\u0101sta Jenzis.  <\/p>\n<p>Liel\u0101kaj\u0101 da\u013c\u0101 Eiropas Savien\u012bbas valstu samazin\u0101tais PVN jau ir gadiem ieviests. Da\u017e\u0101s valst\u012bs, piem\u0113ram, Lietuv\u0101 uz kovida laiku bija samazin\u0101ts PVN, bet V\u0101cija, samazinot PVN uz 7% to ir pie\u0146\u0113musi k\u0101 beztermi\u0146a l\u0113mums. <\/p>\n<p>\u201cKad m\u0113s dev\u0101mies pie Saeimas, m\u0113s ierosin\u0101j\u0101m, ka tas var\u0113tu b\u016bt 3 gadu izm\u0113\u0123in\u0101juma periods un tad ar\u012b izv\u0113rt\u0113t makroekonomiskos efektus, jo m\u0113s prognoz\u0113jam, ka ilgtermi\u0146\u0101 nozares apgroz\u012bjums palielin\u0101sies, t\u0101d\u0113\u013c ar\u012b pl\u0101notie zaud\u0113jumi b\u016bs paties\u012bb\u0101 maz\u0101ki. To pier\u0101da ar\u012b Lietuvas piem\u0113rs, taj\u0101 br\u012bd\u012b, kad vi\u0146i samazin\u0101ja PVN, tad apgroz\u012bjums pieauga par 50%,\u201d Jenzis paskaidro. <\/p>\n<p>\u0160\u0101ds l\u0113mums pal\u012bdz\u0113tu prim\u0101ri viet\u0113jiem iedz\u012bvot\u0101jiem, bet nevar aizmist ar\u012b par t\u016brisma priek\u0161roc\u012bb\u0101m. \u201cKad ce\u013cot\u0101ji izv\u0113las Latviju, vi\u0146i atceras ne tikai m\u016bsu dabas skaistumu vai arhitekt\u016bru \u2014 vi\u0146i atceras gar\u0161as, viesm\u012bl\u012bbu un cilv\u0113ku siltumu. Samazin\u0101ts PVN \u0113din\u0101\u0161anai \u013cautu rad\u012bt v\u0113l lab\u0101ku pieredzi viesiem: kvalitat\u012bv\u0101kus produktus, r\u016bp\u012bg\u0101ku apkalpo\u0161anu un iesp\u0113ju \u0113din\u0101t\u0101jiem b\u016bt pieejam\u0101kiem gan viet\u0113jiem, gan t\u016bristiem.<\/p>\n<p>No ekonomikas viedok\u013ca tas noz\u012bm\u0113 konkur\u0113tsp\u0113j\u012bg\u0101ku vidi Baltijas un Eiropas m\u0113rog\u0101. \u0112din\u0101\u0161ana ir neat\u0146emama t\u016brisma \u0137\u0113des sast\u0101vda\u013ca \u2014 ja t\u0101 ir sp\u0113c\u012bga, tad ieguv\u0113ji ir ar\u012b viesn\u012bcas, pieg\u0101d\u0101t\u0101ji un re\u0123ioni. Samazin\u0101tais PVN nav tikai nodok\u013cu jaut\u0101jums \u2014 t\u0101 ir invest\u012bcija Latvijas t\u0113l\u0101, kvalit\u0101t\u0113 un cilv\u0113kos, kas veido m\u016bsu viesm\u012bl\u012bbas st\u0101stu,\u201d LA.LV nor\u0101da Andris Kalni\u0146\u0161. <\/p>\n<p>\u0160\u012b PVN samazin\u0101\u0161anu Saeimas sola jau 9 gadus, bet nekas nav main\u012bjies. Ar\u012b \u0161ogad PVN likme  \u0113din\u0101\u0161anas pakalpojumiem netiks samazin\u0101ta. <\/p>\n<p>Jau zi\u0146ots, ka \u0113din\u0101\u0161anas nozar\u0113 cenu l\u012bmenis Latvij\u0101 ir sasniedzis l\u012bdz \u0161im augst\u0101ko punktu, a\u0123ent\u016brai LETA sac\u012bja Latvijas Restor\u0101nu biedr\u012bbas vad\u012bt\u0101js J\u0101nis Jenzis.<\/p>\n<p>Vi\u0146\u0161 nor\u0101d\u012bja, ka 2025. gads Latvij\u0101 \u0113din\u0101\u0161anas nozar\u0113 b\u016bs ar rekordlielu apgroz\u012bjumu, kas s\u0101kotn\u0113ji var\u0113tu likties labs r\u0101d\u012bt\u0101js nozares izaugsm\u0113, ta\u010du to \u201caiz\u0113no\u201d rekordliels izmaksu k\u0101pums.<\/p>\n<p>Jenzis papildin\u0101ja, ka infl\u0101cija turpina augt, kas ietekm\u0113 cenu k\u0101pumu nozar\u0113, un patlaban Latvijas \u0113din\u0101\u0161anas nozar\u0113 cenu l\u012bmenis ir sasniedzis l\u012bdz \u0161im augst\u0101ko punktu, pie kura ir j\u0101b\u016bt uzman\u012bgiem, lai Latvija nezaud\u0113tu konkur\u0113tsp\u0113ju re\u0123ion\u0101 un Eirop\u0101 kopum\u0101.<\/p>\n<p>Gan Kalni\u0146\u0161, gan Jenzis \u0161o t\u0113mu ir aktualiz\u0113ju\u0161i savulaik ar\u012b TV24 \u0113ter\u0101. <\/p>\n<p>                                \u0160is raksts ir port\u0101la LA.LV \u012bpa\u0161ums. Jebk\u0101da veida satura p\u0101rpublic\u0113\u0161ana, kop\u0113\u0161ana, izplat\u012b\u0161ana vai cit\u0101da veida izmanto\u0161ana bez iepriek\u0161\u0113jas rakstiskas at\u013caujas no LA.LV redakcijas ir aizliegta. Lai sa\u0146emtu at\u013cauju p\u0101rpublic\u0113t \u0161o rakstu, l\u016bdzu, sazinieties ar  redakciju, rakstot uz <a href=\"https:\/\/www.la.lv\/cdn-cgi\/l\/email-protection\" class=\"__cf_email__\" data-cfemail=\"99eaeff8ebf0fef0d9f5f8b7f5ef\" rel=\"nofollow noopener\" target=\"_blank\">[email\u00a0protected]<\/a><\/p>\n<p>T\u0113mas<\/p>\n<p>    SAIST\u012aTIE RAKSTI<\/p>\n","protected":false},"excerpt":{"rendered":"10:50, 31. decembris 2025 Laik\u0101, kad viss k\u013c\u016bst d\u0101rg\u0101ks, prim\u0101rajam \u2013 \u0113dienam, vajadz\u0113tu tom\u0113r b\u016bt pieejamam visiem. \u012apa\u0161i,&hellip;\n","protected":false},"author":2,"featured_media":91583,"comment_status":"","ping_status":"","sticky":false,"template":"","format":"standard","meta":{"footnotes":""},"categories":[12],"tags":[23,28,29,32,33,22,30,31,35,39,38,36,37,34,40,20,26,27,24,25,21],"class_list":{"0":"post-91582","1":"post","2":"type-post","3":"status-publish","4":"format-standard","5":"has-post-thumbnail","7":"category-latvija","8":"tag-aktualitates","9":"tag-breaking-news","10":"tag-breakingnews","11":"tag-featured-news","12":"tag-featurednews","13":"tag-headlines","14":"tag-latest-news","15":"tag-latestnews","16":"tag-latvia","17":"tag-latvian","18":"tag-latviesu","19":"tag-latviesu-valoda","20":"tag-latviesuvaloda","21":"tag-latvija","22":"tag-lv","23":"tag-news","24":"tag-popularakas-zinas","25":"tag-popularakaszinas","26":"tag-top-stories","27":"tag-topstories","28":"tag-zinas"},"share_on_mastodon":{"url":"https:\/\/pubeurope.com\/@lv\/115819323361031217","error":""},"_links":{"self":[{"href":"https:\/\/www.europesays.com\/lv\/wp-json\/wp\/v2\/posts\/91582","targetHints":{"allow":["GET"]}}],"collection":[{"href":"https:\/\/www.europesays.com\/lv\/wp-json\/wp\/v2\/posts"}],"about":[{"href":"https:\/\/www.europesays.com\/lv\/wp-json\/wp\/v2\/types\/post"}],"author":[{"embeddable":true,"href":"https:\/\/www.europesays.com\/lv\/wp-json\/wp\/v2\/users\/2"}],"replies":[{"embeddable":true,"href":"https:\/\/www.europesays.com\/lv\/wp-json\/wp\/v2\/comments?post=91582"}],"version-history":[{"count":0,"href":"https:\/\/www.europesays.com\/lv\/wp-json\/wp\/v2\/posts\/91582\/revisions"}],"wp:featuredmedia":[{"embeddable":true,"href":"https:\/\/www.europesays.com\/lv\/wp-json\/wp\/v2\/media\/91583"}],"wp:attachment":[{"href":"https:\/\/www.europesays.com\/lv\/wp-json\/wp\/v2\/media?parent=91582"}],"wp:term":[{"taxonomy":"category","embeddable":true,"href":"https:\/\/www.europesays.com\/lv\/wp-json\/wp\/v2\/categories?post=91582"},{"taxonomy":"post_tag","embeddable":true,"href":"https:\/\/www.europesays.com\/lv\/wp-json\/wp\/v2\/tags?post=91582"}],"curies":[{"name":"wp","href":"https:\/\/api.w.org\/{rel}","templated":true}]}}