{"id":91584,"date":"2026-01-01T10:16:07","date_gmt":"2026-01-01T10:16:07","guid":{"rendered":"https:\/\/www.europesays.com\/lv\/91584\/"},"modified":"2026-01-01T10:16:07","modified_gmt":"2026-01-01T10:16:07","slug":"gadumijas-diennakts-ugunsdzesejiem-un-kartibsargiem-pagajusi-bez-nopietniem-atgadijumiem-raksts","status":"publish","type":"post","link":"https:\/\/www.europesays.com\/lv\/91584\/","title":{"rendered":"Gadumijas diennakts ugunsdz\u0113s\u0113jiem un k\u0101rt\u012bbsargiem pag\u0101jusi bez nopietniem atgad\u012bjumiem \/ Raksts"},"content":{"rendered":"<p>Gadumijas diennakts ugunsdz\u0113s\u0113jiem pag\u0101jusi bez nopietniem atgad\u012bjumiem un boj\u0101g\u0101ju\u0161ajiem. Par to \u0161or\u012bt Latvijas Radio past\u0101st\u012bja Valsts ugunsdz\u0113s\u012bbas un gl\u0101b\u0161anas dienesta p\u0101rst\u0101ve, Prevencijas p\u0101rvaldes vec\u0101k\u0101 inspektore Sandra V\u0113ji\u0146a. Vi\u0146a teica, ka izsaukumu skaits bijis apm\u0113ram t\u0101ds pats k\u0101 citus gadus, dega nelielas plat\u012bbas. Ierastie iemesli \u2013 aizdegu\u0161\u0101s gan egles, gan vainagi, gan atkritumu urnas ar ugu\u0146o\u0161anas atliek\u0101m. Bija gad\u012bjumi, kad j\u0101evaku\u0113 cilv\u0113ki.<\/p>\n<p>Pag\u0101ju\u0161aj\u0101 diennakt\u012b VUGD kopum\u0101 sa\u0146\u0113ma 82 izsaukumus \u2013\u00a046 uz ugunsgr\u0113ku dz\u0113\u0161anu, 24 uz gl\u0101b\u0161anas darbiem, bet 13 izsaukumi bija maldin\u0101jumi.<\/p>\n<p>&#8220;Lab\u0101 zi\u0146a ir, ka aizvad\u012btaj\u0101 diennakt\u012b ugunsgr\u0113kos cilv\u0113ki nav g\u0101ju\u0161i boj\u0101 un nav ar\u012b ugunsgr\u0113kos cietu\u0161i,&#8221; sac\u012bja V\u0113ji\u0146a. &#8220;Kas interesanti, ka mums ir re\u0123istr\u0113ti vair\u0101ki ugunsgr\u0113ki, saist\u012bb\u0101 ar kuriem no m\u0101jok\u013ciem kopum\u0101 evaku\u0113ti 50 cilv\u0113ki. T\u0101 nav t\u0101da ierasta lieta.&#8221;<\/p>\n<p>Kopum\u0101 gan cilv\u0113ki esot bju\u0161i apzin\u012bgi, vair\u0101k piedom\u0101 pie dro\u0161\u012bbas jaut\u0101jumiem, nov\u0113rojis VUGD.<\/p>\n<p>&#8220;Cilv\u0113ki ar\u012b zina \u0161o pareizo r\u012bc\u012bbu un dodas lauk\u0101 uz dro\u0161u vietu un izsauc operat\u012bvos dienestus,&#8221; piebilst V\u0113ji\u0146a.<\/p>\n<blockquote>\n<p>VUGD aizvad\u012btaj\u0101 diennakt\u012b sa\u0146\u0113mis vair\u0101k nek\u0101 20 izsaukumus, kur aizdegu\u0161\u0101s atkritumu urnas un pirotehnikas kastes. Un visticam\u0101k tas t\u0101 noticis, jo pirotehnikas vien\u012bbas p\u0101r\u0101k \u0101tri izmestas p\u0113c to lieto\u0161anas.<\/p>\n<\/blockquote>\n<p>&#8220;Cilv\u0113ki dodas t\u0101l\u0101k sav\u0101s gait\u0101s, bet p\u0113c k\u0101da br\u012b\u017ea tom\u0113r \u0161\u012bs te pirotehnikas vien\u012bbas m\u0113dz uzliesmot, jo atkritumu kast\u0113s mums ir degtsp\u0113j\u012bgi materi\u0101li un tur jau maza dzirkstel\u012bte p\u0113c laika var sekm\u0113t ugunsgr\u0113ku,&#8221; turpina VUGD p\u0101rst\u0101ve. &#8220;Pag\u0101ju\u0161aj\u0101 diennakt\u012b mums bija vair\u0101ki izsaukumi, kur degu\u0161as egles un Adventes vainagi, kuros iedegtas svec\u012btes un visdr\u012bz\u0101k, t\u0101s atst\u0101tas bez uzraudz\u012bbas. Lab\u0101 zi\u0146a ir, ka cilv\u0113ki nav cietu\u0161i un viss beidzies ar izb\u012bli.&#8221;<\/p>\n<p>Bijis ar\u012b izsaukums, kur petarde degusi zem automa\u0161\u012bnas, k\u0101 ar\u012b bijis gad\u012bjums, kur nokl\u012bdusi petarde ielidoja daudzdz\u012bvok\u013cu m\u0101jas balkon\u0101, aizdedzinot tur eso\u0161\u0101s sadz\u012bves mantas.<\/p>\n<p>&#8220;Bet visi \u0161ie ugunsgr\u0113ki bija sal\u012bdzino\u0161i neliel\u0101s plat\u012bb\u0101s un bez cietu\u0161ajiem vai boj\u0101g\u0101ju\u0161ajiem,&#8221; atz\u012bm\u0113 V\u0113ji\u0146a.\u00a0<\/p>\n<p>Darb\u012bga aizvad\u012bt\u0101 nakts bijusi ar\u012b Valsts policij\u0101, sarun\u0101 ar Latvijas Radio pau\u017e t\u0101s sabiedrisko attiec\u012bbu noda\u013cas p\u0101rst\u0101ve J\u016blija Jur\u0101ne:<\/p>\n<p>&#8220;Ar\u012b aizvad\u012btaj\u0101 diennakt\u012b bija autovad\u012bt\u0101ji, kuri bija s\u0113du\u0161ies pie transportl\u012bdzek\u013cu st\u016bres, b\u016bdami alkohola reibum\u0101, un \u0161\u0101di p\u0101rk\u0101pumi aizvad\u012btaj\u0101 diennakt\u012b ir fiks\u0113ti vis\u0101 Latvijas teritorij\u0101. Valsts policij\u0101 par brauk\u0161anu reibum\u0101 ir uzs\u0101kti divi administrat\u012bv\u0101 p\u0101rk\u0101puma procesi un septi\u0146i krimin\u0101lprocesi.&#8221;<\/p>\n<p>Vidzemes re\u0123iona p\u0101rvald\u0113 par brauk\u0161anu reibum\u0101 ir uzs\u0101kti divi administrat\u012bv\u0101 p\u0101rk\u0101puma procesi un ar\u012b divi krimin\u0101lprocesi. Divi krimin\u0101lprocesi par brauk\u0161anu reibum\u0101 ir uzs\u0101kti ar\u012b Zemgales re\u0123iona p\u0101rvald\u0113. Latgales re\u0123iona p\u0101rvald\u0113 ar\u012b uzs\u0101kti divi krimin\u0101lprocesi. R\u012bgas re\u0123iona p\u0101rvald\u0113 ir uzs\u0101kts viens krimin\u0101lprocess, un Kurzemes re\u0123iona p\u0101rvald\u0113 ar\u012b par brauk\u0161anu reibum\u0101 ir uzs\u0101kts viens krimin\u0101lprocess.<\/p>\n<p>Jur\u0101ne ar\u012b piebilda, ka aizvad\u012btaj\u0101 diennakt\u012b par transportl\u012bdzek\u013ca vad\u012b\u0161anu iesp\u0113jam\u0101 narkotisko vielu iespaid\u0101 uzs\u0101kts viens krimin\u0101lprocess.<\/p>\n<p>&#8220;Ir biju\u0161i septi\u0146i gad\u012bjumi, kad autovad\u012bt\u0101ji ir s\u0113du\u0161ies pie st\u016bres alkohola reibum\u0101 un par to vi\u0146iem ir uzs\u0101kts krimin\u0101lprocess. Un tad divos gad\u012bjumos ir \u0161ie administrat\u012bvie p\u0101rk\u0101pumi,&#8221; nor\u0101da Jur\u0101ne.<\/p>\n<blockquote>\n<p>Valsts policijas p\u0101rst\u0101ve ar\u012b atg\u0101dina, ka l\u012bdz 5. janv\u0101rim Valsts policija veiks ce\u013cu satiksmes uzraudz\u012bbu pastiprin\u0101ti.<\/p>\n<\/blockquote>\n<p>Aizvad\u012btaj\u0101 diennakt\u012b ce\u013cu satiksmes jom\u0101 ar\u012b pie\u0146emti 357 administrat\u012bvo p\u0101rk\u0101pumu l\u0113mumi, tai skait\u0101 ar\u012b 85 par \u0101truma p\u0101rsnieg\u0161anu un 23 par agres\u012bvu brauk\u0161anu. Visvair\u0101k administrat\u012bvie p\u0101rk\u0101pumi ce\u013cu satiksmes jom\u0101 aizvad\u012btaj\u0101 diennakt\u012b re\u0123istr\u0113ti tie\u0161i Kurzemes re\u0123iona p\u0101rvald\u0113 \u2013 kop\u0101 96.<\/p>\n<p>&#8220;Savuk\u0101rt R\u012bgas re\u0123iona p\u0101rvald\u0113 tie bija vismaz\u0101k. Ja konkr\u0113ti, tad tie ir biju\u0161i 48 p\u0101rk\u0101pumi. Bet ir ar\u012b j\u0101min, ka aizvad\u012bt\u0101 diennakts nav pag\u0101jusi bez ce\u013cu satiksmes negad\u012bjumiem un tie vis\u0101 valst\u012b ir re\u0123istr\u0113ti 103. Tajos ir cietu\u0161as 10 personas, un visvair\u0101k \u0161\u0101di gad\u012bjumi re\u0123istr\u0113ti R\u012bgas re\u0123iona p\u0101rvald\u0113,&#8221; turpina Valsts policijas p\u0101rst\u0101ve.<\/p>\n<p>                    Valodas k\u013c\u016bda rakst\u0101?<\/p>\n<p class=\"d-none d-md-block\">Iez\u012bm\u0113jiet tekstu un spiediet Ctrl+Enter, lai nos\u016bt\u012btu labojamo teksta fragmentu redaktoram! Par faktu k\u013c\u016bd\u0101m l\u016bdzam zi\u0146ot e-past\u0101 <a href=\"https:\/\/www.lsm.lv\/cdn-cgi\/l\/email-protection\" class=\"__cf_email__\" data-cfemail=\"dba9bebfbab0b8b2b1ba9bb7a8b6f5b7ad\" rel=\"nofollow noopener\" target=\"_blank\">[email\u00a0protected]<\/a>.<\/p>\n<p class=\"d-md-none\">Iez\u012bm\u0113jiet tekstu un spiediet uz Zi\u0146ot par k\u013c\u016bdu pogas, lai nos\u016bt\u012btu labojamo teksta fragmentu redaktoram!<\/p>\n<p>\n                    Zi\u0146ot par k\u013c\u016bdu\n                <\/p>\n","protected":false},"excerpt":{"rendered":"Gadumijas diennakts ugunsdz\u0113s\u0113jiem pag\u0101jusi bez nopietniem atgad\u012bjumiem un boj\u0101g\u0101ju\u0161ajiem. Par to \u0161or\u012bt Latvijas Radio past\u0101st\u012bja Valsts ugunsdz\u0113s\u012bbas un&hellip;\n","protected":false},"author":2,"featured_media":91585,"comment_status":"","ping_status":"","sticky":false,"template":"","format":"standard","meta":{"footnotes":""},"categories":[5],"tags":[23,28,29,32,33,22,30,31,35,39,38,36,37,34,40,20,26,27,24,25,21],"class_list":{"0":"post-91584","1":"post","2":"type-post","3":"status-publish","4":"format-standard","5":"has-post-thumbnail","7":"category-aktualitates","8":"tag-aktualitates","9":"tag-breaking-news","10":"tag-breakingnews","11":"tag-featured-news","12":"tag-featurednews","13":"tag-headlines","14":"tag-latest-news","15":"tag-latestnews","16":"tag-latvia","17":"tag-latvian","18":"tag-latviesu","19":"tag-latviesu-valoda","20":"tag-latviesuvaloda","21":"tag-latvija","22":"tag-lv","23":"tag-news","24":"tag-popularakas-zinas","25":"tag-popularakaszinas","26":"tag-top-stories","27":"tag-topstories","28":"tag-zinas"},"share_on_mastodon":{"url":"https:\/\/pubeurope.com\/@lv\/115819327138239230","error":""},"_links":{"self":[{"href":"https:\/\/www.europesays.com\/lv\/wp-json\/wp\/v2\/posts\/91584","targetHints":{"allow":["GET"]}}],"collection":[{"href":"https:\/\/www.europesays.com\/lv\/wp-json\/wp\/v2\/posts"}],"about":[{"href":"https:\/\/www.europesays.com\/lv\/wp-json\/wp\/v2\/types\/post"}],"author":[{"embeddable":true,"href":"https:\/\/www.europesays.com\/lv\/wp-json\/wp\/v2\/users\/2"}],"replies":[{"embeddable":true,"href":"https:\/\/www.europesays.com\/lv\/wp-json\/wp\/v2\/comments?post=91584"}],"version-history":[{"count":0,"href":"https:\/\/www.europesays.com\/lv\/wp-json\/wp\/v2\/posts\/91584\/revisions"}],"wp:featuredmedia":[{"embeddable":true,"href":"https:\/\/www.europesays.com\/lv\/wp-json\/wp\/v2\/media\/91585"}],"wp:attachment":[{"href":"https:\/\/www.europesays.com\/lv\/wp-json\/wp\/v2\/media?parent=91584"}],"wp:term":[{"taxonomy":"category","embeddable":true,"href":"https:\/\/www.europesays.com\/lv\/wp-json\/wp\/v2\/categories?post=91584"},{"taxonomy":"post_tag","embeddable":true,"href":"https:\/\/www.europesays.com\/lv\/wp-json\/wp\/v2\/tags?post=91584"}],"curies":[{"name":"wp","href":"https:\/\/api.w.org\/{rel}","templated":true}]}}