{"id":91589,"date":"2026-01-01T10:21:07","date_gmt":"2026-01-01T10:21:07","guid":{"rendered":"https:\/\/www.europesays.com\/lv\/91589\/"},"modified":"2026-01-01T10:21:07","modified_gmt":"2026-01-01T10:21:07","slug":"pieaugs-berna-piedzimsanas-un-kopsanas-pabalsti","status":"publish","type":"post","link":"https:\/\/www.europesays.com\/lv\/91589\/","title":{"rendered":"Pieaugs b\u0113rna piedzim\u0161anas un kop\u0161anas pabalsti"},"content":{"rendered":"<p>B\u0113rna kop\u0161anas pabalstu par b\u0113rnu vecum\u0101 l\u012bdz pusotram gadam turpm\u0101k p\u0101rskat\u012bs ik p\u0113c diviem gadiem.<\/p>\n<p>Palielin\u0101sies ar\u012b soci\u0101l\u0101s apdro\u0161in\u0101\u0161anas iemaksas apdro\u0161in\u0101\u0161anas st\u0101\u017ea uzkr\u0101\u0161anai pensij\u0101m, bezdarbam un invalidit\u0101tei, jo iemaksas tiks veiktas no paaugstin\u0101t\u0101 pabalsta apm\u0113ra.<\/p>\n<p>\u0122imenes valsts pabalstu izmaks\u0101s ar\u012b par b\u0113rniem vecum\u0101 no 16 l\u012bdz 20 gadu vecuma sasnieg\u0161anai, kuri stud\u0113 koled\u017e\u0101 vai augstskol\u0101 pilna laika kl\u0101tien\u0113, tostarp stud\u0113jo\u0161ajiem \u0101rvalst\u012bs. L\u012bdz \u0161im \u0161o pabalstu maks\u0101ja tikai, ja b\u0113rns m\u0101c\u012bj\u0101s visp\u0101r\u0113j\u0101s izgl\u012bt\u012bbas vai profesion\u0101l\u0101s izgl\u012bt\u012bbas iest\u0101d\u0113.<\/p>\n<p>\u0160ogad tiks saglab\u0101ts vec\u0101ku pabalsts 75% apm\u0113r\u0101 str\u0101d\u0101jo\u0161iem pabalsta sa\u0146\u0113m\u0113jiem, kuri b\u0113rna kop\u0161anas laik\u0101 ir nodarbin\u0101ti un neatrodas b\u0113rna kop\u0161anas atva\u013cin\u0101jum\u0101 vai b\u0113rna kop\u0161anas laik\u0101 g\u016bst ien\u0101kumus k\u0101 pa\u0161nodarbin\u0101tie. Tam papildu pie\u0161\u0137irti 7,7 miljoni eiro. Ievie\u0161ot \u0161\u012bs izmai\u0146as, politi\u0137i sol\u012bja izv\u0113rt\u0113t, vai t\u0101s devu\u0161as rezult\u0101tu, un p\u0113c tam sniegt v\u0113rt\u0113jumu par nepiecie\u0161am\u012bbu t\u0101s saglab\u0101t.<\/p>\n<p>Lai var\u0113tu pilnveidot materi\u0101los atbalsta pas\u0101kumus \u0123imen\u0113m ar b\u0113rniem, kop\u0113jais papildu finans\u0113jums paredz\u0113ts 42 miljonu eiro apm\u0113r\u0101, savuk\u0101rt atbalsta pas\u0101kumiem \u0101rpus\u0123imenes apr\u016bp\u0113 eso\u0161iem b\u0113rniem &#8211; 24,1 miljons eiro.<\/p>\n<p>Papildu finans\u0113jums 94,8 miljonu eiro apm\u0113r\u0101 2026. gad\u0101 paredz\u0113ts, lai stiprin\u0101tu atbalstu \u0123imen\u0113m ar b\u0113rniem, k\u0101 ar\u012b pilnveidotu materi\u0101lo atbalstu \u0101rpus\u0123imenes apr\u016bp\u0113 eso\u0161iem b\u0113rniem.<\/p>\n","protected":false},"excerpt":{"rendered":"B\u0113rna kop\u0161anas pabalstu par b\u0113rnu vecum\u0101 l\u012bdz pusotram gadam turpm\u0101k p\u0101rskat\u012bs ik p\u0113c diviem gadiem. Palielin\u0101sies ar\u012b soci\u0101l\u0101s&hellip;\n","protected":false},"author":2,"featured_media":37716,"comment_status":"","ping_status":"","sticky":false,"template":"","format":"standard","meta":{"footnotes":""},"categories":[12],"tags":[12118,23,28,29,32,33,22,30,31,35,39,38,36,37,34,40,20,1908,26,27,24,25,21],"class_list":{"0":"post-91589","1":"post","2":"type-post","3":"status-publish","4":"format-standard","5":"has-post-thumbnail","7":"category-latvija","8":"tag-2026-gads","9":"tag-aktualitates","10":"tag-breaking-news","11":"tag-breakingnews","12":"tag-featured-news","13":"tag-featurednews","14":"tag-headlines","15":"tag-latest-news","16":"tag-latestnews","17":"tag-latvia","18":"tag-latvian","19":"tag-latviesu","20":"tag-latviesu-valoda","21":"tag-latviesuvaloda","22":"tag-latvija","23":"tag-lv","24":"tag-news","25":"tag-pabalsti","26":"tag-popularakas-zinas","27":"tag-popularakaszinas","28":"tag-top-stories","29":"tag-topstories","30":"tag-zinas"},"share_on_mastodon":{"url":"https:\/\/pubeurope.com\/@lv\/115819346885606347","error":""},"_links":{"self":[{"href":"https:\/\/www.europesays.com\/lv\/wp-json\/wp\/v2\/posts\/91589","targetHints":{"allow":["GET"]}}],"collection":[{"href":"https:\/\/www.europesays.com\/lv\/wp-json\/wp\/v2\/posts"}],"about":[{"href":"https:\/\/www.europesays.com\/lv\/wp-json\/wp\/v2\/types\/post"}],"author":[{"embeddable":true,"href":"https:\/\/www.europesays.com\/lv\/wp-json\/wp\/v2\/users\/2"}],"replies":[{"embeddable":true,"href":"https:\/\/www.europesays.com\/lv\/wp-json\/wp\/v2\/comments?post=91589"}],"version-history":[{"count":0,"href":"https:\/\/www.europesays.com\/lv\/wp-json\/wp\/v2\/posts\/91589\/revisions"}],"wp:featuredmedia":[{"embeddable":true,"href":"https:\/\/www.europesays.com\/lv\/wp-json\/wp\/v2\/media\/37716"}],"wp:attachment":[{"href":"https:\/\/www.europesays.com\/lv\/wp-json\/wp\/v2\/media?parent=91589"}],"wp:term":[{"taxonomy":"category","embeddable":true,"href":"https:\/\/www.europesays.com\/lv\/wp-json\/wp\/v2\/categories?post=91589"},{"taxonomy":"post_tag","embeddable":true,"href":"https:\/\/www.europesays.com\/lv\/wp-json\/wp\/v2\/tags?post=91589"}],"curies":[{"name":"wp","href":"https:\/\/api.w.org\/{rel}","templated":true}]}}