{"id":91590,"date":"2026-01-01T10:22:10","date_gmt":"2026-01-01T10:22:10","guid":{"rendered":"https:\/\/www.europesays.com\/lv\/91590\/"},"modified":"2026-01-01T10:22:10","modified_gmt":"2026-01-01T10:22:10","slug":"latvijas-u-20-hokejisti-uzzina-pretiniekus-ceturtdalfinala","status":"publish","type":"post","link":"https:\/\/www.europesays.com\/lv\/91590\/","title":{"rendered":"Latvijas U-20 hokejisti uzzina pretiniekus ceturtda\u013cfin\u0101l\u0101"},"content":{"rendered":"<p>Zviedrijas U-20 v\u012brie\u0161u hokeja izlase tre\u0161dien k\u013cuva par Latvijas pretinieci pasaules junioru \u010dempion\u0101ta ceturtda\u013cfin\u0101l\u0101.<\/p>\n<p>P\u0113c \u010detr\u0101m sp\u0113l\u0113m A grup\u0101 Zviedrijai bija maksim\u0101lie 12 punkti, ASV guva devi\u0146us punktus, \u0160veice &#8211; se\u0161us, Slov\u0101kija &#8211; tr\u012bs, bet V\u0101cija palika bez punktiem. B grup\u0101 Kan\u0101da, zaud\u0113jot punktu pret Latviju, iekr\u0101ja 11 punktus, \u010cehijai bija asto\u0146i punkti, Somijai &#8211; septi\u0146i, Latvijai &#8211; \u010detri, bet D\u0101nija palika tuk\u0161\u0101.<\/p>\n<p class=\"m-0\">Seko &#8220;Delfi&#8221; ar\u012b  <a target=\"_blank\" href=\"https:\/\/www.instagram.com\/delfi.lv\/\" rel=\"nofollow noopener\">Instagram<\/a>  un <a target=\"_blank\" href=\"https:\/\/www.youtube.com\/channel\/UCw5foWtcJvAbUm64rv7jwUQ\" rel=\"nofollow noopener\">YouTube<\/a>  profil\u0101 \u2013 pievienojies, lai uzzin\u0101tu svar\u012bg\u0101ko un interesant\u0101ko pirmais!<\/p>\n<p>Publik\u0101cijas saturs vai t\u0101s jebk\u0101da apjoma da\u013ca ir aizsarg\u0101ts autorties\u012bbu objekts Autorties\u012bbu likuma izpratn\u0113, un t\u0101 izmanto\u0161ana bez izdev\u0113ja at\u013caujas ir aizliegta. Vair\u0101k lasi  <a target=\"_blank\" href=\"https:\/\/www.delfi.lv\/noteikumi#autortiesibas\" rel=\"nofollow noopener\">\u0161eit<\/a><script async src=\"\/\/www.instagram.com\/embed.js\"><\/script><\/p>\n","protected":false},"excerpt":{"rendered":"Zviedrijas U-20 v\u012brie\u0161u hokeja izlase tre\u0161dien k\u013cuva par Latvijas pretinieci pasaules junioru \u010dempion\u0101ta ceturtda\u013cfin\u0101l\u0101. P\u0113c \u010detr\u0101m sp\u0113l\u0113m A&hellip;\n","protected":false},"author":2,"featured_media":91591,"comment_status":"","ping_status":"","sticky":false,"template":"","format":"standard","meta":{"footnotes":""},"categories":[5],"tags":[23,28,29,32,33,22,394,30,31,35,39,38,36,37,34,40,20,26,27,24,25,21],"class_list":{"0":"post-91590","1":"post","2":"type-post","3":"status-publish","4":"format-standard","5":"has-post-thumbnail","7":"category-aktualitates","8":"tag-aktualitates","9":"tag-breaking-news","10":"tag-breakingnews","11":"tag-featured-news","12":"tag-featurednews","13":"tag-headlines","14":"tag-hokejs","15":"tag-latest-news","16":"tag-latestnews","17":"tag-latvia","18":"tag-latvian","19":"tag-latviesu","20":"tag-latviesu-valoda","21":"tag-latviesuvaloda","22":"tag-latvija","23":"tag-lv","24":"tag-news","25":"tag-popularakas-zinas","26":"tag-popularakaszinas","27":"tag-top-stories","28":"tag-topstories","29":"tag-zinas"},"share_on_mastodon":{"url":"https:\/\/pubeurope.com\/@lv\/115819350737686477","error":""},"_links":{"self":[{"href":"https:\/\/www.europesays.com\/lv\/wp-json\/wp\/v2\/posts\/91590","targetHints":{"allow":["GET"]}}],"collection":[{"href":"https:\/\/www.europesays.com\/lv\/wp-json\/wp\/v2\/posts"}],"about":[{"href":"https:\/\/www.europesays.com\/lv\/wp-json\/wp\/v2\/types\/post"}],"author":[{"embeddable":true,"href":"https:\/\/www.europesays.com\/lv\/wp-json\/wp\/v2\/users\/2"}],"replies":[{"embeddable":true,"href":"https:\/\/www.europesays.com\/lv\/wp-json\/wp\/v2\/comments?post=91590"}],"version-history":[{"count":0,"href":"https:\/\/www.europesays.com\/lv\/wp-json\/wp\/v2\/posts\/91590\/revisions"}],"wp:featuredmedia":[{"embeddable":true,"href":"https:\/\/www.europesays.com\/lv\/wp-json\/wp\/v2\/media\/91591"}],"wp:attachment":[{"href":"https:\/\/www.europesays.com\/lv\/wp-json\/wp\/v2\/media?parent=91590"}],"wp:term":[{"taxonomy":"category","embeddable":true,"href":"https:\/\/www.europesays.com\/lv\/wp-json\/wp\/v2\/categories?post=91590"},{"taxonomy":"post_tag","embeddable":true,"href":"https:\/\/www.europesays.com\/lv\/wp-json\/wp\/v2\/tags?post=91590"}],"curies":[{"name":"wp","href":"https:\/\/api.w.org\/{rel}","templated":true}]}}