{"id":91595,"date":"2026-01-01T10:28:07","date_gmt":"2026-01-01T10:28:07","guid":{"rendered":"https:\/\/www.europesays.com\/lv\/91595\/"},"modified":"2026-01-01T10:28:07","modified_gmt":"2026-01-01T10:28:07","slug":"tris-cilveki-guvusi-nopietnas-traumas-lietojot-pirotehniku","status":"publish","type":"post","link":"https:\/\/www.europesays.com\/lv\/91595\/","title":{"rendered":"Tr\u012bs cilv\u0113ki guvu\u0161i nopietnas traumas, lietojot pirotehniku"},"content":{"rendered":"<p class=\"descr\">Aizvad\u012btajos sv\u0113tkos tr\u012bs cilv\u0113ki guvu\u0161i nopietnas traumas, lietojot pirotehniku, a\u0123ent\u016bru LETA inform\u0113ja Neatliekam\u0101s medic\u012bnisk\u0101s pal\u012bdz\u012bbas dienest\u0101.<\/p>\n<p><a href=\"https:\/\/nra.lv\/birka\/neatliekama-mediciniska-palidziba\/\" rel=\"nofollow noopener\" target=\"_blank\">Dienests<\/a> aizvad\u012btaj\u0101 diennakt\u012b sa\u0146\u0113ma 1003 izsaukumus, kas b\u016btiski neat\u0161\u0137iras no izsaukumu skaita ierast\u0101s br\u012bvdien\u0101s, tom\u0113r tr\u012bs izsaukumi biju\u0161i saist\u012bb\u0101 ar pirotehniku, skaidroja dienest\u0101.<\/p>\n<p>Divos gad\u012bjumos petardes uzspr\u0101ga jauniem v\u012brie\u0161iem, 25 un 26 gadus veciem, pie sejas, t\u0101d\u0113\u013c g\u016btas nopietnas sejas traumas, tostarp br\u016bces, sejas apdegumi un acu boj\u0101jumi. Abos gad\u012bjumos darbo\u0161an\u0101s ar <a href=\"https:\/\/nra.lv\/latvija\/510382-drosa-pirotehnikas-utilizacija-soli-pa-solim-instrukcija.htm\" rel=\"nofollow noopener\" target=\"_blank\">pirotehniku<\/a> bijusi alkohola reibum\u0101.<\/p>\n<p>Tre\u0161aj\u0101 gad\u012bjum\u0101 cieta nepilngad\u012bgais &#8211; 17 gadus vecam z\u0113nam pirotehnika eksplod\u0113ja rok\u0101, radot plaukstas pirkstu traumas, tostarp apdegumus.<\/p>\n<p>\t\t\t\t\t\tinfo<\/p>\n<p>Uzzini pirmais<br \/>kas interesants noticis Latvij\u0101 un pasaul\u0113,<br \/>pievienojoties mums <a href=\"https:\/\/t.me\/neatkariga\" rel=\"nofollow\">Telegram<\/a> vai <a href=\"https:\/\/whatsapp.com\/channel\/0029VaMLFUH5K3zLU5s4wm3y\" rel=\"nofollow noopener\" target=\"_blank\">Whatsapp<\/a> kan\u0101l\u0101<\/p>\n","protected":false},"excerpt":{"rendered":"Aizvad\u012btajos sv\u0113tkos tr\u012bs cilv\u0113ki guvu\u0161i nopietnas traumas, lietojot pirotehniku, a\u0123ent\u016bru LETA inform\u0113ja Neatliekam\u0101s medic\u012bnisk\u0101s pal\u012bdz\u012bbas dienest\u0101. Dienests aizvad\u012btaj\u0101&hellip;\n","protected":false},"author":2,"featured_media":91596,"comment_status":"","ping_status":"","sticky":false,"template":"","format":"standard","meta":{"footnotes":""},"categories":[5],"tags":[23,28,29,32,33,22,30,31,35,39,38,36,37,34,40,20,26,27,24,25,21],"class_list":{"0":"post-91595","1":"post","2":"type-post","3":"status-publish","4":"format-standard","5":"has-post-thumbnail","7":"category-aktualitates","8":"tag-aktualitates","9":"tag-breaking-news","10":"tag-breakingnews","11":"tag-featured-news","12":"tag-featurednews","13":"tag-headlines","14":"tag-latest-news","15":"tag-latestnews","16":"tag-latvia","17":"tag-latvian","18":"tag-latviesu","19":"tag-latviesu-valoda","20":"tag-latviesuvaloda","21":"tag-latvija","22":"tag-lv","23":"tag-news","24":"tag-popularakas-zinas","25":"tag-popularakaszinas","26":"tag-top-stories","27":"tag-topstories","28":"tag-zinas"},"share_on_mastodon":{"url":"https:\/\/pubeurope.com\/@lv\/115819374334768112","error":""},"_links":{"self":[{"href":"https:\/\/www.europesays.com\/lv\/wp-json\/wp\/v2\/posts\/91595","targetHints":{"allow":["GET"]}}],"collection":[{"href":"https:\/\/www.europesays.com\/lv\/wp-json\/wp\/v2\/posts"}],"about":[{"href":"https:\/\/www.europesays.com\/lv\/wp-json\/wp\/v2\/types\/post"}],"author":[{"embeddable":true,"href":"https:\/\/www.europesays.com\/lv\/wp-json\/wp\/v2\/users\/2"}],"replies":[{"embeddable":true,"href":"https:\/\/www.europesays.com\/lv\/wp-json\/wp\/v2\/comments?post=91595"}],"version-history":[{"count":0,"href":"https:\/\/www.europesays.com\/lv\/wp-json\/wp\/v2\/posts\/91595\/revisions"}],"wp:featuredmedia":[{"embeddable":true,"href":"https:\/\/www.europesays.com\/lv\/wp-json\/wp\/v2\/media\/91596"}],"wp:attachment":[{"href":"https:\/\/www.europesays.com\/lv\/wp-json\/wp\/v2\/media?parent=91595"}],"wp:term":[{"taxonomy":"category","embeddable":true,"href":"https:\/\/www.europesays.com\/lv\/wp-json\/wp\/v2\/categories?post=91595"},{"taxonomy":"post_tag","embeddable":true,"href":"https:\/\/www.europesays.com\/lv\/wp-json\/wp\/v2\/tags?post=91595"}],"curies":[{"name":"wp","href":"https:\/\/api.w.org\/{rel}","templated":true}]}}