{"id":91597,"date":"2026-01-01T10:30:03","date_gmt":"2026-01-01T10:30:03","guid":{"rendered":"https:\/\/www.europesays.com\/lv\/91597\/"},"modified":"2026-01-01T10:30:03","modified_gmt":"2026-01-01T10:30:03","slug":"tour-de-ski-vicelidere-apslimusi-un-spiesta-izstaties-ziemas-sports-sportacentrs-com","status":"publish","type":"post","link":"https:\/\/www.europesays.com\/lv\/91597\/","title":{"rendered":"&#8220;Tour de ski&#8221; vicel\u012bdere apslimusi un spiesta izst\u0101ties \u2013 Ziemas sports \u2013 Sportacentrs.com"},"content":{"rendered":"<p>Slinda bija otr\u0101 Tour de Ski kopv\u0113rt\u0113jum\u0101, bet spiesta doties m\u0101j\u0101s no It\u0101lijas. Iemesls ir t\u0101ds, ka Norv\u0113\u0123ijas sl\u0113po\u0161anas zvaigzne ir slima. \u201cEsmu sar\u016bgtin\u0101ta,  bet neko nevar dar\u012bt,\u201d preses rel\u012bz\u0113 saka Slinda.<\/p>\n<p>\u201cDiem\u017e\u0113l vi\u0146a \u0161or\u012bt pamod\u0101s ar iekaisu\u0161u kaklu un saaukst\u0113\u0161an\u0101s simptomiem, t\u0101p\u0113c mums ir j\u0101pamet t\u016bre. Pa\u0161laik vi\u0146a atrodas viesn\u012bc\u0101, bet m\u0113s cent\u012bsimies vi\u0146u nog\u0101d\u0101t m\u0101j\u0101s dienas laik\u0101,\u201d NRK saka izlases \u0101rsts \u016ave Feragens.<br \/>Pag\u0101ju\u0161aj\u0101 gad\u0101 Slinda Tour de Ski ieguva otro vietu, zaud\u0113jot tikai Ter\u0113zei Juhaugai. Slinda bija vien\u012bg\u0101 norv\u0113\u0123iete, kas kopv\u0113rt\u0113jum\u0101 bija starp desmit lab\u0101kaj\u0101m, t\u0101p\u0113c tagad no norv\u0113\u0123u ac\u012bm viss izskat\u0101s daudz dr\u016bm\u0101k.<\/p>\n<p>Vi\u0146a atpalika no kopv\u0113rt\u0113juma l\u012bderes D\u017eesijas Diginsas 50 sekundes.<\/p>\n<p>\u201cVi\u0146ai bija vienreiz\u0113ja iesp\u0113ja uzvar\u0113t savu pirmo Tour de Ski, \u201cNRK saka treneris Kriss Jespersens. \u201c Es dom\u0101ju, ka vi\u0146a bija \u013coti ap\u0146\u0113m\u012bbas pilna vad\u012bt Tour de Ski p\u0113c \u0161odienas posma,\u201d saka Jespersens.<\/p>\n<p>\u201cTas iev\u0113rojami v\u0101jina Norv\u0113\u0123ijas izredzes \u0161aj\u0101 t\u016br\u0113,\u201d saka NRK eksperts Fredriks Auklands.<\/p>\n<p>Apslimusi un izst\u0101jusies ir ar\u012b sestaj\u0101 viet\u0101 kopv\u0113rt\u0113jum\u0101 eso\u0161\u0101 zviedriete Emma riboma, kura vakar 5km izc\u012bn\u012bja 2. vietu.<\/p>\n","protected":false},"excerpt":{"rendered":"Slinda bija otr\u0101 Tour de Ski kopv\u0113rt\u0113jum\u0101, bet spiesta doties m\u0101j\u0101s no It\u0101lijas. Iemesls ir t\u0101ds, ka Norv\u0113\u0123ijas&hellip;\n","protected":false},"author":2,"featured_media":91598,"comment_status":"","ping_status":"","sticky":false,"template":"","format":"standard","meta":{"footnotes":""},"categories":[17],"tags":[35,39,38,36,37,34,40,67,620],"class_list":{"0":"post-91597","1":"post","2":"type-post","3":"status-publish","4":"format-standard","5":"has-post-thumbnail","7":"category-sports","8":"tag-latvia","9":"tag-latvian","10":"tag-latviesu","11":"tag-latviesu-valoda","12":"tag-latviesuvaloda","13":"tag-latvija","14":"tag-lv","15":"tag-sports","16":"tag-ziemas-sports"},"share_on_mastodon":{"url":"https:\/\/pubeurope.com\/@lv\/115819382221786223","error":""},"_links":{"self":[{"href":"https:\/\/www.europesays.com\/lv\/wp-json\/wp\/v2\/posts\/91597","targetHints":{"allow":["GET"]}}],"collection":[{"href":"https:\/\/www.europesays.com\/lv\/wp-json\/wp\/v2\/posts"}],"about":[{"href":"https:\/\/www.europesays.com\/lv\/wp-json\/wp\/v2\/types\/post"}],"author":[{"embeddable":true,"href":"https:\/\/www.europesays.com\/lv\/wp-json\/wp\/v2\/users\/2"}],"replies":[{"embeddable":true,"href":"https:\/\/www.europesays.com\/lv\/wp-json\/wp\/v2\/comments?post=91597"}],"version-history":[{"count":0,"href":"https:\/\/www.europesays.com\/lv\/wp-json\/wp\/v2\/posts\/91597\/revisions"}],"wp:featuredmedia":[{"embeddable":true,"href":"https:\/\/www.europesays.com\/lv\/wp-json\/wp\/v2\/media\/91598"}],"wp:attachment":[{"href":"https:\/\/www.europesays.com\/lv\/wp-json\/wp\/v2\/media?parent=91597"}],"wp:term":[{"taxonomy":"category","embeddable":true,"href":"https:\/\/www.europesays.com\/lv\/wp-json\/wp\/v2\/categories?post=91597"},{"taxonomy":"post_tag","embeddable":true,"href":"https:\/\/www.europesays.com\/lv\/wp-json\/wp\/v2\/tags?post=91597"}],"curies":[{"name":"wp","href":"https:\/\/api.w.org\/{rel}","templated":true}]}}