{"id":91599,"date":"2026-01-01T10:33:21","date_gmt":"2026-01-01T10:33:21","guid":{"rendered":"https:\/\/www.europesays.com\/lv\/91599\/"},"modified":"2026-01-01T10:33:21","modified_gmt":"2026-01-01T10:33:21","slug":"nigerijas-studenti-rigas-garigaja-seminara-stiprina-latvijas-katolu-kopienu-lente-lv","status":"publish","type":"post","link":"https:\/\/www.europesays.com\/lv\/91599\/","title":{"rendered":"Nig\u0113rijas studenti R\u012bgas Gar\u012bgaj\u0101 semin\u0101r\u0101 stiprina Latvijas kato\u013cu kopienu\u00a0\u2014\u00a0Lente.lv"},"content":{"rendered":"<p>\u0100frikas studenti R\u012bg\u0101 kaldina savu priester\u012bbas ce\u013cu<\/p>\n<p>K\u0101 zi\u0146o telekan\u0101ls TV3, Latvijas Romas kato\u013cu bazn\u012bca saskaras ar jaunu priesteru tr\u016bkumu, ta\u010du risin\u0101jums rodies no t\u0101lienes \u2013 Nig\u0113rijas. Tr\u012bs jaunie v\u012brie\u0161i no karst\u0101s \u0100frikas zemes pirms nepilniem diviem gadiem ierad\u0101s aukstaj\u0101 Latvij\u0101, lai apg\u016btu kato\u013cu gar\u012bdzniec\u012bbas zin\u012bbas R\u012bgas Starpdiec\u0113\u017eu augst\u0101kaj\u0101 gar\u012bgaj\u0101 semin\u0101r\u0101. Vi\u0146u kl\u0101tb\u016btne ne tikai piepilda semin\u0101ra auditorijas, bet ar\u012b nes jaunas v\u0113smas un dinamiku Latvijas kato\u013cu draudz\u0113s, apliecinot bazn\u012bcas glob\u0101lo raksturu.<\/p>\n<p>\u0160ie tr\u012bs studenti \u2013 Nzube\u010dukvu D\u017euds-Ted\u0113js Nsofors, Pa\u0161kal-Trinitas Mbanugohuns Stenlijs Maneke un Agbaefuna D\u017eonpols \u010cid\u012bbele \u2013 ir da\u013ca no pla\u0161\u0101kas tendences, kur\u0101 \u0100frikas kontinenta jaunie\u0161i dodas kalpot Eiropas valst\u012bs, saskaroties ar gar\u012bdzniec\u012bbas aicin\u0101jumu kr\u012bzi. Latvijas gad\u012bjum\u0101 viet\u0113jo jaunie\u0161u interese par priester\u012bbu ir mazin\u0101jusies, t\u0101p\u0113c bazn\u012bca mekl\u0113 risin\u0101jumus \u0101rzem\u0113s. Saska\u0146\u0101 ar zi\u0146\u0101m, Latvij\u0101 darbojas apm\u0113ram 160 priesteru un 100 klosterm\u0101su, kas nav pietiekami, lai apkalpotu aptuveni 500 000 kato\u013ctic\u012bgo Latvij\u0101.<\/p>\n<p>Pirmie so\u013ci Latvij\u0101: kult\u016bru sadursme un adapt\u0101cija<\/p>\n<p>S\u0101kotn\u0113jais posms Latvij\u0101 nebija viegls. Studenti atz\u012bst, ka adapt\u0113\u0161an\u0101s jaunajai videi pras\u012bja laiku un p\u016bles. Vi\u0146u pieredze atspogu\u013co latvie\u0161u klusumu un attur\u012bbu pretstat\u0101 Nig\u0113rijas kult\u016brai rakstur\u012bgajam smiekliem un atv\u0113rt\u012bbai. Ta\u010du semin\u0101ra ikdiena pak\u0101peniski k\u013cuvusi par vietu, kur \u0161\u012bs at\u0161\u0137ir\u012bbas nevis \u0161\u0137e\u013c, bet gan bag\u0101tina kop\u0113jo pieredzi.<\/p>\n<p>Agbaefuna D\u017eonpols \u010cid\u012bbele, viens no studentiem, dal\u012bjies iespaidos par pirmo pieredzi Latvij\u0101, ieskaitot piedal\u012b\u0161anos sv\u0113tce\u013cojum\u0101 uz Aglonu, kas bijis fiziski un gar\u012bgi izaicino\u0161s, bet vienlaikus sp\u0113cino\u0161s. Vi\u0146\u0161 ar\u012b piebilst, ka s\u0101kotn\u0113ji nezin\u0101jis, kur atrodas Latvija, jo bie\u017ei jaucis Baltijas valstis.<\/p>\n<p>Semin\u0101rs un t\u0101 noz\u012bme Latvijas kato\u013cu bazn\u012bc\u0101<\/p>\n<p>Latvijas Starpdiec\u0113\u017eu augst\u0101kais gar\u012bgais semin\u0101rs R\u012bg\u0101 ir galven\u0101 vieta, kur tiek sagatavoti topo\u0161ie kato\u013cu priesteri Latvij\u0101. Semin\u0101r\u0101 \u0161obr\u012bd kopum\u0101 m\u0101c\u0101s asto\u0146i studenti, no kuriem tikai tr\u012bs ir viet\u0113jie. K\u0101 atz\u012bst semin\u0101ra gar\u012bgais t\u0113vs Toms Priedoli\u0146\u0161, agr\u0101k situ\u0101cija bija cit\u0101da \u2013 vi\u0146a laik\u0101, devi\u0146desmito gadu beig\u0101s, semin\u0101r\u0101 bija 45 studenti, bet p\u0113d\u0113jos gados skaits samazin\u0101jies l\u012bdz maz\u0101k nek\u0101 20.<\/p>\n<p>\u0160\u012b studentu kopiena, kur\u0101 ir p\u0101rst\u0101v\u0113tas da\u017e\u0101das taut\u012bbas, atg\u0101dina par bazn\u012bcas glob\u0101lo dimensiju un to, ka tic\u012bbas ce\u013c\u0161 neaprobe\u017eojas ar valstu robe\u017e\u0101m. T\u0101 ir ar\u012b atbilde uz demogr\u0101fisko situ\u0101ciju Latvij\u0101, kur kop\u0161 1991. gada ir negat\u012bvs dabiskais pieaugums, samazinoties iedz\u012bvot\u0101ju skaitam.<\/p>\n<p>Glob\u0101l\u0101 bazn\u012bca un Latvijas izaicin\u0101jumi<\/p>\n<p>Priesteru tr\u016bkums nav unik\u0101ls Latvijas probl\u0113ma; tas ir glob\u0101ls izaicin\u0101jums, ar kuru saskaras daudzas Eiropas valstis, kur\u0101s v\u0113rojams draud\u017eu locek\u013cu skaita samazin\u0101jums. Latvijas Romas kato\u013cu bazn\u012bca, kas gadsimtiem ilgi ir veidojusi neat\u0146emamu valsts kult\u016brv\u0113sturisk\u0101s ainavas da\u013cu, ir non\u0101kusi situ\u0101cij\u0101, kur\u0101 viet\u0113jo jaunie\u0161u aicin\u0101jums uz gar\u012bdzniec\u012bbu ir mazin\u0101jies.<\/p>\n<p>\u0160aj\u0101 kontekst\u0101 \u0100frikas studentu kl\u0101tb\u016btne Latvij\u0101 ir noz\u012bm\u012bga ne tikai vi\u0146u person\u012bgajai att\u012bst\u012bbai un kalpo\u0161anai, bet ar\u012b visas Latvijas kato\u013cu kopienas revitaliz\u0101cijai. Vi\u0146i atg\u0101dina, ka bazn\u012bca ir dz\u012bva, adapt\u012bva un sp\u0113j integr\u0113t da\u017e\u0101das kult\u016bras, lai turpin\u0101tu savu misiju.<\/p>\n<p>Nig\u0113rie\u0161u studentu loma draudz\u0113s<\/p>\n<p>Tr\u012bs Nig\u0113rijas studenti, kuri pa\u0161laik apg\u016bst gar\u012bdzniec\u012bbas zin\u012bbas R\u012bg\u0101, dr\u012bzum\u0101 pl\u0101no pievienoties saviem tautie\u0161iem, kas jau kalpo Latvijas draudz\u0113s. \u0160obr\u012bd Latvij\u0101 jau darbojas divi priesteri no Nig\u0113rijas, kas vada dievkalpojumus latvie\u0161u valod\u0101. \u0160\u012b studentu paaudze ir gatava ne tikai sa\u0146emt zin\u0101\u0161anas, bet ar\u012b dal\u012bties ar savu tic\u012bbu un kult\u016bru, bag\u0101tinot Latvijas gar\u012bgo vidi. Vi\u0146u kl\u0101tb\u016btne ir apliecin\u0101jums tam, ka tic\u012bbas ce\u013c\u0161 ir univers\u0101ls un sp\u0113j vienot cilv\u0113kus neatkar\u012bgi no vi\u0146u izcelsmes.<\/p>\n","protected":false},"excerpt":{"rendered":"\u0100frikas studenti R\u012bg\u0101 kaldina savu priester\u012bbas ce\u013cu K\u0101 zi\u0146o telekan\u0101ls TV3, Latvijas Romas kato\u013cu bazn\u012bca saskaras ar jaunu&hellip;\n","protected":false},"author":2,"featured_media":91600,"comment_status":"","ping_status":"","sticky":false,"template":"","format":"standard","meta":{"footnotes":""},"categories":[12],"tags":[23,28,29,32,33,23045,22,23044,23041,30,31,35,39,38,36,37,34,40,20,23042,26,27,23043,24,25,21],"class_list":{"0":"post-91599","1":"post","2":"type-post","3":"status-publish","4":"format-standard","5":"has-post-thumbnail","7":"category-latvija","8":"tag-aktualitates","9":"tag-breaking-news","10":"tag-breakingnews","11":"tag-featured-news","12":"tag-featurednews","13":"tag-garidznieku-trukums","14":"tag-headlines","15":"tag-katolu-baznica-latvija","16":"tag-katolu-priesteri","17":"tag-latest-news","18":"tag-latestnews","19":"tag-latvia","20":"tag-latvian","21":"tag-latviesu","22":"tag-latviesu-valoda","23":"tag-latviesuvaloda","24":"tag-latvija","25":"tag-lv","26":"tag-news","27":"tag-nigerijas-studenti","28":"tag-popularakas-zinas","29":"tag-popularakaszinas","30":"tag-rigas-garigais-seminars","31":"tag-top-stories","32":"tag-topstories","33":"tag-zinas"},"share_on_mastodon":{"url":"https:\/\/pubeurope.com\/@lv\/115819394251329018","error":""},"_links":{"self":[{"href":"https:\/\/www.europesays.com\/lv\/wp-json\/wp\/v2\/posts\/91599","targetHints":{"allow":["GET"]}}],"collection":[{"href":"https:\/\/www.europesays.com\/lv\/wp-json\/wp\/v2\/posts"}],"about":[{"href":"https:\/\/www.europesays.com\/lv\/wp-json\/wp\/v2\/types\/post"}],"author":[{"embeddable":true,"href":"https:\/\/www.europesays.com\/lv\/wp-json\/wp\/v2\/users\/2"}],"replies":[{"embeddable":true,"href":"https:\/\/www.europesays.com\/lv\/wp-json\/wp\/v2\/comments?post=91599"}],"version-history":[{"count":0,"href":"https:\/\/www.europesays.com\/lv\/wp-json\/wp\/v2\/posts\/91599\/revisions"}],"wp:featuredmedia":[{"embeddable":true,"href":"https:\/\/www.europesays.com\/lv\/wp-json\/wp\/v2\/media\/91600"}],"wp:attachment":[{"href":"https:\/\/www.europesays.com\/lv\/wp-json\/wp\/v2\/media?parent=91599"}],"wp:term":[{"taxonomy":"category","embeddable":true,"href":"https:\/\/www.europesays.com\/lv\/wp-json\/wp\/v2\/categories?post=91599"},{"taxonomy":"post_tag","embeddable":true,"href":"https:\/\/www.europesays.com\/lv\/wp-json\/wp\/v2\/tags?post=91599"}],"curies":[{"name":"wp","href":"https:\/\/api.w.org\/{rel}","templated":true}]}}