{"id":91603,"date":"2026-01-01T10:35:08","date_gmt":"2026-01-01T10:35:08","guid":{"rendered":"https:\/\/www.europesays.com\/lv\/91603\/"},"modified":"2026-01-01T10:35:08","modified_gmt":"2026-01-01T10:35:08","slug":"sova-zvaigzne-dzeza-zaudejusi-46-kilogramus-lieka-svara-transseksuala-skaistule-to-nosvin-ar-foto-vannina","status":"publish","type":"post","link":"https:\/\/www.europesays.com\/lv\/91603\/","title":{"rendered":"\u0160ova zvaigzne D\u017eeza zaud\u0113jusi 46 kilogramus liek\u0101 svara! Transseksu\u0101l\u0101 skaistule to nosvin ar foto vanni\u0146\u0101"},"content":{"rendered":"<p>Neskatoties uz slaido augumu, transseksu\u0101le turpina sportot treneru uzraudz\u012bb\u0101, vi\u0146a sabalans\u0113ti \u0113d, uz\u0146emtaj\u0101m kalorij\u0101m piem\u0113rojot fizisko slodzi. Jaun\u0101 sieviete neiev\u0113ro di\u0113tas, kas ietver bado\u0161anos. Sports vienm\u0113r b\u016bs D\u017eezas dz\u012bves da\u013ca, jo hormonu terapijas ietvaros vi\u0146ai ir probl\u0113mas saglab\u0101t vesel\u012bgu \u0137ermeni.<\/p>\n<p>            <img loading=\"lazy\" decoding=\"async\" class=\"size-full wp-image-3711468 skaties-content-image\" src=\"https:\/\/www.europesays.com\/lv\/wp-content\/uploads\/2026\/01\/ba21-69557a748ef45-scaled.jpg\" alt=\"\" width=\"2000\" height=\"1319\"  \/><\/p>\n<p>                FOTO: INSTAGRAM<\/p>\n<p>2021. gad\u0101 D\u017eeza atzina, ka cie\u0161 no p\u0101rm\u0113r\u012bgas apet\u012btes un limon\u0101\u017eu dzer\u0161anas, kas ir veicin\u0101jis to, ka p\u0101ris gadu laik\u0101 vi\u0146a pie\u0146\u0113musies svar\u0101 par 50 kilogramiem.<\/p>\n<p>\u201cPalielin\u0101t\u0101 \u0113stgriba, dzer\u0161ana, to veicin\u0101ja da\u017eas no hormon\u0101laj\u0101m z\u0101l\u0113m, ko es lietoju ikdien\u0101. Pie\u0146\u0113mos svar\u0101, esmu gatava to main\u012bt. Esmu gatava uz\u0146emties iniciat\u012bvu un rad\u012bt pozit\u012bvas p\u0101rmai\u0146as sav\u0101 \u0137ermen\u012b,\u201d t\u0101 D\u017eeza.<\/p>\n<p>Jauniete ar\u012b publiski pazi\u0146ojusi, ka dz\u012bve pro\u017eektoru gaism\u0101s rad\u012bjusi ment\u0101las probl\u0113mas, ko veicina naids, koment\u0101ri internet\u0101, vi\u0146as dz\u012bves iztirz\u0101\u0161ana.<\/p>\n<p class=\"ad-desc ad-desc-main\">Saturs turpin\u0101s p\u0113c rekl\u0101mas<\/p>\n<p class=\"ad-desc ad-desc-sec\">Rekl\u0101ma<\/p>\n<p>Vair\u0101k par D\u017eezu, dzimuma mai\u0146u, jaunietes dz\u012bvi, \u0123imeni, priekiem un liel\u0101kaj\u0101m probl\u0113m\u0101m skaties realit\u0101tes \u0161ov\u0101 <a href=\"https:\/\/go3.lv\/series\/es-esmu-dzezs,serial-4244384\" target=\"_blank\" rel=\"noopener nofollow\">\u201cEs esmu D\u017eeza\u201d<\/a>.<\/p>\n<p>Skaties \u0161o un citus \u0161ovus un seri\u0101lus <a href=\"https:\/\/go3.lv?utm_source=tv3.lv&amp;utm_medium=articles&amp;utm_campaign=article_suffix\" target=\"_blank\" rel=\"noopener nofollow\">Go3 telev\u012bzij\u0101<\/a>!<\/p>\n<p class=\"tv3-fw-500\">Zi\u0146o par k\u013c\u016bdu rakst\u0101<\/p>\n<p class=\"d-md-block d-none\">Iez\u012bm\u0113 k\u013c\u016bdaino tekstu un spied Ctrl+Enter.<\/p>\n<p class=\"d-md-none d-block\">Iez\u012bm\u0113 k\u013c\u016bdaino tekstu un zi\u0146o par to!<\/p>\n","protected":false},"excerpt":{"rendered":"Neskatoties uz slaido augumu, transseksu\u0101le turpina sportot treneru uzraudz\u012bb\u0101, vi\u0146a sabalans\u0113ti \u0113d, uz\u0146emtaj\u0101m kalorij\u0101m piem\u0113rojot fizisko slodzi. Jaun\u0101&hellip;\n","protected":false},"author":2,"featured_media":91604,"comment_status":"","ping_status":"","sticky":false,"template":"","format":"standard","meta":{"footnotes":""},"categories":[19],"tags":[23047,89,90,35,39,38,36,37,34,40],"class_list":{"0":"post-91603","1":"post","2":"type-post","3":"status-publish","4":"format-standard","5":"has-post-thumbnail","7":"category-izklaide","8":"tag-dzeza-dzeningsaes-esmu-dzezago3liekais-svarsnotievesanaskaties-go3transseksuale","9":"tag-entertainment","10":"tag-izklaide","11":"tag-latvia","12":"tag-latvian","13":"tag-latviesu","14":"tag-latviesu-valoda","15":"tag-latviesuvaloda","16":"tag-latvija","17":"tag-lv"},"share_on_mastodon":{"url":"https:\/\/pubeurope.com\/@lv\/115819401907836685","error":""},"_links":{"self":[{"href":"https:\/\/www.europesays.com\/lv\/wp-json\/wp\/v2\/posts\/91603","targetHints":{"allow":["GET"]}}],"collection":[{"href":"https:\/\/www.europesays.com\/lv\/wp-json\/wp\/v2\/posts"}],"about":[{"href":"https:\/\/www.europesays.com\/lv\/wp-json\/wp\/v2\/types\/post"}],"author":[{"embeddable":true,"href":"https:\/\/www.europesays.com\/lv\/wp-json\/wp\/v2\/users\/2"}],"replies":[{"embeddable":true,"href":"https:\/\/www.europesays.com\/lv\/wp-json\/wp\/v2\/comments?post=91603"}],"version-history":[{"count":0,"href":"https:\/\/www.europesays.com\/lv\/wp-json\/wp\/v2\/posts\/91603\/revisions"}],"wp:featuredmedia":[{"embeddable":true,"href":"https:\/\/www.europesays.com\/lv\/wp-json\/wp\/v2\/media\/91604"}],"wp:attachment":[{"href":"https:\/\/www.europesays.com\/lv\/wp-json\/wp\/v2\/media?parent=91603"}],"wp:term":[{"taxonomy":"category","embeddable":true,"href":"https:\/\/www.europesays.com\/lv\/wp-json\/wp\/v2\/categories?post=91603"},{"taxonomy":"post_tag","embeddable":true,"href":"https:\/\/www.europesays.com\/lv\/wp-json\/wp\/v2\/tags?post=91603"}],"curies":[{"name":"wp","href":"https:\/\/api.w.org\/{rel}","templated":true}]}}