{"id":91605,"date":"2026-01-01T10:38:07","date_gmt":"2026-01-01T10:38:07","guid":{"rendered":"https:\/\/www.europesays.com\/lv\/91605\/"},"modified":"2026-01-01T10:38:07","modified_gmt":"2026-01-01T10:38:07","slug":"okupanti-vecgada-vakara-uzbrukusi-ukrainas-energetikas-sektoram-apollo-lv","status":"publish","type":"post","link":"https:\/\/www.europesays.com\/lv\/91605\/","title":{"rendered":"Okupanti Vecgada vakar\u0101 uzbruku\u0161i Ukrainas ener\u0123\u0113tikas sektoram &#8211; Apollo.lv"},"content":{"rendered":"<ol>\n<li><a href=\"https:\/\/news.google.com\/rss\/articles\/CBMimAFBVV95cUxNVktJTEVfd3ZIQkV1aGEtOHh1S3pJNjJHNjlhUlZpQjBxbmRMWU9kSXVSUzdqYjYtVFUtN18tWHdCM0k0Rk1iLU1IV291TkNjalVzS3hfbGlfaWZITlJqVEdrZFBkYzZZVnlkSVplNVhHelJhbjdaam9FRTVRNkhEczRnMkQ3WkZoTWhNWEdoMFBHbF9yY2lTRg?oc=5\" target=\"_blank\" rel=\"nofollow noopener\">Okupanti Vecgada vakar\u0101 uzbruku\u0161i Ukrainas ener\u0123\u0113tikas sektoram<\/a>&nbsp;&nbsp;Apollo.lv<\/li>\n<li><a href=\"https:\/\/news.google.com\/rss\/articles\/CBMimAFBVV95cUxOVG9jdnB2X3FqUy1Eam5VbG5EaTYwbm9HMklCb3daLXJ3a01wLVBaTEdjVmJ5WEVZUHNXb2VIMUNNaHd1NkxSVzBHcHh0b0VTR25ZRkYwelZlX1ZiVjczdmlaZkVkamU4ZXpDUDJva05MRGNma0lWcld4WGs1R3Y3LTlaM3Q5cUFVX1lmY0ZVSzZRUnFXY3Jpcg?oc=5\" target=\"_blank\" rel=\"nofollow noopener\">Okupanti turpina teroriz\u0113t Ukrainu; tr\u012bs apgabalos nav elektr\u012bbas<\/a>&nbsp;&nbsp;TVNET<\/li>\n<li><a href=\"https:\/\/news.google.com\/rss\/articles\/CBMitwFBVV95cUxPYlpnSkxOOHJJTXR0blQxQWJPUjBqTWJSZEVmRnRtMFhEZmlHQ2ROTmNnY0J0MWkwcVRDM3RUSC1yODVJak8wajIzTWN4c1lqNW1FQk1HRjJyOXBKOFdkcUVNbnk5WTlvbTQzVDdnb2dUTF9tSDNaS2lJSjBOR0MwdUpvRmFmTmVRRElkNXgzMHh6TmRCZkNrNW1hVzlaS1o5a19ZZ1FUM3duRFg5N25xR1V2Q0N6UW8?oc=5\" target=\"_blank\" rel=\"nofollow noopener\">Krievija veikusi pla\u0161u uzbrukumu Odesai un t\u0101s apgabalam \/ Raksts<\/a>&nbsp;&nbsp;LSM<\/li>\n<li><a href=\"https:\/\/news.google.com\/rss\/articles\/CBMipwJBVV95cUxQTXJWMEhuaHJzbEoyZ0kteDc1ZGE2OGt2Yk1ucmtUQjdJLWJTRE84TFVDNkQxT0lEQ05JaGE5SWYyX01BNENBRnFpTkdQYjBUcERiczlGaGJlQk41SHFDb19zY1o4dTA1Z0xnN3UwcU9aNWRmeXVwZ1E2c3FfbUladHFJUHZZSzVfQU42amVvYUVyLXNabWM0M0huajhOLUxwS2J0WUlGSmJZaFJaZVBrM2pnNnA1OVU4WW5kUFhjRGdyd3RLc1M0aW42MDQyU3M1MDg2Mjd0d01xbkN4SmZDN1FOYXljNWlyWi15WnRzMFRUV21yTlBhbEdZdnJrZ2pwTDVkd1ExRGVINU1QcURzdmFfaUtoa2YyM3hFbjBZQVY0ckRkYUxB?oc=5\" target=\"_blank\" rel=\"nofollow noopener\">Lavrovs: Ukraina uzbruka Putina rezidencei, Krievijas atrieb\u012bbas m\u0113r\u0137i jau noteikti<\/a>&nbsp;&nbsp;Jauns.lv<\/li>\n<li><a href=\"https:\/\/news.google.com\/rss\/articles\/CBMipwFBVV95cUxQbUV2UzNZTG5DUklZNWgzR0dTUUF6WXVCeGpxenJ2R01nNWxTVHZRZ2s2UjFRS01SZ3hhTGVXa1ctdDFYZ0hSY2gzM0ZucXAxVE9vYTlqRnV5dXhNODZ3aVpQTk1KT0JNbWNGTXJfWmxneGd1cUVDb3VlbWdOSUpIdlB5clNVOFJNSEhZeTNPUmhlY3FOT1Rld25MVzlRUENPTG9DMXM4bw?oc=5\" target=\"_blank\" rel=\"nofollow noopener\">VIDEO. Krievijas armija pirms Jaun\u0101 gada ap\u0161auda Odesu: ir tr\u0101p\u012bju\u0161i ar\u012b dz\u012bvojam\u0101m \u0113k\u0101m<\/a>&nbsp;&nbsp;LA.LV<\/li>\n<\/ol>\n","protected":false},"excerpt":{"rendered":"Okupanti Vecgada vakar\u0101 uzbruku\u0161i Ukrainas ener\u0123\u0113tikas sektoram&nbsp;&nbsp;Apollo.lv Okupanti turpina teroriz\u0113t Ukrainu; tr\u012bs apgabalos nav elektr\u012bbas&nbsp;&nbsp;TVNET Krievija veikusi pla\u0161u&hellip;\n","protected":false},"author":2,"featured_media":91606,"comment_status":"","ping_status":"","sticky":false,"template":"","format":"standard","meta":{"footnotes":""},"categories":[14],"tags":[23,57,28,29,32,33,22,234,74,30,31,35,39,38,36,37,34,40,20,26,27,24,25,276,54,55,56,21,58],"class_list":{"0":"post-91605","1":"post","2":"type-post","3":"status-publish","4":"format-standard","5":"has-post-thumbnail","7":"category-zinas-no-arvalstim","8":"tag-aktualitates","9":"tag-arvalstim","10":"tag-breaking-news","11":"tag-breakingnews","12":"tag-featured-news","13":"tag-featurednews","14":"tag-headlines","15":"tag-krievija","16":"tag-krievijas-iebrukums-ukraina","17":"tag-latest-news","18":"tag-latestnews","19":"tag-latvia","20":"tag-latvian","21":"tag-latviesu","22":"tag-latviesu-valoda","23":"tag-latviesuvaloda","24":"tag-latvija","25":"tag-lv","26":"tag-news","27":"tag-popularakas-zinas","28":"tag-popularakaszinas","29":"tag-top-stories","30":"tag-topstories","31":"tag-ukraina","32":"tag-world","33":"tag-world-news","34":"tag-worldnews","35":"tag-zinas","36":"tag-zinas-no-arvalstim"},"share_on_mastodon":{"url":"https:\/\/pubeurope.com\/@lv\/115819413709943899","error":""},"_links":{"self":[{"href":"https:\/\/www.europesays.com\/lv\/wp-json\/wp\/v2\/posts\/91605","targetHints":{"allow":["GET"]}}],"collection":[{"href":"https:\/\/www.europesays.com\/lv\/wp-json\/wp\/v2\/posts"}],"about":[{"href":"https:\/\/www.europesays.com\/lv\/wp-json\/wp\/v2\/types\/post"}],"author":[{"embeddable":true,"href":"https:\/\/www.europesays.com\/lv\/wp-json\/wp\/v2\/users\/2"}],"replies":[{"embeddable":true,"href":"https:\/\/www.europesays.com\/lv\/wp-json\/wp\/v2\/comments?post=91605"}],"version-history":[{"count":0,"href":"https:\/\/www.europesays.com\/lv\/wp-json\/wp\/v2\/posts\/91605\/revisions"}],"wp:featuredmedia":[{"embeddable":true,"href":"https:\/\/www.europesays.com\/lv\/wp-json\/wp\/v2\/media\/91606"}],"wp:attachment":[{"href":"https:\/\/www.europesays.com\/lv\/wp-json\/wp\/v2\/media?parent=91605"}],"wp:term":[{"taxonomy":"category","embeddable":true,"href":"https:\/\/www.europesays.com\/lv\/wp-json\/wp\/v2\/categories?post=91605"},{"taxonomy":"post_tag","embeddable":true,"href":"https:\/\/www.europesays.com\/lv\/wp-json\/wp\/v2\/tags?post=91605"}],"curies":[{"name":"wp","href":"https:\/\/api.w.org\/{rel}","templated":true}]}}