{"id":91615,"date":"2026-01-01T10:44:10","date_gmt":"2026-01-01T10:44:10","guid":{"rendered":"https:\/\/www.europesays.com\/lv\/91615\/"},"modified":"2026-01-01T10:44:10","modified_gmt":"2026-01-01T10:44:10","slug":"valstis-kas-maksa-par-parcelsanos-top-3-galamerki-2026","status":"publish","type":"post","link":"https:\/\/www.europesays.com\/lv\/91615\/","title":{"rendered":"Valstis, kas maks\u0101 par p\u0101rcel\u0161anos: Top 3 galam\u0113r\u0137i 2026"},"content":{"rendered":"<p class=\"descr\">Sapnis par apme\u0161anos skaist\u0101s viet\u0101s tagad var k\u013c\u016bt par realit\u0101ti, jo daudzas valstis vis\u0101 pasaul\u0113 pied\u0101v\u0101 naudu un pat m\u0101jas, lai piesaist\u012btu jaunus iedz\u012bvot\u0101jus.<\/p>\n<p>Vai esat k\u0101dreiz dom\u0101ju\u0161i par mantu sakrav\u0101\u0161anu, <a href=\"https:\/\/nra.lv\/birka\/parcelsanas\/\" rel=\"nofollow noopener\" target=\"_blank\">p\u0101rcel\u0161anos<\/a> uz skaistu vietu un par to v\u0113l samaks\u0101tu? Tas nav sapnis; t\u0101 ir realit\u0101te. Vair\u0101kas valstis un pils\u0113tas vis\u0101 pasaul\u0113 pied\u0101v\u0101 finansi\u0101lus stimulus, lai piesaist\u012btu jaunus iedz\u012bvot\u0101jus un veicin\u0101tu sar\u016bko\u0161o iedz\u012bvot\u0101ju skaitu.<\/p>\n<p> Antikiteras sala, Grie\u0137ija <\/p>\n<p>Antikiteras sala, kas atrodas starp Kr\u0113tu un Pelopon\u0113su Grie\u0137ij\u0101, ir maza, noma\u013ca sala, kur\u0101 dz\u012bvo tikai 40-45 cilv\u0113ki. T\u0101s balti nokr\u0101sot\u0101s \u0113kas, zil\u0101 j\u016bra, nosl\u0113pumain\u0101s alas un sul\u012bgi za\u013cie pakalni padara to par ide\u0101lu galam\u0113r\u0137i dabas m\u012b\u013cot\u0101jiem. Grie\u0137u pareiztic\u012bgo bazn\u012bcas iniciat\u012bva pied\u0101v\u0101 izv\u0113l\u0113t\u0101m \u0123imen\u0113m, \u012bpa\u0161i t\u0101m, kur\u0101m ir b\u0113rni, ikm\u0113ne\u0161a finansi\u0101lu pal\u012bdz\u012bbu apm\u0113ram 500 eiro tr\u012bs gadus.<\/p>\n<p>Vi\u0146iem tiek nodro\u0161in\u0101ta ar\u012b m\u0101ja, kur\u0101 dz\u012bvot, un zemes gabals. Priek\u0161roka tiek dota person\u0101m ar tradicion\u0101l\u0101m prasm\u0113m, piem\u0113ram, cep\u0161anu, mak\u0161\u0137er\u0113\u0161anu vai lauksaimniec\u012bbu, un atlase tiek veikta p\u0113c intervijas. \u0160\u012b programma joproj\u0101m turpin\u0101s un ir pieejama ierobe\u017eotam \u0123ime\u0146u skaitam. T\u0101s galvenais m\u0113r\u0137is ir palielin\u0101t salas sar\u016bko\u0161o iedz\u012bvot\u0101ju skaitu un stiprin\u0101t viet\u0113jo ekonomiku.<\/p>\n<p> Albinena, \u0160veice <\/p>\n<p>Gleznainais Albinenas ciems, kas atrodas \u0160veices Alpos, ir slavens ar sav\u0101m sniegotaj\u0101m virsotn\u0113m, p\u0101rg\u0101jienu tak\u0101m un mier\u012bgo dz\u012bvesveidu. T\u0101 svaigais gaiss un satrieco\u0161\u0101s ainavas ir valdzino\u0161as. Lai piesaist\u012btu jaunus iedz\u012bvot\u0101jus, ciems pied\u0101v\u0101 25 000 \u0160veices franku (aptuveni 28 000-31 000 $) lielu grantu par pieaugu\u0161o un 10 000 \u0160veices franku (aptuveni 11 000-12 000 $) lielu grantu par b\u0113rnu.<\/p>\n<p>\u010cetru cilv\u0113ku \u0123imene var\u0113tu sa\u0146emt l\u012bdz aptuveni 70 000 $. Nosac\u012bjumi ietver m\u0101jas ieg\u0101di vai b\u016bvniec\u012bbu vismaz 200 000 CHF v\u0113rt\u012bb\u0101 un dz\u012bvo\u0161anu taj\u0101 vismaz 10 gadus. Pretendentiem j\u0101b\u016bt \u0160veices pilso\u0146iem vai past\u0101v\u012bgajiem iedz\u012bvot\u0101jiem (C at\u013cauja). \u0160\u012b programma ir izstr\u0101d\u0101ta, lai atdz\u012bvin\u0101tu ciematu, \u0146emot v\u0113r\u0101 jauno iedz\u012bvot\u0101ju skaita samazin\u0101\u0161anos, un pa\u0161laik ir akt\u012bva, un vair\u0101kas \u0123imenes jau ir guvu\u0161as labumu no t\u0101s.<\/p>\n<p> Prezi\u010de, It\u0101lija <\/p>\n<p>Prezi\u010de-Akvarika, v\u0113sturiska pils\u0113ta It\u0101lijas Ap\u016blijas re\u0123ion\u0101, izce\u013cas ar bru\u0123\u0113t\u0101m iel\u0101m, seno baroka arhitekt\u016bru un mier\u012bgu atmosf\u0113ru, ko ieskauj ol\u012bvu birzis un Vidusj\u016bras noska\u0146as.<\/p>\n<p>Pils\u0113ta pied\u0101v\u0101 l\u012bdz pat 30 000 eiro, lai pal\u012bdz\u0113tu ieg\u0101d\u0101ties un renov\u0113t vecas m\u0101jas (sadal\u012bts starp ieg\u0101des un renov\u0101cijas izmaks\u0101m). Ir j\u0101ieg\u0101d\u0101jas m\u0101ja, kas celta pirms 1991. gada, un taj\u0101 j\u0101iek\u0101rto past\u0101v\u012bg\u0101 dz\u012bvesvieta. \u0160\u012b programma darbojas kop\u0161 2022. gada. Pils\u0113tas v\u0113sturiskais centrs liel\u0101koties ir tuk\u0161s, un m\u0113r\u0137is ir to atdz\u012bvin\u0101t ar jauniem iedz\u012bvot\u0101jiem.<\/p>\n<p>\t\t\t\t\t\tinfo<\/p>\n<p>Uzzini pirmais<br \/>kas interesants noticis Latvij\u0101 un pasaul\u0113,<br \/>pievienojoties mums <a href=\"https:\/\/t.me\/neatkariga\" rel=\"nofollow\">Telegram<\/a> vai <a href=\"https:\/\/whatsapp.com\/channel\/0029VaMLFUH5K3zLU5s4wm3y\" rel=\"nofollow noopener\" target=\"_blank\">Whatsapp<\/a> kan\u0101l\u0101<\/p>\n","protected":false},"excerpt":{"rendered":"Sapnis par apme\u0161anos skaist\u0101s viet\u0101s tagad var k\u013c\u016bt par realit\u0101ti, jo daudzas valstis vis\u0101 pasaul\u0113 pied\u0101v\u0101 naudu un&hellip;\n","protected":false},"author":2,"featured_media":91616,"comment_status":"","ping_status":"","sticky":false,"template":"","format":"standard","meta":{"footnotes":""},"categories":[14],"tags":[23,57,28,29,32,33,22,30,31,35,39,38,36,37,34,40,20,26,27,24,25,54,55,56,21,58],"class_list":{"0":"post-91615","1":"post","2":"type-post","3":"status-publish","4":"format-standard","5":"has-post-thumbnail","7":"category-zinas-no-arvalstim","8":"tag-aktualitates","9":"tag-arvalstim","10":"tag-breaking-news","11":"tag-breakingnews","12":"tag-featured-news","13":"tag-featurednews","14":"tag-headlines","15":"tag-latest-news","16":"tag-latestnews","17":"tag-latvia","18":"tag-latvian","19":"tag-latviesu","20":"tag-latviesu-valoda","21":"tag-latviesuvaloda","22":"tag-latvija","23":"tag-lv","24":"tag-news","25":"tag-popularakas-zinas","26":"tag-popularakaszinas","27":"tag-top-stories","28":"tag-topstories","29":"tag-world","30":"tag-world-news","31":"tag-worldnews","32":"tag-zinas","33":"tag-zinas-no-arvalstim"},"share_on_mastodon":{"url":"https:\/\/pubeurope.com\/@lv\/115819437296260333","error":""},"_links":{"self":[{"href":"https:\/\/www.europesays.com\/lv\/wp-json\/wp\/v2\/posts\/91615","targetHints":{"allow":["GET"]}}],"collection":[{"href":"https:\/\/www.europesays.com\/lv\/wp-json\/wp\/v2\/posts"}],"about":[{"href":"https:\/\/www.europesays.com\/lv\/wp-json\/wp\/v2\/types\/post"}],"author":[{"embeddable":true,"href":"https:\/\/www.europesays.com\/lv\/wp-json\/wp\/v2\/users\/2"}],"replies":[{"embeddable":true,"href":"https:\/\/www.europesays.com\/lv\/wp-json\/wp\/v2\/comments?post=91615"}],"version-history":[{"count":0,"href":"https:\/\/www.europesays.com\/lv\/wp-json\/wp\/v2\/posts\/91615\/revisions"}],"wp:featuredmedia":[{"embeddable":true,"href":"https:\/\/www.europesays.com\/lv\/wp-json\/wp\/v2\/media\/91616"}],"wp:attachment":[{"href":"https:\/\/www.europesays.com\/lv\/wp-json\/wp\/v2\/media?parent=91615"}],"wp:term":[{"taxonomy":"category","embeddable":true,"href":"https:\/\/www.europesays.com\/lv\/wp-json\/wp\/v2\/categories?post=91615"},{"taxonomy":"post_tag","embeddable":true,"href":"https:\/\/www.europesays.com\/lv\/wp-json\/wp\/v2\/tags?post=91615"}],"curies":[{"name":"wp","href":"https:\/\/api.w.org\/{rel}","templated":true}]}}