{"id":91617,"date":"2026-01-01T10:45:26","date_gmt":"2026-01-01T10:45:26","guid":{"rendered":"https:\/\/www.europesays.com\/lv\/91617\/"},"modified":"2026-01-01T10:45:26","modified_gmt":"2026-01-01T10:45:26","slug":"gatere-gatava-pienemt-saeimas-deputates-mandatu","status":"publish","type":"post","link":"https:\/\/www.europesays.com\/lv\/91617\/","title":{"rendered":"G\u0101tere gatava pie\u0146emt Saeimas deput\u0101tes mand\u0101tu"},"content":{"rendered":"<p>Ar\u012b 2021. gada pa\u0161vald\u012bbu v\u0113l\u0113\u0161an\u0101s Zelderis tika iev\u0113l\u0113ts Talsu novada dom\u0113 no saraksta &#8220;M\u0113s &#8211; Talsiem un novadam&#8221;, bet v\u0113l\u0101k piev\u0113rs\u0101s valsts m\u0113roga politikai.<\/p>\n<p>Zeldera ce\u013ci savulaik \u012bsu br\u012bdi krustoju\u0161ies ar Jauno konservat\u012bvo partiju (JKP), kas 2021. gad\u0101 vi\u0146u virz\u012bja ties\u012bbsarga amatam, ta\u010du Saeimas vair\u0101kuma atbalstu vi\u0146\u0161 neguva.<\/p>\n<p>2022. gada oktobr\u012b Zelderis kandid\u0113ja 14. Saeimas v\u0113l\u0113\u0161an\u0101s jau no &#8220;Progres\u012bvo&#8221; saraksta un k\u0101 vien\u012bgais tika iev\u0113l\u0113ts no Kurzemes v\u0113l\u0113\u0161anu apgabala.<\/p>\n<p>P\u0113rn\u0101 gada j\u016bnij\u0101 Zelderis pameta &#8220;Progres\u012bvo&#8221; Saeimas frakciju un str\u0101d\u0101ja k\u0101 pie frakcij\u0101m nepiedero\u0161s deput\u0101ts. Deput\u0101tam ilgsto\u0161i bija vesel\u012bbas probl\u0113mas, l\u012bdz ar to Saeimas s\u0113d\u0113s vi\u0146a bie\u017ei nebija. Jau 2020. gad\u0101 Zelderis bija atk\u0101pies no partijas &#8220;M\u0113s &#8211; Talsiem un novadam&#8221; valdes priek\u0161s\u0113d\u0113t\u0101ja amata, bet \u0161\u012b gada j\u016blij\u0101 atst\u0101ja ar\u012b partijas valdes locek\u013ca amatu.<\/p>\n<p>L\u012bdz ar person\u0101liju izmai\u0146\u0101m valdo\u0161\u0101s koal\u012bcijas balsu skaits pieaugs no 52 bud\u017eeta pie\u0146em\u0161anas br\u012bd\u012b l\u012bdz 54 p\u0113c gadumijas. Za\u013co un zemnieku savien\u012bba (ZZS) nesen pazi\u0146oja, ka t\u0101s Saeimas frakcijai decembr\u012b pievienojies savulaik no &#8220;Jaun\u0101s vienot\u012bbas&#8221; (JV) saraksta iev\u0113l\u0113tais Andrejs Ce\u013cap\u012bters, kur\u0161 iepriek\u0161 kop\u0101 ar koal\u012bciju nebalsoja. Ar koal\u012bciju kop\u0101 parasti balso cits ZZS sadarb\u012bbas partneris, pie frakcij\u0101m nepiedero\u0161ais deput\u0101ts O\u013cegs Burovs (GKR).<\/p>\n<p>L\u012bdz ar G\u0101teres non\u0101k\u0161anu Saeim\u0101 par vienu balsi vair\u0101k atkal b\u016btu ar\u012b &#8220;Progres\u012bvajiem&#8221;, jo Zelderis balsojumos valdo\u0161o koal\u012bciju parasti neatbalst\u012bja. Balsis Evikas Sili\u0146as (JV) vald\u012bbai parasti nodro\u0161ina ar\u012b pie frakcij\u0101m nepiedero\u0161ie deput\u0101ti Igors Rajevs (iev\u0113l\u0113ts no &#8220;Apvienot\u0101 saraksta&#8221;) un Skaidr\u012bte \u0100brama (iev\u0113l\u0113ta no &#8220;Progres\u012bvo&#8221; saraksta).<\/p>\n<p>Atvad\u012b\u0161an\u0101s no Zeldera notiks 3. janv\u0101r\u012b Talsos, Me\u017ea kapli\u010d\u0101, plkst. 14.<\/p>\n","protected":false},"excerpt":{"rendered":"Ar\u012b 2021. gada pa\u0161vald\u012bbu v\u0113l\u0113\u0161an\u0101s Zelderis tika iev\u0113l\u0113ts Talsu novada dom\u0113 no saraksta &#8220;M\u0113s &#8211; Talsiem un novadam&#8221;,&hellip;\n","protected":false},"author":2,"featured_media":91618,"comment_status":"","ping_status":"","sticky":false,"template":"","format":"standard","meta":{"footnotes":""},"categories":[12],"tags":[23,28,29,32,33,22,30,31,35,39,38,36,37,34,40,20,26,27,141,24,25,21],"class_list":{"0":"post-91617","1":"post","2":"type-post","3":"status-publish","4":"format-standard","5":"has-post-thumbnail","7":"category-latvija","8":"tag-aktualitates","9":"tag-breaking-news","10":"tag-breakingnews","11":"tag-featured-news","12":"tag-featurednews","13":"tag-headlines","14":"tag-latest-news","15":"tag-latestnews","16":"tag-latvia","17":"tag-latvian","18":"tag-latviesu","19":"tag-latviesu-valoda","20":"tag-latviesuvaloda","21":"tag-latvija","22":"tag-lv","23":"tag-news","24":"tag-popularakas-zinas","25":"tag-popularakaszinas","26":"tag-saeima","27":"tag-top-stories","28":"tag-topstories","29":"tag-zinas"},"share_on_mastodon":{"url":"https:\/\/pubeurope.com\/@lv\/115819441560545875","error":""},"_links":{"self":[{"href":"https:\/\/www.europesays.com\/lv\/wp-json\/wp\/v2\/posts\/91617","targetHints":{"allow":["GET"]}}],"collection":[{"href":"https:\/\/www.europesays.com\/lv\/wp-json\/wp\/v2\/posts"}],"about":[{"href":"https:\/\/www.europesays.com\/lv\/wp-json\/wp\/v2\/types\/post"}],"author":[{"embeddable":true,"href":"https:\/\/www.europesays.com\/lv\/wp-json\/wp\/v2\/users\/2"}],"replies":[{"embeddable":true,"href":"https:\/\/www.europesays.com\/lv\/wp-json\/wp\/v2\/comments?post=91617"}],"version-history":[{"count":0,"href":"https:\/\/www.europesays.com\/lv\/wp-json\/wp\/v2\/posts\/91617\/revisions"}],"wp:featuredmedia":[{"embeddable":true,"href":"https:\/\/www.europesays.com\/lv\/wp-json\/wp\/v2\/media\/91618"}],"wp:attachment":[{"href":"https:\/\/www.europesays.com\/lv\/wp-json\/wp\/v2\/media?parent=91617"}],"wp:term":[{"taxonomy":"category","embeddable":true,"href":"https:\/\/www.europesays.com\/lv\/wp-json\/wp\/v2\/categories?post=91617"},{"taxonomy":"post_tag","embeddable":true,"href":"https:\/\/www.europesays.com\/lv\/wp-json\/wp\/v2\/tags?post=91617"}],"curies":[{"name":"wp","href":"https:\/\/api.w.org\/{rel}","templated":true}]}}