{"id":91623,"date":"2026-01-01T10:51:08","date_gmt":"2026-01-01T10:51:08","guid":{"rendered":"https:\/\/www.europesays.com\/lv\/91623\/"},"modified":"2026-01-01T10:51:08","modified_gmt":"2026-01-01T10:51:08","slug":"dalai-majsaimniecibu-pieaugs-elektroenergijas-rekini","status":"publish","type":"post","link":"https:\/\/www.europesays.com\/lv\/91623\/","title":{"rendered":"Da\u013cai m\u0101jsaimniec\u012bbu pieaugs elektroener\u0123ijas r\u0113\u0137ini"},"content":{"rendered":"<p>Inform\u0101ciju par to, kur\u0161 tarifu pl\u0101ns b\u016bs izdev\u012bg\u0101kais pie konkr\u0113t\u0101 ikm\u0113ne\u0161a pat\u0113ri\u0146a, var ieg\u016bt &#8220;Sadales t\u012bkla&#8221; tarifu kalkulator\u0101. Uz\u0146\u0113mum\u0101 skaidro, ka, izv\u0113loties &#8220;Speci\u0101lo&#8221; pl\u0101nu, ir r\u016bp\u012bgi j\u0101seko l\u012bdzi savam pat\u0113ri\u0146am, jo pat nelielas t\u0101 sv\u0101rst\u012bbas var strauji palielin\u0101t ikm\u0113ne\u0161a izmaksas, t\u0101p\u0113c main\u012bg\u0101s vai gr\u016bti paredzam\u0101s situ\u0101cij\u0101s ieteicams palikt pie &#8220;Pamata&#8221; tarifu pl\u0101na, kas ir atbilsto\u0161\u0101k\u0101 izv\u0113le ikdienas pat\u0113ri\u0146am un izmanto ap 97% m\u0101jsaimniec\u012bbu.<\/p>\n<p>Iesp\u0113jam\u0101s citas izmai\u0146as elektroener\u0123ijas r\u0113\u0137inos 2026. gad\u0101 neb\u016bs saist\u012btas ar sadales pakalpojumu, bet var b\u016bt saist\u012btas ar main\u012bgu pat\u0113ri\u0146a apjomu vai elektroener\u0123ijas kilovatstundas (kWh) tirdzniec\u012bbas cenas izmai\u0146\u0101m.<\/p>\n<p>&#8220;Sadales t\u012bkl\u0101&#8221; nor\u0101da, lai ikm\u0113ne\u0161a izmaksas b\u016btu optim\u0101las, elektr\u012bbas piesl\u0113guma jaudu ir b\u016btiski izraudz\u012bties atbilsto\u0161i m\u0101jsaimniec\u012bbas elektroener\u0123ijas lieto\u0161anas paradumiem, ko ietekm\u0113 m\u0101jsaimniec\u012bb\u0101 izmantot\u0101s elektrotehnikas kl\u0101sts un jauda.<\/p>\n<p>Ar\u012b 2026. gad\u0101 aizsarg\u0101tie elektroener\u0123ijas lietot\u0101ji &#8211; tr\u016bc\u012bgas vai maznodro\u0161in\u0101tas personas, daudzb\u0113rnu \u0123imenes vai \u0123imenes, kuru apr\u016bp\u0113 ir b\u0113rni ar invalidit\u0101ti, personas ar pirm\u0101s invalidit\u0101tes grupu &#8211; atbilsto\u0161i Elektroener\u0123ijas tirgus likumam var\u0113s turpin\u0101t sa\u0146emt atbalstu no valsts bud\u017eeta l\u012bdzek\u013ciem nor\u0113\u0137iniem par elektroener\u0123iju 20 l\u012bdz 25 eiro apm\u0113r\u0101. Atbalstam nav j\u0101piesak\u0101s, jo tas tiek pie\u0161\u0137irts autom\u0101tiski k\u0101 atlaide elektroener\u0123ijas r\u0113\u0137in\u0101. Pla\u0161\u0101ka inform\u0101cija pieejama Klimata un ener\u0123\u0113tikas ministrijas m\u0101jaslap\u0101.<\/p>\n","protected":false},"excerpt":{"rendered":"Inform\u0101ciju par to, kur\u0161 tarifu pl\u0101ns b\u016bs izdev\u012bg\u0101kais pie konkr\u0113t\u0101 ikm\u0113ne\u0161a pat\u0113ri\u0146a, var ieg\u016bt &#8220;Sadales t\u012bkla&#8221; tarifu kalkulator\u0101.&hellip;\n","protected":false},"author":2,"featured_media":91624,"comment_status":"","ping_status":"","sticky":false,"template":"","format":"standard","meta":{"footnotes":""},"categories":[12],"tags":[23,28,29,3392,32,33,22,30,31,35,39,38,36,37,34,40,20,26,27,5238,24,25,21],"class_list":{"0":"post-91623","1":"post","2":"type-post","3":"status-publish","4":"format-standard","5":"has-post-thumbnail","7":"category-latvija","8":"tag-aktualitates","9":"tag-breaking-news","10":"tag-breakingnews","11":"tag-elektriba","12":"tag-featured-news","13":"tag-featurednews","14":"tag-headlines","15":"tag-latest-news","16":"tag-latestnews","17":"tag-latvia","18":"tag-latvian","19":"tag-latviesu","20":"tag-latviesu-valoda","21":"tag-latviesuvaloda","22":"tag-latvija","23":"tag-lv","24":"tag-news","25":"tag-popularakas-zinas","26":"tag-popularakaszinas","27":"tag-sadales-tikls","28":"tag-top-stories","29":"tag-topstories","30":"tag-zinas"},"share_on_mastodon":{"url":"https:\/\/pubeurope.com\/@lv\/115819464801782597","error":""},"_links":{"self":[{"href":"https:\/\/www.europesays.com\/lv\/wp-json\/wp\/v2\/posts\/91623","targetHints":{"allow":["GET"]}}],"collection":[{"href":"https:\/\/www.europesays.com\/lv\/wp-json\/wp\/v2\/posts"}],"about":[{"href":"https:\/\/www.europesays.com\/lv\/wp-json\/wp\/v2\/types\/post"}],"author":[{"embeddable":true,"href":"https:\/\/www.europesays.com\/lv\/wp-json\/wp\/v2\/users\/2"}],"replies":[{"embeddable":true,"href":"https:\/\/www.europesays.com\/lv\/wp-json\/wp\/v2\/comments?post=91623"}],"version-history":[{"count":0,"href":"https:\/\/www.europesays.com\/lv\/wp-json\/wp\/v2\/posts\/91623\/revisions"}],"wp:featuredmedia":[{"embeddable":true,"href":"https:\/\/www.europesays.com\/lv\/wp-json\/wp\/v2\/media\/91624"}],"wp:attachment":[{"href":"https:\/\/www.europesays.com\/lv\/wp-json\/wp\/v2\/media?parent=91623"}],"wp:term":[{"taxonomy":"category","embeddable":true,"href":"https:\/\/www.europesays.com\/lv\/wp-json\/wp\/v2\/categories?post=91623"},{"taxonomy":"post_tag","embeddable":true,"href":"https:\/\/www.europesays.com\/lv\/wp-json\/wp\/v2\/tags?post=91623"}],"curies":[{"name":"wp","href":"https:\/\/api.w.org\/{rel}","templated":true}]}}