{"id":91625,"date":"2026-01-01T10:53:10","date_gmt":"2026-01-01T10:53:10","guid":{"rendered":"https:\/\/www.europesays.com\/lv\/91625\/"},"modified":"2026-01-01T10:53:10","modified_gmt":"2026-01-01T10:53:10","slug":"britnija-spirsa-asi-komente-gimenes-ziemassvetkus-kuras-nepiedalijas-lente-lv","status":"publish","type":"post","link":"https:\/\/www.europesays.com\/lv\/91625\/","title":{"rendered":"Britnija Sp\u012brsa asi koment\u0113 \u0123imenes Ziemassv\u0113tkus, kur\u0101s nepiedal\u012bj\u0101s\u00a0\u2014\u00a0Lente.lv"},"content":{"rendered":"<p>Britnija Sp\u012brsa s\u016bta skarbus v\u0101rdus \u0123imenei p\u0113c Ziemassv\u0113tku izol\u0101cijas<\/p>\n<p>Popzvaigzne Britnija Sp\u012brsa ned\u0113\u013cas nogal\u0113 soci\u0101lajos t\u012bklos public\u0113ja asu v\u0113st\u012bjumu, kritiz\u0113jot savu \u0123imeni p\u0113c tam, kad t\u0101, \u0161\u0137iet, Ziemassv\u0113tkus svin\u0113jusi bez vi\u0146as kl\u0101tb\u016btnes. K\u0101 inform\u0113 port\u0101ls jauns.lv, 44 gadus vec\u0101 dzied\u0101t\u0101ja sav\u0101 Instagram profil\u0101 dal\u012bjusies ar att\u0113lu, kur\u0101 redzama rot\u0101ta egl\u012bte, pievienojot tam sarkastisku koment\u0101ru par savu \u0123imeni. Vi\u0146a rakst\u012bja: &#8220;Priec\u012bgus nov\u0113lotus Ziemassv\u0113tkus manai skaistajai \u0123imenei, kura nekad mani nav aizsk\u0101rusi, nodar\u012bjusi p\u0101ri, nekad nav izdar\u012bjusi neko piln\u012bgi nepie\u0146emamu vai rad\u012bjusi neticamu traumu \u2013 t\u0101du traumu, ko nevar labot.&#8221;<\/p>\n<p>Negaid\u012bta atkalapvieno\u0161an\u0101s ar d\u0113lu<\/p>\n<p>Neskatoties uz spriedzi attiec\u012bb\u0101s ar \u0123imeni, Britnija \u0161os sv\u0113tkus pavad\u012bja kop\u0101 ar savu 19 gadus veco d\u0113lu D\u017eeidenu. Vi\u0146a Instagram dal\u012bjusies ar video, kur\u0101 redzama kop\u0101 ar D\u017eeidenu, nosaucot to par &#8220;lab\u0101kajiem Ziemassv\u0113tkiem dz\u012bv\u0113&#8221;. Dzied\u0101t\u0101ja atkl\u0101ja, ka nav redz\u0113jusi savus d\u0113lus jau divus gadus, un pau\u017e p\u0101rsteigumu un pateic\u012bbu par iesp\u0113ju pavad\u012bt laiku kop\u0101. Vi\u0146a gan piebilda, ka ir aiz\u0146emta Ziemassv\u0113tku laik\u0101, bet piebilda saviem \u0123imenes locek\u013ciem: &#8220;T\u0101tad, tik \u013coti atvainojos, ka biju aiz\u0146emta \u0161ajos Ziemassv\u0113tkos, bet es noteikti par\u0101d\u012b\u0161os un p\u0101rsteig\u0161u j\u016bs dr\u012bzum\u0101&#8230; Es nevaru sagaid\u012bt.&#8221; Vi\u0146a ar\u012b piemin\u0113ja savu septi\u0146us gadus veco br\u0101\u013cameitu Iviju, sakot: &#8220;Sveika, skaist\u0101 Ivija&#8230; es vienk\u0101r\u0161i gribu tevi apskaut, mana m\u012blest\u012bba. Lai miers, draugi.&#8221;<\/p>\n<p>\u0122imenes attiec\u012bbu sare\u017e\u0123\u012bt\u0101 v\u0113sture<\/p>\n<p>Britnijas attiec\u012bbas ar \u0123imeni ir biju\u0161as sare\u017e\u0123\u012btas kop\u0161 vi\u0146as 13 gadus ilg\u0101s aizbildniec\u012bbas beig\u0101m 2021. gada novembr\u012b. Dzied\u0101t\u0101ja sav\u0101 memu\u0101ru gr\u0101mat\u0101 &#8220;The Woman in Me&#8221; aps\u016bdz\u0113ja savus vec\u0101kus par vi\u0146as &#8220;sieviet\u012bbas&#8221; nolaup\u012b\u0161anu, ievietojot vi\u0146u stingr\u0101 aizbildniec\u012bb\u0101, kam\u0113r vi\u0146i peln\u012bja miljonus no vi\u0146as uzst\u0101\u0161an\u0101s. Ir izskan\u0113ju\u0161as ba\u017eas par iesp\u0113jamu \u0123imenes &#8220;iejauk\u0161anos&#8221; dzied\u0101t\u0101jas dz\u012bv\u0113, un Sp\u012brsa ir paudusi ba\u017eas, ka vi\u0146as t\u0113vs D\u017eeimijs un d\u0113li \u0160ons Prestons un D\u017eeidens D\u017eeimss var\u0113tu pl\u0101not k\u0101da veida &#8220;intervenci&#8221;.<\/p>\n<p>Dzied\u0101t\u0101jas emocion\u0101l\u0101 reakcija un n\u0101kotnes pl\u0101ni<\/p>\n<p>Sp\u012brsa ir atkl\u0101jusi, ka j\u016btas pak\u013cauta &#8220;milz\u012bgam spiedienam&#8221; sav\u0101s m\u0101j\u0101s Kalifornij\u0101 un apsver iesp\u0113ju p\u0101rcelties uz citu dz\u012bvesvietu. Vi\u0146a ir paudusi savas s\u0101pes par attiec\u012bbu dinamiku ar saviem pusaud\u017eu d\u0113liem, nor\u0101dot, ka vi\u0146i ir redz\u0113ju\u0161i &#8221; cie\u0146as tr\u016bkumu no vi\u0146u pa\u0161u t\u0113va.&#8221; Neskatoties uz \u0123imenes dr\u0101mu, Sp\u012brsa \u0161\u0137iet gatava turpin\u0101t veidot attiec\u012bbas ar saviem d\u0113liem un m\u0101ti, vienlaikus cen\u0161oties saglab\u0101t savu emocion\u0101lo un fizisko vesel\u012bbu.<\/p>\n","protected":false},"excerpt":{"rendered":"Britnija Sp\u012brsa s\u016bta skarbus v\u0101rdus \u0123imenei p\u0113c Ziemassv\u0113tku izol\u0101cijas Popzvaigzne Britnija Sp\u012brsa ned\u0113\u013cas nogal\u0113 soci\u0101lajos t\u012bklos public\u0113ja asu&hellip;\n","protected":false},"author":2,"featured_media":91626,"comment_status":"","ping_status":"","sticky":false,"template":"","format":"standard","meta":{"footnotes":""},"categories":[19],"tags":[19505,11652,89,984,90,35,39,38,36,37,34,40,11426,9687],"class_list":{"0":"post-91625","1":"post","2":"type-post","3":"status-publish","4":"format-standard","5":"has-post-thumbnail","7":"category-izklaide","8":"tag-atkalapvienosanas","9":"tag-britnija-spirsa","10":"tag-entertainment","11":"tag-gimene","12":"tag-izklaide","13":"tag-latvia","14":"tag-latvian","15":"tag-latviesu","16":"tag-latviesu-valoda","17":"tag-latviesuvaloda","18":"tag-latvija","19":"tag-lv","20":"tag-socialie-tikli","21":"tag-ziemassvetki"},"share_on_mastodon":{"url":"https:\/\/pubeurope.com\/@lv\/115819472684524296","error":""},"_links":{"self":[{"href":"https:\/\/www.europesays.com\/lv\/wp-json\/wp\/v2\/posts\/91625","targetHints":{"allow":["GET"]}}],"collection":[{"href":"https:\/\/www.europesays.com\/lv\/wp-json\/wp\/v2\/posts"}],"about":[{"href":"https:\/\/www.europesays.com\/lv\/wp-json\/wp\/v2\/types\/post"}],"author":[{"embeddable":true,"href":"https:\/\/www.europesays.com\/lv\/wp-json\/wp\/v2\/users\/2"}],"replies":[{"embeddable":true,"href":"https:\/\/www.europesays.com\/lv\/wp-json\/wp\/v2\/comments?post=91625"}],"version-history":[{"count":0,"href":"https:\/\/www.europesays.com\/lv\/wp-json\/wp\/v2\/posts\/91625\/revisions"}],"wp:featuredmedia":[{"embeddable":true,"href":"https:\/\/www.europesays.com\/lv\/wp-json\/wp\/v2\/media\/91626"}],"wp:attachment":[{"href":"https:\/\/www.europesays.com\/lv\/wp-json\/wp\/v2\/media?parent=91625"}],"wp:term":[{"taxonomy":"category","embeddable":true,"href":"https:\/\/www.europesays.com\/lv\/wp-json\/wp\/v2\/categories?post=91625"},{"taxonomy":"post_tag","embeddable":true,"href":"https:\/\/www.europesays.com\/lv\/wp-json\/wp\/v2\/tags?post=91625"}],"curies":[{"name":"wp","href":"https:\/\/api.w.org\/{rel}","templated":true}]}}