{"id":91635,"date":"2026-01-01T11:04:07","date_gmt":"2026-01-01T11:04:07","guid":{"rendered":"https:\/\/www.europesays.com\/lv\/91635\/"},"modified":"2026-01-01T11:04:07","modified_gmt":"2026-01-01T11:04:07","slug":"pieaug-atbalsts-aizbildniem-audzugimenem-un-adoptetajiem","status":"publish","type":"post","link":"https:\/\/www.europesays.com\/lv\/91635\/","title":{"rendered":"Pieaug atbalsts aizbild\u0146iem, aud\u017eu\u0123imen\u0113m un adopt\u0113t\u0101jiem"},"content":{"rendered":"<p>Atl\u012bdz\u012bba par adopt\u0113jam\u0101 b\u0113rna apr\u016bpi neatkar\u012bgi no b\u0113rna vecuma noteikta 70% apm\u0113r\u0101 no valst\u012b vid\u0113j\u0101s soci\u0101l\u0101s apdro\u0161in\u0101\u0161anas iemaksu algas jeb 1041 eiro m\u0113nes\u012b, kam\u0113r l\u012bdz \u0161im minim\u0101lais apm\u0113rs bija 171 eiro.<\/p>\n<p>Vienreiz\u0113j\u0101 atl\u012bdz\u012bba par b\u0113rna adopciju palielin\u0101ta l\u012bdz 2433 eiro, sal\u012bdzinot ar iepriek\u0161\u0113jiem 1422,87 eiro.<\/p>\n<p>Aud\u017eu\u0123imen\u0113m no \u0161odienas atl\u012bdz\u012bba par pien\u0101kumu pild\u012b\u0161anu noteikta 298 eiro m\u0113nes\u012b, saglab\u0101jot l\u012bdz\u0161in\u0113jos koeficientus par divu vai tr\u012bs b\u0113rnu apr\u016bpi. Ieviesti papildu koeficienti par liel\u0101ka b\u0113rnu skaita apr\u016bpi &#8211; sal\u012bdzino\u0161i iepriek\u0161 bija 171 eiro par viena b\u0113rna apr\u016bpi.<\/p>\n<p>T\u0101pat specializ\u0113taj\u0101m aud\u017eu\u0123imen\u0113m atalgojums noteikts 1560 eiro m\u0113nes\u012b, turkl\u0101t \u0161ogad pak\u0101peniski paredz\u0113ts ieviest jaunus atbalsta pakalpojumus, tostarp atelpas br\u012b\u017ea pakalpojumu, civiltiesisko un vesel\u012bbas apdro\u0161in\u0101\u0161anu.<\/p>\n<p>Izmai\u0146as skar ar\u012b uztura pabalsta minim\u0101lo apm\u0113ru, kas noteikts 390 eiro m\u0113nes\u012b par b\u0113rnu l\u012bdz se\u0161u gadu vecumam un 468 eiro par b\u0113rnu vecum\u0101 no septi\u0146iem l\u012bdz 17 gadiem.<\/p>\n<p>L\u012bdz ar to pieaug ar\u012b valsts kompens\u0101cija pa\u0161vald\u012bb\u0101m par b\u0113rna uztur\u0113\u0161anu aud\u017eu\u0123imen\u0113s &#8211; par b\u0113rniem l\u012bdz septi\u0146u gadu vecumam t\u0101 palielin\u0101ta no 53 l\u012bdz 225 eiro m\u0113nes\u012b, bet par b\u0113rniem no septi\u0146u gadu vecuma &#8211; no 64 l\u012bdz 270 eiro m\u0113nes\u012b.<\/p>\n<p>Vienlaikus palielin\u0101ts minim\u0101lais atbalsts pilngad\u012bbu sasniegu\u0161iem b\u0101re\u0146iem un bez vec\u0101ku g\u0101d\u012bbas paliku\u0161iem b\u0113rniem p\u0113c \u0101rpus\u0123imenes apr\u016bpes. Pabalsts ikm\u0113ne\u0161a izdevumiem no \u0161odienas ir 187 eiro m\u0113nes\u012b, bet jaunietim ar invalidit\u0101ti &#8211; 255 eiro. T\u0101pat pieaudzis vienreiz\u0113jais pabalsts patst\u0101v\u012bgas dz\u012bves uzs\u0101k\u0161anai &#8211; l\u012bdz 340 eiro, bet jaunietim ar invalidit\u0101ti l\u012bdz 510 eiro, k\u0101 ar\u012b vienreiz\u0113jais pabalsts sadz\u012bves priek\u0161metu un m\u012bkst\u0101 invent\u0101ra ieg\u0101dei &#8211; l\u012bdz 1445 eiro.<\/p>\n","protected":false},"excerpt":{"rendered":"Atl\u012bdz\u012bba par adopt\u0113jam\u0101 b\u0113rna apr\u016bpi neatkar\u012bgi no b\u0113rna vecuma noteikta 70% apm\u0113r\u0101 no valst\u012b vid\u0113j\u0101s soci\u0101l\u0101s apdro\u0161in\u0101\u0161anas iemaksu&hellip;\n","protected":false},"author":2,"featured_media":91636,"comment_status":"","ping_status":"","sticky":false,"template":"","format":"standard","meta":{"footnotes":""},"categories":[5],"tags":[23,28,29,32,33,22,1663,30,31,35,39,38,36,37,34,40,20,26,27,24,25,21],"class_list":{"0":"post-91635","1":"post","2":"type-post","3":"status-publish","4":"format-standard","5":"has-post-thumbnail","7":"category-aktualitates","8":"tag-aktualitates","9":"tag-breaking-news","10":"tag-breakingnews","11":"tag-featured-news","12":"tag-featurednews","13":"tag-headlines","14":"tag-labklajibas-ministrija","15":"tag-latest-news","16":"tag-latestnews","17":"tag-latvia","18":"tag-latvian","19":"tag-latviesu","20":"tag-latviesu-valoda","21":"tag-latviesuvaloda","22":"tag-latvija","23":"tag-lv","24":"tag-news","25":"tag-popularakas-zinas","26":"tag-popularakaszinas","27":"tag-top-stories","28":"tag-topstories","29":"tag-zinas"},"share_on_mastodon":{"url":"https:\/\/pubeurope.com\/@lv\/115819516105046880","error":""},"_links":{"self":[{"href":"https:\/\/www.europesays.com\/lv\/wp-json\/wp\/v2\/posts\/91635","targetHints":{"allow":["GET"]}}],"collection":[{"href":"https:\/\/www.europesays.com\/lv\/wp-json\/wp\/v2\/posts"}],"about":[{"href":"https:\/\/www.europesays.com\/lv\/wp-json\/wp\/v2\/types\/post"}],"author":[{"embeddable":true,"href":"https:\/\/www.europesays.com\/lv\/wp-json\/wp\/v2\/users\/2"}],"replies":[{"embeddable":true,"href":"https:\/\/www.europesays.com\/lv\/wp-json\/wp\/v2\/comments?post=91635"}],"version-history":[{"count":0,"href":"https:\/\/www.europesays.com\/lv\/wp-json\/wp\/v2\/posts\/91635\/revisions"}],"wp:featuredmedia":[{"embeddable":true,"href":"https:\/\/www.europesays.com\/lv\/wp-json\/wp\/v2\/media\/91636"}],"wp:attachment":[{"href":"https:\/\/www.europesays.com\/lv\/wp-json\/wp\/v2\/media?parent=91635"}],"wp:term":[{"taxonomy":"category","embeddable":true,"href":"https:\/\/www.europesays.com\/lv\/wp-json\/wp\/v2\/categories?post=91635"},{"taxonomy":"post_tag","embeddable":true,"href":"https:\/\/www.europesays.com\/lv\/wp-json\/wp\/v2\/tags?post=91635"}],"curies":[{"name":"wp","href":"https:\/\/api.w.org\/{rel}","templated":true}]}}