{"id":91637,"date":"2026-01-01T11:05:07","date_gmt":"2026-01-01T11:05:07","guid":{"rendered":"https:\/\/www.europesays.com\/lv\/91637\/"},"modified":"2026-01-01T11:05:07","modified_gmt":"2026-01-01T11:05:07","slug":"valdis-zatlers-aicina-likt-miera-maestro-un-skaidro-situaciju-ap-raimonda-paula-dziesmu-svetkiem-lente-lv-2","status":"publish","type":"post","link":"https:\/\/www.europesays.com\/lv\/91637\/","title":{"rendered":"Valdis Zatlers aicina \u201clikt mier\u0101 Maestro\u201d un skaidro situ\u0101ciju ap Raimonda Paula Dziesmu sv\u0113tkiem\u00a0\u2014\u00a0Lente.lv"},"content":{"rendered":"<p>Zatlers uzsver Maestro inform\u0113t\u012bbu par ieceri<\/p>\n<p>Biju\u0161ais Latvijas Valsts prezidents Valdis Zatlers, kur\u0161 ir fonda \u201cManai dzimtenei\u201d padomes loceklis, skaidrojis sabiedr\u012bb\u0101 radu\u0161os a\u017eiot\u0101\u017eu par Dziesmu sv\u0113tkiem, kas nosaukti komponista Raimonda Paula v\u0101rd\u0101. Zatlers uzsv\u0113ris, ka Raimonds Pauls par ieceri bija inform\u0113ts jau t\u0101s s\u0101kumposm\u0101 un ka fonda \u201cManai dzimtenei\u201d p\u0101rst\u0101vji ar vi\u0146u tik\u0101s pirms vair\u0101k nek\u0101 gada, lai p\u0101rrun\u0101tu sv\u0113tku ieceri, koncertu un dziesmu programmu. K\u0101 zi\u0146o Latvijas Av\u012bze, Zatlers TV24 raid\u012bjum\u0101 \u201cDienas person\u012bba ar Veltu Puri\u0146u\u201d paudis, ka situ\u0101cija, kad Maestro pau\u017e iebildumus, esot nepat\u012bkama, ta\u010du vi\u0146\u0161 pats esot p\u0101rliecin\u0101ts, ka koncerts notiks, k\u0101 iecer\u0113ts. \u201cM\u0113s konsult\u0113j\u0101mies ar vi\u0146u,\u201d uzsv\u0113ris Zatlers, noliedzot, ka sv\u0113tki b\u016btu izdom\u0101ti \u201cuz savu galvu\u201d .<\/p>\n<p>Neskaidr\u012bbas un publisk\u0101 reakcija<\/p>\n<p>Neskatoties uz Valda Zatlera skaidrojumiem, publiskaj\u0101 telp\u0101 par\u0101d\u012bjusies inform\u0101cija, ka Raimonds Pauls iebilst pret vi\u0146a v\u0101rd\u0101 nosaukto Dziesmu sv\u0113tku r\u012bko\u0161anu, pau\u017eot, ka tas notiek bez vi\u0146a piekri\u0161anas un ka daudziem tas ir vien veids, k\u0101 nopeln\u012bt. Maestro paudis v\u0113lmi \u0161os sv\u0113tkus \u201caizliegt\u201d, nor\u0101dot uz potenci\u0101l\u0101m probl\u0113m\u0101m ar kult\u016bras naudas izlietojumu un to, ka lauku koriem, kuriem iepriek\u0161 tika sol\u012bts bezmaksas dal\u012bbnieka statuss, tagad tiek pras\u012bta dal\u012bbas maksa . R\u012bkot\u0101ji, rea\u0123\u0113jot uz \u0161iem izteikumiem, izplat\u012bju\u0161i pazi\u0146ojumu, ka vi\u0146u galven\u0101 motiv\u0101cija ir godin\u0101t Maestro dai\u013cradi, un noliedz, ka b\u016btu apgalvoju\u0161i, ka pats Raimonds Pauls piedal\u012bsies pas\u0101kum\u0101 .<\/p>\n<p>Sv\u0113tku v\u0113riens un pl\u0101notais saturs<\/p>\n<p>Pl\u0101nots, ka Raimonda Paula Dziesmu sv\u0113tki \u201cManai dzimtenei\u201d b\u016bs v\u0113rien\u012bgs pas\u0101kums, kas pulc\u0113s vair\u0101k nek\u0101 13 000 dzied\u0101t\u0101ju no Latvijas un diasporas. Paredz\u0113ts, ka piedal\u012bsies ar\u012b kori no diasporas, kuru skaits var\u0113tu sasniegt aptuveni 1500 dzied\u0101t\u0101ju . Pas\u0101kuma rado\u0161aj\u0101 komand\u0101 iek\u013cauts idejas autors un m\u0101kslinieciskais vad\u012bt\u0101js J\u0101nis \u0136irsis, re\u017eisore Dita L\u016bri\u0146a, virsdiri\u0123ents M\u0101rti\u0146\u0161 Kli\u0161\u0101ns un scenogr\u0101fs M\u0101rti\u0146\u0161 Vilk\u0101rsis . Koncerta programma paredz gan taut\u0101 iem\u012b\u013cotas Raimonda Paula kora dziesmas, gan ar\u012b jaunu autoru rad\u012btus darbus, kas iedvesmojo\u0161ies no Maestro m\u016bzikas. Koncerta nosl\u0113gum\u0101 pl\u0101nota sadzied\u0101\u0161an\u0101s nakts . Bi\u013ce\u0161u cena uz \u0161o pas\u0101kumu sv\u0101rst\u0101s no 35 l\u012bdz 150 eiro, un l\u0113t\u0101k\u0101s bi\u013cetes jau ir izp\u0101rdotas .<\/p>\n<p>Zatlera aicin\u0101jums un n\u0101kotnes perspekt\u012bvas<\/p>\n<p>Valdis Zatlers aicin\u0101jis sabiedr\u012bbu un ar\u012b pa\u0161u Maestro \u201clikt mier\u0101\u201d, nor\u0101dot, ka koncerts notiks, k\u0101 iecer\u0113ts, un ka sabiedr\u012bba var b\u016bt mier\u012bga. Vi\u0146\u0161 pau\u017e cer\u012bbu, ka p\u0113c koncerta Maestro b\u016bs gandar\u012bts par savu darbu, neskatoties uz pa\u0161reiz\u0113jo situ\u0101ciju. Zatlers uzsv\u0113ris, ka fonda m\u0113r\u0137is ir godin\u0101t komponista dai\u013cradi, un vi\u0146\u0161 pats pievienojies fondam tie\u0161i \u0161\u012b m\u0113r\u0137a d\u0113\u013c . Lai gan situ\u0101cija rad\u012bjusi neizpratni un diskusijas, Zatlers ir p\u0101rliecin\u0101ts, ka iek\u0161\u0113jais finans\u0113jums un bi\u013ce\u0161u tirdzniec\u012bba nodro\u0161in\u0101s pas\u0101kuma norisi .<\/p>\n","protected":false},"excerpt":{"rendered":"Zatlers uzsver Maestro inform\u0113t\u012bbu par ieceri Biju\u0161ais Latvijas Valsts prezidents Valdis Zatlers, kur\u0161 ir fonda \u201cManai dzimtenei\u201d padomes&hellip;\n","protected":false},"author":2,"featured_media":91632,"comment_status":"","ping_status":"","sticky":false,"template":"","format":"standard","meta":{"footnotes":""},"categories":[19],"tags":[1660,89,23049,90,35,39,38,36,37,34,40,103,2672,7715],"class_list":{"0":"post-91637","1":"post","2":"type-post","3":"status-publish","4":"format-standard","5":"has-post-thumbnail","7":"category-izklaide","8":"tag-dziesmu-svetki","9":"tag-entertainment","10":"tag-fonds-manai-dzimtenei","11":"tag-izklaide","12":"tag-latvia","13":"tag-latvian","14":"tag-latviesu","15":"tag-latviesu-valoda","16":"tag-latviesuvaloda","17":"tag-latvija","18":"tag-lv","19":"tag-muzika","20":"tag-raimonds-pauls","21":"tag-valdis-zatlers"},"share_on_mastodon":{"url":"https:\/\/pubeurope.com\/@lv\/115819519875836852","error":""},"_links":{"self":[{"href":"https:\/\/www.europesays.com\/lv\/wp-json\/wp\/v2\/posts\/91637","targetHints":{"allow":["GET"]}}],"collection":[{"href":"https:\/\/www.europesays.com\/lv\/wp-json\/wp\/v2\/posts"}],"about":[{"href":"https:\/\/www.europesays.com\/lv\/wp-json\/wp\/v2\/types\/post"}],"author":[{"embeddable":true,"href":"https:\/\/www.europesays.com\/lv\/wp-json\/wp\/v2\/users\/2"}],"replies":[{"embeddable":true,"href":"https:\/\/www.europesays.com\/lv\/wp-json\/wp\/v2\/comments?post=91637"}],"version-history":[{"count":0,"href":"https:\/\/www.europesays.com\/lv\/wp-json\/wp\/v2\/posts\/91637\/revisions"}],"wp:featuredmedia":[{"embeddable":true,"href":"https:\/\/www.europesays.com\/lv\/wp-json\/wp\/v2\/media\/91632"}],"wp:attachment":[{"href":"https:\/\/www.europesays.com\/lv\/wp-json\/wp\/v2\/media?parent=91637"}],"wp:term":[{"taxonomy":"category","embeddable":true,"href":"https:\/\/www.europesays.com\/lv\/wp-json\/wp\/v2\/categories?post=91637"},{"taxonomy":"post_tag","embeddable":true,"href":"https:\/\/www.europesays.com\/lv\/wp-json\/wp\/v2\/tags?post=91637"}],"curies":[{"name":"wp","href":"https:\/\/api.w.org\/{rel}","templated":true}]}}