{"id":91638,"date":"2026-01-01T11:10:14","date_gmt":"2026-01-01T11:10:14","guid":{"rendered":"https:\/\/www.europesays.com\/lv\/91638\/"},"modified":"2026-01-01T11:10:14","modified_gmt":"2026-01-01T11:10:14","slug":"bulgarija-ievies-eiro","status":"publish","type":"post","link":"https:\/\/www.europesays.com\/lv\/91638\/","title":{"rendered":"Bulg\u0101rija ievie\u0161 eiro"},"content":{"rendered":"<p>\u0160odien, 1. janv\u0101r\u012b, Bulg\u0101rij\u0101 ofici\u0101li tiek laists apgroz\u012bb\u0101 <a rel=\"noopener nofollow\" target=\"_blank\" href=\"https:\/\/www.delfi.lv\/temas\/44184031\/eiro\" tag-id=\"44184031\">eiro<\/a>, liecina pazi\u0146ojums Eiropas Centr\u0101l\u0101s bankas (ECB) m\u0101jaslap\u0101.<\/p>\n<p>T\u0101d\u0113j\u0101di to <a rel=\"noopener nofollow\" target=\"_blank\" href=\"https:\/\/www.delfi.lv\/temas\/40409793\/eiropas-savieniba\" tag-id=\"40409793\">Eiropas Savien\u012bbas<\/a> (ES) dal\u012bbvalstu skaits, kuras ieviesu\u0161as vienoto Eiropas val\u016btu, <a rel=\"noopener nofollow\" target=\"_blank\" href=\"https:\/\/www.ecb.europa.eu\/press\/pr\/date\/2026\/html\/ecb.pr260101~c830245e42.lv.html\" data-rel-date-range=\"[]\">palielin\u0101jies l\u012bdz 21<\/a>.<\/p>\n<p>ECB atg\u0101dina, ka 2025. gada j\u016blij\u0101 tika pie\u0146emts l\u0113mums ar\u012b par ofici\u0101lo mai\u0146as kursu \u2013 1,95583 <a rel=\"noopener nofollow\" target=\"_blank\" href=\"https:\/\/www.delfi.lv\/temas\/40460057\/bulgarija\" tag-id=\"40460057\">Bulg\u0101rijas<\/a> levas par 1 eiro.<\/p>\n<p>ECB ar\u012b atz\u012bm\u0113jusi \u0161o notikumu \u2013 eiro ievie\u0161anu Bulg\u0101rij\u0101 \u2013, izgaismojot savu galveno \u0113ku Frankfurt\u0113, lai t\u0101d\u0113j\u0101di simboliz\u0113tu 358 miljonu eiropie\u0161u, kuru val\u016bta ir euro, integr\u0101ciju un vienot\u012bbu. Jaungada nakt\u012b simboliski izgaismota ar\u012b Bulg\u0101rijas centr\u0101l\u0101s bankas \u0113ka. <\/p>\n<p><img decoding=\"async\" itemprop=\"image\" src=\"https:\/\/www.europesays.com\/lv\/wp-content\/uploads\/2026\/01\/1d4e7ab6-894e-403e-8979-c8c56ff9b223.jpg\" title=\"Bulg\u0101rija ievie\u0161 eiro\" alt=\"Bulg\u0101rija ievie\u0161 eiro\" class=\"img-fluid w-100\" data-v-a1a92103=\"\"\/>Foto: AFP\/Scanpix\/LETA<\/p>\n<p>&#8220;Sirsn\u012bgi sveicu Bulg\u0101riju eiro saim\u0113,&#8221; izteikusies ECB prezidente <a rel=\"noopener nofollow\" target=\"_blank\" href=\"https:\/\/www.delfi.lv\/temas\/47901681\/kristine-lagarda\" tag-id=\"47901681\">Krist\u012bne Lagarda<\/a>. Vi\u0146a nor\u0101d\u012bjusi, ka &#8220;eiro ir sp\u0113c\u012bgs simbols, kas apliecina, ko Eiropa var sasniegt, ja str\u0101d\u0101jam kop\u0101, un atspogu\u013co kop\u012bg\u0101s v\u0113rt\u012bbas un kolekt\u012bvo sp\u0113ku, ko varam likt liet\u0101, lai p\u0101rvar\u0113tu glob\u0101lo \u0123eopolitisko nenoteikt\u012bbu, ar ko pa\u0161laik saskaramies.&#8221;<\/p>\n<p>Bulg\u0101rijai pievienojoties eurozonai, Bulg\u0101rijas Nacion\u0101l\u0101 banka k\u013c\u016bst par Eirosist\u0113mas da\u013cu un Bulg\u0101rijas Nacion\u0101l\u0101s bankas prezidents ie\u0146em vietu ECB Padom\u0113. T\u0101pat Bulg\u0101rijas Nacion\u0101l\u0101 banka k\u013c\u016bst ar\u012b par Vienot\u0101 uzraudz\u012bbas meh\u0101nisma pilnties\u012bgu dal\u012bbnieci, lai gan Bulg\u0101rija piedal\u012bjusies taj\u0101 jau kop\u0161 2020. gada oktobra.<\/p>\n<p><img decoding=\"async\" itemprop=\"image\" src=\"https:\/\/www.europesays.com\/lv\/wp-content\/uploads\/2026\/01\/36d86dd0-5951-11ed-9bff-a35492d3c971.jpg\" title=\"Bulg\u0101rija ievie\u0161 eiro\" alt=\"Bulg\u0101rija ievie\u0161 eiro\" class=\"img-fluid w-100\" data-v-a1a92103=\"\"\/>Foto: AFP\/Scanpix\/LETA<\/p>\n<p>ECB pazi\u0146ojum\u0101 atz\u012bm\u0113ts, ka Bulg\u0101rijas Nacion\u0101l\u0101 banka veikusi atliku\u0161o iemaksas da\u013cu ECB kapit\u0101l\u0101 un p\u0101rvedusi savu ieguld\u012bjumu ECB \u0101r\u0113jo rezervju akt\u012bvos. Eirosist\u0113mas dar\u012bjumu partneri no Bulg\u0101rijas var\u0113s piedal\u012bties p\u0113c 2026. gada 1. janv\u0101ra izzi\u0146otaj\u0101s Eurosist\u0113mas atkl\u0101t\u0101 tirgus oper\u0101cij\u0101s. <\/p>\n<p>To kred\u012btiest\u0101\u017eu un kred\u012btiest\u0101\u017eu fili\u0101\u013cu saraksts, kuras atrodas Bulg\u0101rij\u0101 un uz kur\u0101m attiecas rezervju pras\u012bbas, dr\u012bzum\u0101 tiks public\u0113ts ECB interneta vietn\u0113.<\/p>\n<p>\u0160odien Bulg\u0101rijas tirgus pievienojies ar\u012b Eirosist\u0113mas TARGET pakalpojumiem, kas nodro\u0161ina br\u012bvu naudas, v\u0113rtspap\u012bru un nodro\u0161in\u0101juma pl\u016bsmu vis\u0101 Eirop\u0101.<\/p>\n<p>Nor\u0113\u0137ini eiro, izmantojot T2S un TIPS, Bulg\u0101rijas tirg\u016b pieejami attiec\u012bgi kop\u0161 2023. un 2024. gada.<\/p>\n<p>Bulg\u0101rijas dar\u012bjuma partneru migr\u0101cija norit\u0113ja raiti, un visi pakalpojumi tagad ir akt\u012bvi, papildina ECB.<\/p>\n<p class=\"m-0\">Seko &#8220;Delfi&#8221; ar\u012b  <a target=\"_blank\" href=\"https:\/\/www.instagram.com\/delfi.lv\/\" rel=\"nofollow noopener\">Instagram<\/a>  un <a target=\"_blank\" href=\"https:\/\/www.youtube.com\/channel\/UCw5foWtcJvAbUm64rv7jwUQ\" rel=\"nofollow noopener\">YouTube<\/a>  profil\u0101 \u2013 pievienojies, lai uzzin\u0101tu svar\u012bg\u0101ko un interesant\u0101ko pirmais!<\/p>\n<p>Publik\u0101cijas saturs vai t\u0101s jebk\u0101da apjoma da\u013ca ir aizsarg\u0101ts autorties\u012bbu objekts Autorties\u012bbu likuma izpratn\u0113, un t\u0101 izmanto\u0161ana bez izdev\u0113ja at\u013caujas ir aizliegta. Vair\u0101k lasi  <a target=\"_blank\" href=\"https:\/\/www.delfi.lv\/noteikumi#autortiesibas\" rel=\"nofollow noopener\">\u0161eit<\/a><script async src=\"\/\/www.instagram.com\/embed.js\"><\/script><\/p>\n","protected":false},"excerpt":{"rendered":"\u0160odien, 1. janv\u0101r\u012b, Bulg\u0101rij\u0101 ofici\u0101li tiek laists apgroz\u012bb\u0101 eiro, liecina pazi\u0146ojums Eiropas Centr\u0101l\u0101s bankas (ECB) m\u0101jaslap\u0101. T\u0101d\u0113j\u0101di to&hellip;\n","protected":false},"author":2,"featured_media":91639,"comment_status":"","ping_status":"","sticky":false,"template":"","format":"standard","meta":{"footnotes":""},"categories":[5],"tags":[23,28,29,3567,16028,10200,514,32,33,22,23050,30,31,35,39,38,36,37,34,40,20,26,27,24,25,21],"class_list":{"0":"post-91638","1":"post","2":"type-post","3":"status-publish","4":"format-standard","5":"has-post-thumbnail","7":"category-aktualitates","8":"tag-aktualitates","9":"tag-breaking-news","10":"tag-breakingnews","11":"tag-bulgarija","12":"tag-eiro","13":"tag-eiropas-centrala-banka","14":"tag-eiropas-savieniba","15":"tag-featured-news","16":"tag-featurednews","17":"tag-headlines","18":"tag-kristine-lagarda","19":"tag-latest-news","20":"tag-latestnews","21":"tag-latvia","22":"tag-latvian","23":"tag-latviesu","24":"tag-latviesu-valoda","25":"tag-latviesuvaloda","26":"tag-latvija","27":"tag-lv","28":"tag-news","29":"tag-popularakas-zinas","30":"tag-popularakaszinas","31":"tag-top-stories","32":"tag-topstories","33":"tag-zinas"},"share_on_mastodon":{"url":"https:\/\/pubeurope.com\/@lv\/115819539566839768","error":""},"_links":{"self":[{"href":"https:\/\/www.europesays.com\/lv\/wp-json\/wp\/v2\/posts\/91638","targetHints":{"allow":["GET"]}}],"collection":[{"href":"https:\/\/www.europesays.com\/lv\/wp-json\/wp\/v2\/posts"}],"about":[{"href":"https:\/\/www.europesays.com\/lv\/wp-json\/wp\/v2\/types\/post"}],"author":[{"embeddable":true,"href":"https:\/\/www.europesays.com\/lv\/wp-json\/wp\/v2\/users\/2"}],"replies":[{"embeddable":true,"href":"https:\/\/www.europesays.com\/lv\/wp-json\/wp\/v2\/comments?post=91638"}],"version-history":[{"count":0,"href":"https:\/\/www.europesays.com\/lv\/wp-json\/wp\/v2\/posts\/91638\/revisions"}],"wp:featuredmedia":[{"embeddable":true,"href":"https:\/\/www.europesays.com\/lv\/wp-json\/wp\/v2\/media\/91639"}],"wp:attachment":[{"href":"https:\/\/www.europesays.com\/lv\/wp-json\/wp\/v2\/media?parent=91638"}],"wp:term":[{"taxonomy":"category","embeddable":true,"href":"https:\/\/www.europesays.com\/lv\/wp-json\/wp\/v2\/categories?post=91638"},{"taxonomy":"post_tag","embeddable":true,"href":"https:\/\/www.europesays.com\/lv\/wp-json\/wp\/v2\/tags?post=91638"}],"curies":[{"name":"wp","href":"https:\/\/api.w.org\/{rel}","templated":true}]}}