{"id":91655,"date":"2026-01-01T11:26:07","date_gmt":"2026-01-01T11:26:07","guid":{"rendered":"https:\/\/www.europesays.com\/lv\/91655\/"},"modified":"2026-01-01T11:26:07","modified_gmt":"2026-01-01T11:26:07","slug":"porzingis-par-atgriesanas-speli-speleju-brivi-un-centos-palidzet-komandai-tvnet-sports","status":"publish","type":"post","link":"https:\/\/www.europesays.com\/lv\/91655\/","title":{"rendered":"Porzi\u0146\u0123is par atgrie\u0161an\u0101s sp\u0113li: Sp\u0113l\u0113ju br\u012bvi un centos pal\u012bdz\u0113t komandai &#8211; TVNET Sports"},"content":{"rendered":"<ol>\n<li><a href=\"https:\/\/news.google.com\/rss\/articles\/CBMiqAFBVV95cUxPVTBEbDdIaWtYZm9CSFhTem1QMmY2Z3Izak4tNWZ6VUVqZlVpc1FXeE10TUhIbmlyOTM3ejRSMGFKNlhxdF80c1Y3bGJHMTE3VHYxemQ5SURXbVdGSGw1cGJHUFRxa1hZNGE2dXcwTFpIS2dHZHJDQXpZQ0FwbGtWTGVPSHR5WDVrWE5kOFd5NjV5R3FWVTVvV09rdnV0NW4yeVIwUzRIWlM?oc=5\" target=\"_blank\" rel=\"nofollow noopener\">Porzi\u0146\u0123is par atgrie\u0161an\u0101s sp\u0113li: Sp\u0113l\u0113ju br\u012bvi un centos pal\u012bdz\u0113t komandai<\/a>&nbsp;&nbsp;TVNET Sports<\/li>\n<li><a href=\"https:\/\/news.google.com\/rss\/articles\/CBMi3AFBVV95cUxOYVZTVzZyR0h3QXY0c3cyaDRyTzVLZGUzY3Atakx4dkFMVmlTZGNwSmdIMkhUREpkOWF4RWNMVVFDR3A1bDVaR09yNnlsREs5T1MwdV9UcjhTOHpMYV9UYldQRThIa2dWa1pHcDNxamRfaHpNVGhxMWYxR0Rtc3JCTVEzSVdJdmJsMkJlYW94MlJITDkybWpuRzMwOFVKVnJyOXQtbWFqczc0VEhZTEFNaVczZDRwblh0VDNBTzRZVUpUQUJlQXNFWElOclgwYjBSNEhPdHF3WjdIT2J6?oc=5\" target=\"_blank\" rel=\"nofollow noopener\">Porzi\u0146\u0123is atgrie\u017eas ar 16 punktu guvumu, \u00abHawks\u00bb p\u0101rtrauc ieilgu\u0161u zaud\u0113jumu s\u0113riju \/ Raksts<\/a>&nbsp;&nbsp;LSM<\/li>\n<li><a href=\"https:\/\/news.google.com\/rss\/articles\/CBMinAFBVV95cUxNblF1enlaMjNpWldfZ0Q0QjRwSldjQlQ0emZmOGxNUlV6eDU1LTJMX3dXVzU2dS1ENUZEWUhwTjU3UVF6TG5Jc0pvaGdmaU1QR1M3VWVSMnlQUlhfRThPRXNMUTRFVmVzcXpyQkZLd01UV04yWldyMTItNU5yTXBtUXR0Z3NxUm1kbmpYNTBSVXRxQmxyeUtEaVU5R1c?oc=5\" target=\"_blank\" rel=\"nofollow noopener\">Porzi\u0146\u0123is beidzot atgriez\u012bsies laukum\u0101<\/a>&nbsp;&nbsp;Delfi<\/li>\n<li><a href=\"https:\/\/news.google.com\/rss\/articles\/CBMirgFBVV95cUxNcGNHc0pmU19JWUt3TGNCVkVncnloVmJWRDNWWmZHY3k5NXBoLWFlYXl2R3VoZFB6NEJ0VEpnUHBRSnlGQjZ4a04tWC10THBrclhtUTRBUWN4Y0FlQTYtSTI4WjloY3dQNnozd2wyVzlEOEE3TW1sM1hJaWtXOTYyclQwQktXbzBOa1JFTFd6Rlg1TTNaSGM5NUdBRmpzdWl1N04yZjU5eUNDSE9kN2c?oc=5\" target=\"_blank\" rel=\"nofollow noopener\">Porzi\u0146\u0123is gada p\u0113d\u0113j\u0101 sp\u0113l\u0113 gatavojas atgriezties NBA laukum\u0101 \u2013 Basketbols<\/a>&nbsp;&nbsp;Sportacentrs.com<\/li>\n<li><a href=\"https:\/\/news.google.com\/rss\/articles\/CBMi1gFBVV95cUxNNFpHOUpjNE80RFA0bmYxSjhwakoxNEg2ZHU1ckJnRVZwemJOT1A1NVExOFhYblBTUy0zdXBNNjVNSTdXS2hGMEFYZUNfUlF2Y3c0TWFjcTlhWUJkRmlhaHpWTE9LZFZtU202c0VOY2k5N0NfRW1YSlc3TWFhWVdFV1ltUUFqUHh6OEJOQ1p0cDU2bTdGY3NQYVp3ajFSd0JhbVRUVFRUczk4eFdzSmFMblU1UGxEUHJvckx3RDh0VEhNcU1vQzRISjBsdE5zU21tVDQySTJ3?oc=5\" target=\"_blank\" rel=\"nofollow noopener\">Porzi\u0146\u0123is vareni atgrie\u017eas laukum\u0101 un pal\u012bdz &#8220;Hawks&#8221; saplos\u012bt &#8220;Timberwolves&#8221;, izbeidzot kluba &#8220;melno s\u0113riju&#8221;<\/a>&nbsp;&nbsp;Jauns.lv<\/li>\n<\/ol>\n","protected":false},"excerpt":{"rendered":"Porzi\u0146\u0123is par atgrie\u0161an\u0101s sp\u0113li: Sp\u0113l\u0113ju br\u012bvi un centos pal\u012bdz\u0113t komandai&nbsp;&nbsp;TVNET Sports Porzi\u0146\u0123is atgrie\u017eas ar 16 punktu guvumu, \u00abHawks\u00bb&hellip;\n","protected":false},"author":2,"featured_media":91296,"comment_status":"","ping_status":"","sticky":false,"template":"","format":"standard","meta":{"footnotes":""},"categories":[17],"tags":[1260,35,39,38,36,37,34,40,67],"class_list":{"0":"post-91655","1":"post","2":"type-post","3":"status-publish","4":"format-standard","5":"has-post-thumbnail","7":"category-sports","8":"tag-kristaps-porzingis","9":"tag-latvia","10":"tag-latvian","11":"tag-latviesu","12":"tag-latviesu-valoda","13":"tag-latviesuvaloda","14":"tag-latvija","15":"tag-lv","16":"tag-sports"},"share_on_mastodon":{"url":"","error":""},"_links":{"self":[{"href":"https:\/\/www.europesays.com\/lv\/wp-json\/wp\/v2\/posts\/91655","targetHints":{"allow":["GET"]}}],"collection":[{"href":"https:\/\/www.europesays.com\/lv\/wp-json\/wp\/v2\/posts"}],"about":[{"href":"https:\/\/www.europesays.com\/lv\/wp-json\/wp\/v2\/types\/post"}],"author":[{"embeddable":true,"href":"https:\/\/www.europesays.com\/lv\/wp-json\/wp\/v2\/users\/2"}],"replies":[{"embeddable":true,"href":"https:\/\/www.europesays.com\/lv\/wp-json\/wp\/v2\/comments?post=91655"}],"version-history":[{"count":0,"href":"https:\/\/www.europesays.com\/lv\/wp-json\/wp\/v2\/posts\/91655\/revisions"}],"wp:featuredmedia":[{"embeddable":true,"href":"https:\/\/www.europesays.com\/lv\/wp-json\/wp\/v2\/media\/91296"}],"wp:attachment":[{"href":"https:\/\/www.europesays.com\/lv\/wp-json\/wp\/v2\/media?parent=91655"}],"wp:term":[{"taxonomy":"category","embeddable":true,"href":"https:\/\/www.europesays.com\/lv\/wp-json\/wp\/v2\/categories?post=91655"},{"taxonomy":"post_tag","embeddable":true,"href":"https:\/\/www.europesays.com\/lv\/wp-json\/wp\/v2\/tags?post=91655"}],"curies":[{"name":"wp","href":"https:\/\/api.w.org\/{rel}","templated":true}]}}