{"id":91656,"date":"2026-01-01T11:30:09","date_gmt":"2026-01-01T11:30:09","guid":{"rendered":"https:\/\/www.europesays.com\/lv\/91656\/"},"modified":"2026-01-01T11:30:09","modified_gmt":"2026-01-01T11:30:09","slug":"premjere-silina-jaungada-uzruna-aicina-latvijas-iedzivotajus-tiekties-uz-izcilibu-un-parspet-sevi-lente-lv","status":"publish","type":"post","link":"https:\/\/www.europesays.com\/lv\/91656\/","title":{"rendered":"Premjere Sili\u0146a Jaungada uzrun\u0101 aicina Latvijas iedz\u012bvot\u0101jus tiekties uz izcil\u012bbu un p\u0101rsp\u0113t sevi\u00a0\u2014\u00a0Lente.lv"},"content":{"rendered":"<p>Premjeres aicin\u0101jums izcil\u012bbai un sevis p\u0101rsp\u0113\u0161anai<\/p>\n<p>Ministru prezidente Evika Sili\u0146a sav\u0101 gadumijas uzrun\u0101 aicin\u0101jusi Latvijas sabiedr\u012bbu izaicin\u0101t un p\u0101rsp\u0113t pa\u0161iem sevi, izk\u0101pt no ikdieni\u0161\u0137\u0101 un tiekties uz izcil\u012bbu. K\u0101 inform\u0113 port\u0101ls jauns.lv, premjere uzsv\u0113ra, ka ikviens Latvijas cilv\u0113ks ir v\u0113rt\u012bba neatkar\u012bgi no veikt\u0101 darba. Vi\u0146a pauda p\u0101rliec\u012bbu, ka latvie\u0161iem piem\u012bt sp\u0113jas un talanti, kas \u013cauj izcelties, \u012bpa\u0161i izce\u013cot pretst\u0101v\u0113\u0161anas sp\u012btu pret netaisn\u012bbu, vardarb\u012bbu un agresiju.<\/p>\n<p>V\u0113rt\u012bbas un n\u0101kotnes veido\u0161ana<\/p>\n<p>Sili\u0146a aicin\u0101ja iest\u0101ties par lab\u0101ku izgl\u012bt\u012bbu b\u0113rniem un jauno tehnolo\u0123iju ien\u0101k\u0161anu Latvijas uz\u0146\u0113mumos un m\u0101j\u0101s. Vi\u0146a mudin\u0101ja nebaid\u012bties no n\u0101kotnes, bet akt\u012bvi to veidot, t\u0101d\u0113j\u0101di k\u013c\u016bstot lab\u0101kiem, atkl\u0101jot jaunas sp\u0113jas un vairojot gan individu\u0101lo, gan valsts kop\u0113jo tur\u012bbu. Premjere uzsv\u0113ra, ka svar\u012bgi ir viens otr\u0101 ieklaus\u012bties, iest\u0101ties par cilv\u0113c\u012bbu un kop\u012bg\u0101m v\u0113rt\u012bb\u0101m, k\u0101 ar\u012b apliecin\u0101ja solidarit\u0101ti ar Ukrainu, nor\u0101dot, ka t\u0101s c\u012b\u0146a ir ar\u012b par Latvijas kop\u0113jo dro\u0161\u012bbu.<\/p>\n<p>Latvijas tautas sp\u0113ks un sasniegumi<\/p>\n<p>Run\u0101jot par Latvijas stipraj\u0101m pus\u0113m, premjere atz\u012bm\u0113ja izcilos zin\u0101tniekus, uz\u0146\u0113m\u0113jus, sportistus, m\u0101ksliniekus un medi\u0137us, ar kuriem valsts lepojas. Vi\u0146a nor\u0101d\u012bja, ka m\u016bsdienu pasaul\u0113 ir \u012bpa\u0161a v\u0113rt\u012bba b\u016bt da\u013cai no latvie\u0161u tautas, kas saglab\u0101jusi savu valodu un kult\u016bru. T\u0101pat Sili\u0146a aicin\u0101ja bie\u017e\u0101k lepoties un izjust gandar\u012bjumu par sasniegumiem, kas dod drosmi notic\u0113t sev un papildu ener\u0123iju izdar\u012bt vair\u0101k. Vi\u0146a \u012bpa\u0161i pateic\u0101s tiem, kuri stiprin\u0101ju\u0161i Latviju un padar\u012bju\u0161i to dro\u0161\u0101ku un p\u0101rtic\u012bg\u0101ku, k\u0101 ar\u012b tiem, kuri sv\u0113tkos turpina str\u0101d\u0101t, piem\u0113ram, operat\u012bvajiem dienestiem.<\/p>\n<p>Priorit\u0101tes un vald\u012bbas darbs<\/p>\n<p>Ministru prezidente uzsv\u0113ra, ka vald\u012bbas galvenais uzdevums ir str\u0101d\u0101t cilv\u0113ku lab\u0101, solot pilnveidot valsts iest\u0101\u017eu darbu, lai padar\u012btu to tuv\u0101ku iedz\u012bvot\u0101jiem. Vi\u0146a atg\u0101din\u0101ja, ka Latvijas n\u0101kotne un konkur\u0113tsp\u0113ja balst\u0101s uz dro\u0161\u012bbu, labkl\u0101j\u012bbu un latvisk\u0101m v\u0113rt\u012bb\u0101m, ko apliecina ar\u012b invest\u012bcijas iedz\u012bvot\u0101ju att\u012bst\u012bb\u0101, vesel\u012bb\u0101 un izgl\u012bt\u012bb\u0101. \u0160ie ir galvenie virzieni, lai vairotu valsts konkur\u0113tsp\u0113ju, piesaist\u012btu invest\u012bcijas un veicin\u0101tu eksportu.<\/p>\n<p>N\u0101kotnes izaicin\u0101jumi un iesp\u0113jas<\/p>\n<p>Sili\u0146a aicin\u0101ja pa\u0146emt l\u012bdzi no aizejo\u0161\u0101 gada m\u0101c\u012bbas un n\u0101kamaj\u0101 gad\u0101 pie\u0146emt l\u0113mumus \u0101tr\u0101k un drosm\u012bg\u0101k. Vi\u0146a uzsv\u0113ra, ka netaisn\u012bbai un vardarb\u012bbai nav vietas Latvijas sabiedr\u012bb\u0101. K\u0101 b\u016btiskus izaicin\u0101jumus turpm\u0101kajiem gadiem var min\u0113t nacion\u0101l\u0101s dro\u0161\u012bbas stiprin\u0101\u0161anu, aizsardz\u012bbas bud\u017eeta efekt\u012bvu izlietojumu un sabiedr\u012bbas uztic\u0113\u0161anos. Tiek prognoz\u0113ts, ka aizsardz\u012bbas bud\u017eets 2026. gad\u0101 var\u0113tu sasniegt 4,91% no IKP, kas apliecina valsts ap\u0146em\u0161anos stiprin\u0101t aizsardz\u012bbas sp\u0113jas. \u0160ie faktori kop\u0101 veido pamatu Latvijas att\u012bst\u012bbai un sp\u0113jai st\u0101ties pret\u012b n\u0101kotnes izaicin\u0101jumiem.<\/p>\n","protected":false},"excerpt":{"rendered":"Premjeres aicin\u0101jums izcil\u012bbai un sevis p\u0101rsp\u0113\u0161anai Ministru prezidente Evika Sili\u0146a sav\u0101 gadumijas uzrun\u0101 aicin\u0101jusi Latvijas sabiedr\u012bbu izaicin\u0101t un&hellip;\n","protected":false},"author":2,"featured_media":91657,"comment_status":"","ping_status":"","sticky":false,"template":"","format":"standard","meta":{"footnotes":""},"categories":[5],"tags":[23,28,29,1249,32,33,22,23053,23052,30,31,35,39,38,36,37,34,40,12185,20,26,27,24,25,21],"class_list":{"0":"post-91656","1":"post","2":"type-post","3":"status-publish","4":"format-standard","5":"has-post-thumbnail","7":"category-aktualitates","8":"tag-aktualitates","9":"tag-breaking-news","10":"tag-breakingnews","11":"tag-evika-silina","12":"tag-featured-news","13":"tag-featurednews","14":"tag-headlines","15":"tag-izciliba","16":"tag-jaungada-uzruna","17":"tag-latest-news","18":"tag-latestnews","19":"tag-latvia","20":"tag-latvian","21":"tag-latviesu","22":"tag-latviesu-valoda","23":"tag-latviesuvaloda","24":"tag-latvija","25":"tag-lv","26":"tag-nakotne","27":"tag-news","28":"tag-popularakas-zinas","29":"tag-popularakaszinas","30":"tag-top-stories","31":"tag-topstories","32":"tag-zinas"},"share_on_mastodon":{"url":"https:\/\/pubeurope.com\/@lv\/115819618395174292","error":""},"_links":{"self":[{"href":"https:\/\/www.europesays.com\/lv\/wp-json\/wp\/v2\/posts\/91656","targetHints":{"allow":["GET"]}}],"collection":[{"href":"https:\/\/www.europesays.com\/lv\/wp-json\/wp\/v2\/posts"}],"about":[{"href":"https:\/\/www.europesays.com\/lv\/wp-json\/wp\/v2\/types\/post"}],"author":[{"embeddable":true,"href":"https:\/\/www.europesays.com\/lv\/wp-json\/wp\/v2\/users\/2"}],"replies":[{"embeddable":true,"href":"https:\/\/www.europesays.com\/lv\/wp-json\/wp\/v2\/comments?post=91656"}],"version-history":[{"count":0,"href":"https:\/\/www.europesays.com\/lv\/wp-json\/wp\/v2\/posts\/91656\/revisions"}],"wp:featuredmedia":[{"embeddable":true,"href":"https:\/\/www.europesays.com\/lv\/wp-json\/wp\/v2\/media\/91657"}],"wp:attachment":[{"href":"https:\/\/www.europesays.com\/lv\/wp-json\/wp\/v2\/media?parent=91656"}],"wp:term":[{"taxonomy":"category","embeddable":true,"href":"https:\/\/www.europesays.com\/lv\/wp-json\/wp\/v2\/categories?post=91656"},{"taxonomy":"post_tag","embeddable":true,"href":"https:\/\/www.europesays.com\/lv\/wp-json\/wp\/v2\/tags?post=91656"}],"curies":[{"name":"wp","href":"https:\/\/api.w.org\/{rel}","templated":true}]}}