{"id":91660,"date":"2026-01-01T11:32:08","date_gmt":"2026-01-01T11:32:08","guid":{"rendered":"https:\/\/www.europesays.com\/lv\/91660\/"},"modified":"2026-01-01T11:32:08","modified_gmt":"2026-01-01T11:32:08","slug":"video-girgensona-lightning-gadu-nosledz-ar-uzvaru-par-anaheimas-ducks-tv3-lv","status":"publish","type":"post","link":"https:\/\/www.europesays.com\/lv\/91660\/","title":{"rendered":"VIDEO: Girgensona &quot;Lightning&quot; gadu nosl\u0113dz ar uzvaru p\u0101r Anaheimas &quot;Ducks&quot; &#8211; tv3.lv"},"content":{"rendered":"<ol>\n<li><a href=\"https:\/\/news.google.com\/rss\/articles\/CBMingFBVV95cUxPSmNRcDJhRUNYRExpdndzVUp1MFQ2QjFNSkdxMlQ1WlhWZUU2RFYwR0VTRjhrUHdBUXBweC16REZuUmxiTGtiLXlzUGQ5UVlNUnQtRTJqU0laeUs0RDlVY0o3cTVHYTkyTFpvazQxUlREM3VaanpEd01XcWxvWGcwelIxSFZ1V2Z5YnUzbTl3Ri1GTjg5bS1NdU9LcFN0UQ?oc=5\" target=\"_blank\" rel=\"nofollow noopener\">VIDEO: Girgensona &#8220;Lightning&#8221; gadu nosl\u0113dz ar uzvaru p\u0101r Anaheimas &#8220;Ducks&#8221;<\/a>&nbsp;&nbsp;tv3.lv<\/li>\n<li><a href=\"https:\/\/news.google.com\/rss\/articles\/CBMi0gFBVV95cUxOeEhPOGhTSXpyUDdpNzlRanhwRHY5OTFEVGpuMGtFVm5aazBEVkk1T0QxaWl1NTNXcERxQkN3YWswYXZHNHQtZVh5R2pUc3ktNHVpdm4yZFl3M21SdEQ5TDJBS2FabEIybG5uQkF3WEdLYzhha3B3MTcyTE5Hbk1JS2dDOUZXNmJVM29fUHlBVUdrOG5sbi1ZMEgtZDZlLW8tUnpSWWZSQVlqcW1jRThZdHZ5OXV6TkZOMnRraVU0a2x3R2I1UWY0SzRSelJSVVNUQVE?oc=5\" target=\"_blank\" rel=\"nofollow noopener\">Girgensonam turpin\u0101s uzvaru s\u0113rija, \u0100bolam sagr\u0101ve, Merz\u013cikins turpina &#8220;sild\u012bt&#8221; soli\u0146u<\/a>&nbsp;&nbsp;Delfi<\/li>\n<li><a href=\"https:\/\/news.google.com\/rss\/articles\/CBMijwFBVV95cUxQS2hqei1PaFBnM2YwaGotalVZU0pHa2g3NFZFZ2VUNVZpaEt3d24tN3E1Z3phQUMtcE05TDVfNklwNWtCaU9oYzNQYUxhWEJlR3BJUU92NTVlZUVpa0dmVDkzU1Jsd1N3WE9TbzE1OF90UUJtTUJfLVpHSGtTRmtVV0tzNFpqVkQ5ZDZJbXFfOA?oc=5\" target=\"_blank\" rel=\"nofollow noopener\">Uz NHL ledus iziet divi latvie\u0161i, Girgensona &#8220;Lightning&#8221; turpina uzvar\u0113t \u2013 Hokejs<\/a>&nbsp;&nbsp;Sportacentrs.com<\/li>\n<li><a href=\"https:\/\/news.google.com\/rss\/articles\/CBMi_wFBVV95cUxOSlZOYk9laEFOMkNQSkpkU3NBSUppcGZHLTh0cWxXM0s2eVFXdGNKVTY5ZmlKT1BnTWozcHprWXNXRzVNNmZTNm9LMFUzLWFZVFlad25IR0ZmTzZMTDY3Z0xEV21zYWE3QnQwbmhJeTF0bzBqYy1ENGQ3V2dmaEpxaHdNZTBPdmNhU1J4cE5YYzkxZHZmMEp6VlAxR2duSUU3cV9ic0xiUkV0TXM2engyQ0xLb05fYWxlcmFQdlhjSXFON3FsZVEwb2d4bjc3MGNRMXdnNEgybVJZTi1LLXhPck9XeFg1NDctV2EtZWxJYkhtRHA4VDhiaG9ISHctUEk?oc=5\" target=\"_blank\" rel=\"nofollow noopener\">Latvijas hokejistu Z. Girgensona un R. \u0100bola komandas aizvada svar\u012bgas sp\u0113les; E. Merz\u013cikins gatavojas c\u012b\u0146ai pret sp\u0113c\u012bgu pretinieku<\/a>&nbsp;&nbsp;Lente.lv<\/li>\n<li><a href=\"https:\/\/news.google.com\/rss\/articles\/CBMijwFBVV95cUxPeVBDLU5ZeWRwVGRtOFF5b1loUjVzZnhiNVprRUFtVkhqRHJEekZxRENuSEt2X3gxTncwMkNFcDQwRVBDYkt5V2F1LVBNalRFX1h0blBGSDI3eXNUTHdISVR5NjZ0VENHY1lFUk5PYmhPRW5SWGFnSnB0YUcwTEVEUVBxamZfcmRBOE1PUmV4QQ?oc=5\" target=\"_blank\" rel=\"nofollow noopener\">\u0100bols tiksies ar sev paroc\u012bgo \u2033Canucks\u2033, Balinskim otrais ma\u010ds tikpat dien\u0101s \u2013 Hokejs<\/a>&nbsp;&nbsp;Sportacentrs.com<\/li>\n<\/ol>\n","protected":false},"excerpt":{"rendered":"VIDEO: Girgensona &#8220;Lightning&#8221; gadu nosl\u0113dz ar uzvaru p\u0101r Anaheimas &#8220;Ducks&#8221;&nbsp;&nbsp;tv3.lv Girgensonam turpin\u0101s uzvaru s\u0113rija, \u0100bolam sagr\u0101ve, Merz\u013cikins turpina&hellip;\n","protected":false},"author":2,"featured_media":91661,"comment_status":"","ping_status":"","sticky":false,"template":"","format":"standard","meta":{"footnotes":""},"categories":[17],"tags":[35,39,38,36,37,34,40,835,67],"class_list":{"0":"post-91660","1":"post","2":"type-post","3":"status-publish","4":"format-standard","5":"has-post-thumbnail","7":"category-sports","8":"tag-latvia","9":"tag-latvian","10":"tag-latviesu","11":"tag-latviesu-valoda","12":"tag-latviesuvaloda","13":"tag-latvija","14":"tag-lv","15":"tag-nhl","16":"tag-sports"},"share_on_mastodon":{"url":"https:\/\/pubeurope.com\/@lv\/115819626038481981","error":""},"_links":{"self":[{"href":"https:\/\/www.europesays.com\/lv\/wp-json\/wp\/v2\/posts\/91660","targetHints":{"allow":["GET"]}}],"collection":[{"href":"https:\/\/www.europesays.com\/lv\/wp-json\/wp\/v2\/posts"}],"about":[{"href":"https:\/\/www.europesays.com\/lv\/wp-json\/wp\/v2\/types\/post"}],"author":[{"embeddable":true,"href":"https:\/\/www.europesays.com\/lv\/wp-json\/wp\/v2\/users\/2"}],"replies":[{"embeddable":true,"href":"https:\/\/www.europesays.com\/lv\/wp-json\/wp\/v2\/comments?post=91660"}],"version-history":[{"count":0,"href":"https:\/\/www.europesays.com\/lv\/wp-json\/wp\/v2\/posts\/91660\/revisions"}],"wp:featuredmedia":[{"embeddable":true,"href":"https:\/\/www.europesays.com\/lv\/wp-json\/wp\/v2\/media\/91661"}],"wp:attachment":[{"href":"https:\/\/www.europesays.com\/lv\/wp-json\/wp\/v2\/media?parent=91660"}],"wp:term":[{"taxonomy":"category","embeddable":true,"href":"https:\/\/www.europesays.com\/lv\/wp-json\/wp\/v2\/categories?post=91660"},{"taxonomy":"post_tag","embeddable":true,"href":"https:\/\/www.europesays.com\/lv\/wp-json\/wp\/v2\/tags?post=91660"}],"curies":[{"name":"wp","href":"https:\/\/api.w.org\/{rel}","templated":true}]}}