{"id":91662,"date":"2026-01-01T11:35:07","date_gmt":"2026-01-01T11:35:07","guid":{"rendered":"https:\/\/www.europesays.com\/lv\/91662\/"},"modified":"2026-01-01T11:35:07","modified_gmt":"2026-01-01T11:35:07","slug":"muziba-devies-komponists-boriss-rezniks-2","status":"publish","type":"post","link":"https:\/\/www.europesays.com\/lv\/91662\/","title":{"rendered":"M\u016b\u017e\u012bb\u0101 devies komponists Boriss Rez\u0146iks"},"content":{"rendered":"<p>Boriss Rez\u0146iks dzimis 1947. gada 3. maij\u0101 R\u012bg\u0101, bija Latvijas komponists. No 1972. l\u012bdz 1992. gadam vad\u012bjis m\u016bzikas grupu \u201cEolika\u201d. Kop\u0101 ar komponistu Ivaru V\u012bgneru 1993. gad\u0101 izveidoja ska\u0146u ierakstu studiju \u201cStudio 55\u201d.<\/p>\n<p>Rez\u0146iks ir daudzu Latvij\u0101 paz\u012bstamu dziesmu autors, starp t\u0101m dziesmas \u201cPasaule, pasaul\u012bt\u201d, \u201cEs neesmu D\u017eeina Fonda\u201d, \u201cTava atn\u0101k\u0161ana\u201d, \u201cTu smejies sapn\u012b\u201d, \u201cKarav\u0101na\u201d, \u201cAtmostas Baltija\u201d.<\/p>\n<p>L\u012bdzj\u016bt\u012bba tuviniekiem un talanta cien\u012bt\u0101jiem.<\/p>\n<p class=\"tv3-fw-500\">Zi\u0146o par k\u013c\u016bdu rakst\u0101<\/p>\n<p class=\"d-md-block d-none\">Iez\u012bm\u0113 k\u013c\u016bdaino tekstu un spied Ctrl+Enter.<\/p>\n<p class=\"d-md-none d-block\">Iez\u012bm\u0113 k\u013c\u016bdaino tekstu un zi\u0146o par to!<\/p>\n","protected":false},"excerpt":{"rendered":"Boriss Rez\u0146iks dzimis 1947. gada 3. maij\u0101 R\u012bg\u0101, bija Latvijas komponists. No 1972. l\u012bdz 1992. gadam vad\u012bjis m\u016bzikas&hellip;\n","protected":false},"author":2,"featured_media":91663,"comment_status":"","ping_status":"","sticky":false,"template":"","format":"standard","meta":{"footnotes":""},"categories":[12],"tags":[23,23056,28,29,32,33,22,30,31,35,39,38,36,37,34,40,20,26,27,24,25,21],"class_list":{"0":"post-91662","1":"post","2":"type-post","3":"status-publish","4":"format-standard","5":"has-post-thumbnail","7":"category-latvija","8":"tag-aktualitates","9":"tag-boriss-rezniksin-memoriam","10":"tag-breaking-news","11":"tag-breakingnews","12":"tag-featured-news","13":"tag-featurednews","14":"tag-headlines","15":"tag-latest-news","16":"tag-latestnews","17":"tag-latvia","18":"tag-latvian","19":"tag-latviesu","20":"tag-latviesu-valoda","21":"tag-latviesuvaloda","22":"tag-latvija","23":"tag-lv","24":"tag-news","25":"tag-popularakas-zinas","26":"tag-popularakaszinas","27":"tag-top-stories","28":"tag-topstories","29":"tag-zinas"},"share_on_mastodon":{"url":"https:\/\/pubeurope.com\/@lv\/115819637894441876","error":""},"_links":{"self":[{"href":"https:\/\/www.europesays.com\/lv\/wp-json\/wp\/v2\/posts\/91662","targetHints":{"allow":["GET"]}}],"collection":[{"href":"https:\/\/www.europesays.com\/lv\/wp-json\/wp\/v2\/posts"}],"about":[{"href":"https:\/\/www.europesays.com\/lv\/wp-json\/wp\/v2\/types\/post"}],"author":[{"embeddable":true,"href":"https:\/\/www.europesays.com\/lv\/wp-json\/wp\/v2\/users\/2"}],"replies":[{"embeddable":true,"href":"https:\/\/www.europesays.com\/lv\/wp-json\/wp\/v2\/comments?post=91662"}],"version-history":[{"count":0,"href":"https:\/\/www.europesays.com\/lv\/wp-json\/wp\/v2\/posts\/91662\/revisions"}],"wp:featuredmedia":[{"embeddable":true,"href":"https:\/\/www.europesays.com\/lv\/wp-json\/wp\/v2\/media\/91663"}],"wp:attachment":[{"href":"https:\/\/www.europesays.com\/lv\/wp-json\/wp\/v2\/media?parent=91662"}],"wp:term":[{"taxonomy":"category","embeddable":true,"href":"https:\/\/www.europesays.com\/lv\/wp-json\/wp\/v2\/categories?post=91662"},{"taxonomy":"post_tag","embeddable":true,"href":"https:\/\/www.europesays.com\/lv\/wp-json\/wp\/v2\/tags?post=91662"}],"curies":[{"name":"wp","href":"https:\/\/api.w.org\/{rel}","templated":true}]}}