{"id":91664,"date":"2026-01-01T11:36:11","date_gmt":"2026-01-01T11:36:11","guid":{"rendered":"https:\/\/www.europesays.com\/lv\/91664\/"},"modified":"2026-01-01T11:36:11","modified_gmt":"2026-01-01T11:36:11","slug":"negadijums-uz-liepajas-sosejas-a9-satiksme-daleji-bloketa","status":"publish","type":"post","link":"https:\/\/www.europesays.com\/lv\/91664\/","title":{"rendered":"Negad\u012bjums uz Liep\u0101jas \u0161osejas (A9): satiksme da\u013c\u0113ji blo\u0137\u0113ta"},"content":{"rendered":"<p class=\"descr\">Negad\u012bjuma d\u0113\u013c blo\u0137\u0113ta satiksme uz Liep\u0101jas \u0161osejas (A9) Valgundes pagast\u0101 net\u0101lu no T\u012bre\u013ciem, v\u0113sta VAS &#8220;Latvijas valsts ce\u013ci&#8221;.<\/p>\n<p>Ce\u013cu satiksmes negad\u012bjums noticis Liep\u0101jas<a href=\"https:\/\/nra.lv\/latvija\/regionos\/510219-tragiska-autoavarija-ogres-novada-pie-keipenes.htm\" data-item-link=\"true\" data-item-id=\"510219\" rel=\"nofollow noopener\" target=\"_blank\"> \u0161osejas<\/a> 28.-29. kilometr\u0101.<\/p>\n<p>Apbrauk\u0161ana iesp\u0113jama pa autoce\u013cu Kalnciems-Kai\u0123i (V1091), Kalnciems-L\u012bvb\u0113rze (V1064) un Jelgava (Tu\u0161\u0137i)-Tukums (P98).<\/p>\n<p>Valsts policij\u0101 a\u0123ent\u016brai LETA pav\u0113st\u012bja, ka tre\u0161dien ir sa\u0146emta inform\u0101cija, ka Jelgavas novada Valgundes pagast\u0101 uz Liep\u0101jas \u0161osejas noticis ce\u013cu satiksmes negad\u012bjums, kur\u0101 iesaist\u012btas divas automa\u0161\u012bnas.<\/p>\n<p>\u0160obr\u012bd satiksme negad\u012bjuma viet\u0101 ir da\u013c\u0113ji blo\u0137\u0113ta.<\/p>\n<p>S\u0101kotn\u0113j\u0101 inform\u0101cija liecina, ka ce\u013cu satiksmes negad\u012bjum\u0101 cietu\u0161as tr\u012bs personas, kuras nog\u0101d\u0101tas viet\u0113j\u0101 medic\u012bnas iest\u0101d\u0113. Valsts policija skaidro notiku\u0161\u0101 apst\u0101k\u013cus.<\/p>\n<p>\t\t\t\t\t\tinfo<\/p>\n<p>Uzzini pirmais<br \/>kas interesants noticis Latvij\u0101 un pasaul\u0113,<br \/>pievienojoties mums <a href=\"https:\/\/t.me\/neatkariga\" rel=\"nofollow\">Telegram<\/a> vai <a href=\"https:\/\/whatsapp.com\/channel\/0029VaMLFUH5K3zLU5s4wm3y\" rel=\"nofollow noopener\" target=\"_blank\">Whatsapp<\/a> kan\u0101l\u0101<\/p>\n","protected":false},"excerpt":{"rendered":"Negad\u012bjuma d\u0113\u013c blo\u0137\u0113ta satiksme uz Liep\u0101jas \u0161osejas (A9) Valgundes pagast\u0101 net\u0101lu no T\u012bre\u013ciem, v\u0113sta VAS &#8220;Latvijas valsts ce\u013ci&#8221;.&hellip;\n","protected":false},"author":2,"featured_media":91665,"comment_status":"","ping_status":"","sticky":false,"template":"","format":"standard","meta":{"footnotes":""},"categories":[5],"tags":[23,28,29,32,33,22,30,31,35,39,38,36,37,34,40,20,26,27,24,25,21],"class_list":{"0":"post-91664","1":"post","2":"type-post","3":"status-publish","4":"format-standard","5":"has-post-thumbnail","7":"category-aktualitates","8":"tag-aktualitates","9":"tag-breaking-news","10":"tag-breakingnews","11":"tag-featured-news","12":"tag-featurednews","13":"tag-headlines","14":"tag-latest-news","15":"tag-latestnews","16":"tag-latvia","17":"tag-latvian","18":"tag-latviesu","19":"tag-latviesu-valoda","20":"tag-latviesuvaloda","21":"tag-latvija","22":"tag-lv","23":"tag-news","24":"tag-popularakas-zinas","25":"tag-popularakaszinas","26":"tag-top-stories","27":"tag-topstories","28":"tag-zinas"},"share_on_mastodon":{"url":"https:\/\/pubeurope.com\/@lv\/115819641722865392","error":""},"_links":{"self":[{"href":"https:\/\/www.europesays.com\/lv\/wp-json\/wp\/v2\/posts\/91664","targetHints":{"allow":["GET"]}}],"collection":[{"href":"https:\/\/www.europesays.com\/lv\/wp-json\/wp\/v2\/posts"}],"about":[{"href":"https:\/\/www.europesays.com\/lv\/wp-json\/wp\/v2\/types\/post"}],"author":[{"embeddable":true,"href":"https:\/\/www.europesays.com\/lv\/wp-json\/wp\/v2\/users\/2"}],"replies":[{"embeddable":true,"href":"https:\/\/www.europesays.com\/lv\/wp-json\/wp\/v2\/comments?post=91664"}],"version-history":[{"count":0,"href":"https:\/\/www.europesays.com\/lv\/wp-json\/wp\/v2\/posts\/91664\/revisions"}],"wp:featuredmedia":[{"embeddable":true,"href":"https:\/\/www.europesays.com\/lv\/wp-json\/wp\/v2\/media\/91665"}],"wp:attachment":[{"href":"https:\/\/www.europesays.com\/lv\/wp-json\/wp\/v2\/media?parent=91664"}],"wp:term":[{"taxonomy":"category","embeddable":true,"href":"https:\/\/www.europesays.com\/lv\/wp-json\/wp\/v2\/categories?post=91664"},{"taxonomy":"post_tag","embeddable":true,"href":"https:\/\/www.europesays.com\/lv\/wp-json\/wp\/v2\/tags?post=91664"}],"curies":[{"name":"wp","href":"https:\/\/api.w.org\/{rel}","templated":true}]}}