{"id":91668,"date":"2026-01-01T11:41:08","date_gmt":"2026-01-01T11:41:08","guid":{"rendered":"https:\/\/www.europesays.com\/lv\/91668\/"},"modified":"2026-01-01T11:41:08","modified_gmt":"2026-01-01T11:41:08","slug":"par-darba-dienas-parcelsanu-2026-gada-janvari","status":"publish","type":"post","link":"https:\/\/www.europesays.com\/lv\/91668\/","title":{"rendered":"Par darba dienas p\u0101rcel\u0161anu 2026. gada janv\u0101r\u012b"},"content":{"rendered":"<p>Ogres novada pa\u0161vald\u012bba inform\u0113, ka 2026. gada 2. janv\u0101r\u012b Ogres novada pa\u0161vald\u012bbas iest\u0101des apmekl\u0113t\u0101jiem b\u016bs sl\u0113gtas.\u00a0Darba diena tiek p\u0101rcelta uz sestdienu, 2026. gada 17. janv\u0101ri.<\/p>\n<p>Darba dienas p\u0101rcel\u0161ana noteikta saska\u0146\u0101 ar Darba likuma 133. panta ceturto da\u013cu, kas paredz iesp\u0113ju p\u0101rcelt darba dienu, ja t\u0101 iekr\u012bt starp sv\u0113tku dienu un ned\u0113\u013cas atp\u016btas laiku. Valsts bud\u017eeta finans\u0113jamaj\u0101s instit\u016bcij\u0101s \u0161\u0101du p\u0101rcel\u0161anu nosaka Ministru kabinets.<\/p>\n<p>Pamatojoties uz Ministru kabineta 2025. gada 12. j\u016bnija r\u012bkojumu Nr. 330 \u201cPar darba dienu p\u0101rcel\u0161anu 2026. gad\u0101\u201d, k\u0101 ar\u012b Pa\u0161vald\u012bbu likumu un Darba likumu, Ogres novada pa\u0161vald\u012bbas dome 18. decembra s\u0113d\u0113 ir l\u0113musi p\u0101rcelt darba dienu no piektdienas, 2. janv\u0101ra, uz sestdienu, 17. janv\u0101ri.<\/p>\n","protected":false},"excerpt":{"rendered":"Ogres novada pa\u0161vald\u012bba inform\u0113, ka 2026. gada 2. janv\u0101r\u012b Ogres novada pa\u0161vald\u012bbas iest\u0101des apmekl\u0113t\u0101jiem b\u016bs sl\u0113gtas.\u00a0Darba diena tiek&hellip;\n","protected":false},"author":2,"featured_media":91669,"comment_status":"","ping_status":"","sticky":false,"template":"","format":"standard","meta":{"footnotes":""},"categories":[12],"tags":[23,28,29,32,33,22,30,31,35,39,38,36,37,34,40,20,26,27,24,25,21],"class_list":{"0":"post-91668","1":"post","2":"type-post","3":"status-publish","4":"format-standard","5":"has-post-thumbnail","7":"category-latvija","8":"tag-aktualitates","9":"tag-breaking-news","10":"tag-breakingnews","11":"tag-featured-news","12":"tag-featurednews","13":"tag-headlines","14":"tag-latest-news","15":"tag-latestnews","16":"tag-latvia","17":"tag-latvian","18":"tag-latviesu","19":"tag-latviesu-valoda","20":"tag-latviesuvaloda","21":"tag-latvija","22":"tag-lv","23":"tag-news","24":"tag-popularakas-zinas","25":"tag-popularakaszinas","26":"tag-top-stories","27":"tag-topstories","28":"tag-zinas"},"share_on_mastodon":{"url":"https:\/\/pubeurope.com\/@lv\/115819661588640862","error":""},"_links":{"self":[{"href":"https:\/\/www.europesays.com\/lv\/wp-json\/wp\/v2\/posts\/91668","targetHints":{"allow":["GET"]}}],"collection":[{"href":"https:\/\/www.europesays.com\/lv\/wp-json\/wp\/v2\/posts"}],"about":[{"href":"https:\/\/www.europesays.com\/lv\/wp-json\/wp\/v2\/types\/post"}],"author":[{"embeddable":true,"href":"https:\/\/www.europesays.com\/lv\/wp-json\/wp\/v2\/users\/2"}],"replies":[{"embeddable":true,"href":"https:\/\/www.europesays.com\/lv\/wp-json\/wp\/v2\/comments?post=91668"}],"version-history":[{"count":0,"href":"https:\/\/www.europesays.com\/lv\/wp-json\/wp\/v2\/posts\/91668\/revisions"}],"wp:featuredmedia":[{"embeddable":true,"href":"https:\/\/www.europesays.com\/lv\/wp-json\/wp\/v2\/media\/91669"}],"wp:attachment":[{"href":"https:\/\/www.europesays.com\/lv\/wp-json\/wp\/v2\/media?parent=91668"}],"wp:term":[{"taxonomy":"category","embeddable":true,"href":"https:\/\/www.europesays.com\/lv\/wp-json\/wp\/v2\/categories?post=91668"},{"taxonomy":"post_tag","embeddable":true,"href":"https:\/\/www.europesays.com\/lv\/wp-json\/wp\/v2\/tags?post=91668"}],"curies":[{"name":"wp","href":"https:\/\/api.w.org\/{rel}","templated":true}]}}