{"id":91670,"date":"2026-01-01T11:42:11","date_gmt":"2026-01-01T11:42:11","guid":{"rendered":"https:\/\/www.europesays.com\/lv\/91670\/"},"modified":"2026-01-01T11:42:11","modified_gmt":"2026-01-01T11:42:11","slug":"esi-informets-un-izklaidets-sagaidi-jauno-gadu-kopa-ar-tv3","status":"publish","type":"post","link":"https:\/\/www.europesays.com\/lv\/91670\/","title":{"rendered":"Esi inform\u0113ts un izklaid\u0113ts \u2013 sagaidi Jauno gadu kop\u0101 ar TV3"},"content":{"rendered":"<p>Astrolo\u0123isk\u0101s kartes katrai zodiaka z\u012bmei b\u016bs sagatavoju\u0161i Latvijas izcil\u0101kie zvaig\u017e\u0146u p\u0113tnieki. Skat\u012bt\u0101jiem b\u016bs iesp\u0113ja uzzin\u0101t, k\u0101das p\u0101rmai\u0146as un izaicin\u0101jumi vi\u0146us sagaida jaunaj\u0101 gad\u0101. Turkl\u0101t raid\u012bjuma komanda par\u016bp\u0113sies ar\u012b par sv\u0113tku noska\u0146u, lai vakars b\u016btu \u012bpa\u0161s un iedvesmojo\u0161s.<\/p>\n<p>Pulksten 20.00 TV3 Zi\u0146as 2025. gada apskat\u0101 atskat\u012bsies uz aizvad\u012bt\u0101 gada spilgt\u0101kajiem notikumiem, kas caurvija m\u016bsu ikdienu. Zi\u0146u \u017eurn\u0101listi v\u0113rt\u0113s starptautisk\u0101s aktualit\u0101tes \u2013 pav\u0113rsienus kar\u0101 Ukrain\u0101 un Tuvajos Austrumos, Donalda Trampa otr\u0101s prezident\u016bras pirmo gadu, k\u0101 ar\u012b Maskavas izv\u0113rst\u0101s sabot\u0101\u017eas Eirop\u0101. Atskat\u012bsimies ar\u012b uz noz\u012bm\u012bg\u0101kajiem iek\u0161politiskajiem notikumiem, tostarp vietvaru v\u0113l\u0113\u0161an\u0101m un str\u012bdiem valdo\u0161aj\u0101 koal\u012bcij\u0101. St\u0101st\u012bsim gan par tra\u0123\u0113dij\u0101m, kas lika just l\u012bdz un neatst\u0101ja vienaldz\u012bgu nevienu, gan spilgt\u0101m uzvar\u0101m, kas cilv\u0113kus vienoja. \u0160is b\u016bs anal\u012btiski un informat\u012bvi bag\u0101ts izkl\u0101sts, kas pal\u012bdz\u0113s lab\u0101k izprast gada svar\u012bg\u0101k\u0101s epizodes.<\/p>\n<p>Bet sv\u0113tku vakara kulmin\u0101cija v\u0113l vair\u0101k s\u0101ks augt pulksten 21.30 \u2013 ar TV3 un \u201cStar FM\u201d Jaungada \u0161ovu \u201cN\u0101kamais b\u016bs v\u0113l lab\u0101ks!\u201d, kura laik\u0101 gan ko\u0161i nosl\u0113gsim radio \u201cStar FM\u201d 25. dzim\u0161anas dienas svin\u012bbu gadu, gan spilgti sagaid\u012bsim jauno, 2026., gadu. Jaungada \u0161ovu vad\u012bs radio STAR FM person\u012bbas J\u0101nis Romanovskis, Baiba Sipeniece-Gavare, Egons Reiters, Maija Roz\u012bte, R\u016bta Dvinska, M\u0101rti\u0146\u0161 Spuris, Oskars Lepers, M\u0101ris Grigalis, pirmo reizi gadumijas pas\u0101kum\u0101 uz vienas skatuves apvienojot asto\u0146us vad\u012bt\u0101jus. Savuk\u0101rt par fantastisku muzik\u0101lo ietvaru visa vakara gait\u0101 r\u016bp\u0113sies spilgta m\u016bzi\u0137u sv\u012bta: \u201cInstrumenti\u201d, \u201cMusiqq\u201d, Ivo Fomins, Chris Noah, \u201cSudden Lights\u201d, \u201cThe Sound Poets\u201d,\u00a0 \u201cAstro\u2019n\u2019out\u201d, \u201cOlas\u201d, \u201cCiti z\u0113ni\u201d, Ozols, Andris \u0112rglis, Lauris Reiniks, Aija Andrejeva, Agnese Rakovska, Krist\u012bne P\u0101\u017ee, Em\u012blija, Fi\u0146\u0137is, Gustavo, \u201cA-Europa\u201d, \u201cOtra puse\u201d un citi m\u0101kslinieki.<\/p>\n<p>Bet jau \u012bsi p\u0113c pusnakts, pulksten 00:50, ar jaud\u012bgu un emocij\u0101m bag\u0101tu sniegumu, \u012bpa\u0161o saj\u016btu gaisotni uztur\u0113s grupa \u201cPr\u0101ta V\u0113tra\u201d ar \u201cPirm\u0101s dienas t\u016bres\u201d koncertierakstu no Me\u017eaparka Liel\u0101s estr\u0101des. Grandiozaj\u0101 koncert\u0101 Me\u017eapark\u0101 2025. gad\u0101 kop\u0101 ar grupu \u201cPr\u0101ta V\u0113tra\u201d piedal\u012bj\u0101s m\u016bzi\u0137i: Ingars Vi\u013cums, Nelli Bubujanca, Uldis Beiti\u0146\u0161, Linda Anete Ru\u0161eniece, Una Daniela Aizgale, Paula Saija, K\u0101rlis Vanags, Laura Rozenberga, Andris Augstkalns un viesm\u016bzi\u0137i \u2013 Gustavo, Chris Noah un Emilija.<\/p>\n<p>Jaun\u0101 gada pirmaj\u0101 dien\u0101 TV3 pied\u0101v\u0101s ne vien latvie\u0161u kino nemirst\u012bg\u0101s kino p\u0113rles, bet ar\u012b jaun\u0101kas pa\u0161m\u0101ju filmas. Tostarp, pulksten 18:10 b\u016bs skat\u0101ma Baibas Sipenieces-Gavares pozit\u012bv\u0101, izklaid\u0113jo\u0161\u0101 un humora piln\u0101 st\u0101vizr\u0101de \u201cIr v\u0113l\u201d, savuk\u0101rt tie\u0161i laik\u0101 no 1. uz 2. janv\u0101ri TV3 skat\u012bt\u0101ji var\u0113s baud\u012bt m\u016bzi\u0137a Dona v\u0113rien\u012bgo koncertu \u201cIr laiks\u201d.<\/p>\n<p class=\"ad-desc ad-desc-main\">Saturs turpin\u0101s p\u0113c rekl\u0101mas<\/p>\n<p class=\"ad-desc ad-desc-sec\">Rekl\u0101ma<\/p>\n<p>Nepalaid gar\u0101m ar\u012b TV3 raid\u012bjuma \u201cBez Tabu Gada balva\u201d tie\u0161raidi \u2013 j\u0101, k\u0101 ik gadu raid\u012bjums \u201cBez Tabu\u201d ir sar\u016bp\u0113jis, apzelt\u012bt\u0101s plastil\u012bna statuetes, kas 1. janv\u0101r\u012b pulksten 20.40 tiks nog\u0101d\u0101tas balvas sa\u0146\u0113m\u0113jiem asto\u0146\u0101s kategorij\u0101s! Starp t\u0101m b\u016bs gan jau ierast\u0101s kategorijas, piem\u0113ram \u201cGada pa\u0161vald\u012bba\u201d un \u201cGada r\u016bpals\u201d, k\u0101 ar\u012b vair\u0101ki jaunpien\u0101c\u0113ji, piem\u0113ram, \u201cGada debija\u201d. \u0160aj\u0101 kategorij\u0101 par titulu c\u012bn\u012bsies soci\u0101los medijos savdab\u012bgu ekspoz\u012bciju un skandalozu slavu izpeln\u012bju\u0161\u0101s \u201czvaigznes\u201d. Par muzik\u0101lo noform\u0113jumu \u0161oreiz ceremonij\u0101 par\u016bp\u0113sies grupa \u201cGapoljeri\u201d un t\u0101s l\u012bderis, aktieris Kristians Kare\u013cins. Grupas dai\u013crade sasaucas ar \u201cBez Tabu\u201d raid\u012bjuma un gada balvas ceremonijas galveno v\u0113st\u012bjumu \u2013 par mazo cilv\u0113ku lielajiem izaicin\u0101jumiem.<\/p>\n<p>Pavadi 31. decembri un sagaidi Jauno gadu izzino\u0161\u0101 un izklaid\u0113jo\u0161\u0101 gar\u0101 \u2013 kop\u0101 ar TV3!<\/p>\n<p class=\"tv3-fw-500\">Zi\u0146o par k\u013c\u016bdu rakst\u0101<\/p>\n<p class=\"d-md-block d-none\">Iez\u012bm\u0113 k\u013c\u016bdaino tekstu un spied Ctrl+Enter.<\/p>\n<p class=\"d-md-none d-block\">Iez\u012bm\u0113 k\u013c\u016bdaino tekstu un zi\u0146o par to!<\/p>\n","protected":false},"excerpt":{"rendered":"Astrolo\u0123isk\u0101s kartes katrai zodiaka z\u012bmei b\u016bs sagatavoju\u0161i Latvijas izcil\u0101kie zvaig\u017e\u0146u p\u0113tnieki. Skat\u012bt\u0101jiem b\u016bs iesp\u0113ja uzzin\u0101t, k\u0101das p\u0101rmai\u0146as un&hellip;\n","protected":false},"author":2,"featured_media":91671,"comment_status":"","ping_status":"","sticky":false,"template":"","format":"standard","meta":{"footnotes":""},"categories":[5],"tags":[23,28,29,32,33,22,23058,30,31,35,39,38,36,37,34,40,20,26,27,24,25,21],"class_list":{"0":"post-91670","1":"post","2":"type-post","3":"status-publish","4":"format-standard","5":"has-post-thumbnail","7":"category-aktualitates","8":"tag-aktualitates","9":"tag-breaking-news","10":"tag-breakingnews","11":"tag-featured-news","12":"tag-featurednews","13":"tag-headlines","14":"tag-jaunais-gadskanals-tv3star-fm-zinas","15":"tag-latest-news","16":"tag-latestnews","17":"tag-latvia","18":"tag-latvian","19":"tag-latviesu","20":"tag-latviesu-valoda","21":"tag-latviesuvaloda","22":"tag-latvija","23":"tag-lv","24":"tag-news","25":"tag-popularakas-zinas","26":"tag-popularakaszinas","27":"tag-top-stories","28":"tag-topstories","29":"tag-zinas"},"share_on_mastodon":{"url":"https:\/\/pubeurope.com\/@lv\/115819665334585897","error":""},"_links":{"self":[{"href":"https:\/\/www.europesays.com\/lv\/wp-json\/wp\/v2\/posts\/91670","targetHints":{"allow":["GET"]}}],"collection":[{"href":"https:\/\/www.europesays.com\/lv\/wp-json\/wp\/v2\/posts"}],"about":[{"href":"https:\/\/www.europesays.com\/lv\/wp-json\/wp\/v2\/types\/post"}],"author":[{"embeddable":true,"href":"https:\/\/www.europesays.com\/lv\/wp-json\/wp\/v2\/users\/2"}],"replies":[{"embeddable":true,"href":"https:\/\/www.europesays.com\/lv\/wp-json\/wp\/v2\/comments?post=91670"}],"version-history":[{"count":0,"href":"https:\/\/www.europesays.com\/lv\/wp-json\/wp\/v2\/posts\/91670\/revisions"}],"wp:featuredmedia":[{"embeddable":true,"href":"https:\/\/www.europesays.com\/lv\/wp-json\/wp\/v2\/media\/91671"}],"wp:attachment":[{"href":"https:\/\/www.europesays.com\/lv\/wp-json\/wp\/v2\/media?parent=91670"}],"wp:term":[{"taxonomy":"category","embeddable":true,"href":"https:\/\/www.europesays.com\/lv\/wp-json\/wp\/v2\/categories?post=91670"},{"taxonomy":"post_tag","embeddable":true,"href":"https:\/\/www.europesays.com\/lv\/wp-json\/wp\/v2\/tags?post=91670"}],"curies":[{"name":"wp","href":"https:\/\/api.w.org\/{rel}","templated":true}]}}