{"id":91678,"date":"2026-01-01T11:52:16","date_gmt":"2026-01-01T11:52:16","guid":{"rendered":"https:\/\/www.europesays.com\/lv\/91678\/"},"modified":"2026-01-01T11:52:16","modified_gmt":"2026-01-01T11:52:16","slug":"aizdomas-par-zemudens-kabela-parrausanu-turetais-kugis-konvojets-uz-somijas-ostu","status":"publish","type":"post","link":"https:\/\/www.europesays.com\/lv\/91678\/","title":{"rendered":"Aizdom\u0101s par zem\u016bdens kabe\u013ca p\u0101rrau\u0161anu tur\u0113tais ku\u0123is konvoj\u0113ts uz Somijas ostu"},"content":{"rendered":"<p>Ku\u0123is &#8220;Fitburg&#8221;, kuru tre\u0161dien sav\u0101 p\u0101rzi\u0146\u0101 p\u0101r\u0146\u0113ma <a rel=\"noopener nofollow\" target=\"_blank\" href=\"https:\/\/www.delfi.lv\/temas\/35506393\/somija\" tag-id=\"35506393\">Somijas<\/a> varas iest\u0101des, Vecgada vakar\u0101 ieradies Kantvikas ost\u0101 Kirkonummi, raksta &#8220;Delfi.ee&#8221;. Past\u0101v aizdomas, ka tie\u0161i \u0161is ku\u0123is ir saboj\u0101jis &#8220;Elisa&#8221; zem\u016bdens sakaru kabeli starp Helsinkiem un Tallinu.<\/p>\n<p class=\"m-0\">Seko &#8220;Delfi&#8221; ar\u012b  <a target=\"_blank\" href=\"https:\/\/www.instagram.com\/delfi.lv\/\" rel=\"nofollow noopener\">Instagram<\/a>  un <a target=\"_blank\" href=\"https:\/\/www.youtube.com\/channel\/UCw5foWtcJvAbUm64rv7jwUQ\" rel=\"nofollow noopener\">YouTube<\/a>  profil\u0101 \u2013 pievienojies, lai uzzin\u0101tu svar\u012bg\u0101ko un interesant\u0101ko pirmais!<\/p>\n<p>Publik\u0101cijas saturs vai t\u0101s jebk\u0101da apjoma da\u013ca ir aizsarg\u0101ts autorties\u012bbu objekts Autorties\u012bbu likuma izpratn\u0113, un t\u0101 izmanto\u0161ana bez izdev\u0113ja at\u013caujas ir aizliegta. Vair\u0101k lasi  <a target=\"_blank\" href=\"https:\/\/www.delfi.lv\/noteikumi#autortiesibas\" rel=\"nofollow noopener\">\u0161eit<\/a><script async src=\"\/\/www.instagram.com\/embed.js\"><\/script><\/p>\n","protected":false},"excerpt":{"rendered":"Ku\u0123is &#8220;Fitburg&#8221;, kuru tre\u0161dien sav\u0101 p\u0101rzi\u0146\u0101 p\u0101r\u0146\u0113ma Somijas varas iest\u0101des, Vecgada vakar\u0101 ieradies Kantvikas ost\u0101 Kirkonummi, raksta &#8220;Delfi.ee&#8221;.&hellip;\n","protected":false},"author":2,"featured_media":91679,"comment_status":"","ping_status":"","sticky":false,"template":"","format":"standard","meta":{"footnotes":""},"categories":[14],"tags":[23,57,28,29,32,33,22,73,234,30,31,35,39,38,36,37,34,40,20,26,27,490,24,25,54,55,56,21,58,185],"class_list":{"0":"post-91678","1":"post","2":"type-post","3":"status-publish","4":"format-standard","5":"has-post-thumbnail","7":"category-zinas-no-arvalstim","8":"tag-aktualitates","9":"tag-arvalstim","10":"tag-breaking-news","11":"tag-breakingnews","12":"tag-featured-news","13":"tag-featurednews","14":"tag-headlines","15":"tag-igaunija","16":"tag-krievija","17":"tag-latest-news","18":"tag-latestnews","19":"tag-latvia","20":"tag-latvian","21":"tag-latviesu","22":"tag-latviesu-valoda","23":"tag-latviesuvaloda","24":"tag-latvija","25":"tag-lv","26":"tag-news","27":"tag-popularakas-zinas","28":"tag-popularakaszinas","29":"tag-somija","30":"tag-top-stories","31":"tag-topstories","32":"tag-world","33":"tag-world-news","34":"tag-worldnews","35":"tag-zinas","36":"tag-zinas-no-arvalstim","37":"tag-zviedrija"},"share_on_mastodon":{"url":"https:\/\/pubeurope.com\/@lv\/115819705166881489","error":""},"_links":{"self":[{"href":"https:\/\/www.europesays.com\/lv\/wp-json\/wp\/v2\/posts\/91678","targetHints":{"allow":["GET"]}}],"collection":[{"href":"https:\/\/www.europesays.com\/lv\/wp-json\/wp\/v2\/posts"}],"about":[{"href":"https:\/\/www.europesays.com\/lv\/wp-json\/wp\/v2\/types\/post"}],"author":[{"embeddable":true,"href":"https:\/\/www.europesays.com\/lv\/wp-json\/wp\/v2\/users\/2"}],"replies":[{"embeddable":true,"href":"https:\/\/www.europesays.com\/lv\/wp-json\/wp\/v2\/comments?post=91678"}],"version-history":[{"count":0,"href":"https:\/\/www.europesays.com\/lv\/wp-json\/wp\/v2\/posts\/91678\/revisions"}],"wp:featuredmedia":[{"embeddable":true,"href":"https:\/\/www.europesays.com\/lv\/wp-json\/wp\/v2\/media\/91679"}],"wp:attachment":[{"href":"https:\/\/www.europesays.com\/lv\/wp-json\/wp\/v2\/media?parent=91678"}],"wp:term":[{"taxonomy":"category","embeddable":true,"href":"https:\/\/www.europesays.com\/lv\/wp-json\/wp\/v2\/categories?post=91678"},{"taxonomy":"post_tag","embeddable":true,"href":"https:\/\/www.europesays.com\/lv\/wp-json\/wp\/v2\/tags?post=91678"}],"curies":[{"name":"wp","href":"https:\/\/api.w.org\/{rel}","templated":true}]}}