{"id":91680,"date":"2026-01-01T11:53:17","date_gmt":"2026-01-01T11:53:17","guid":{"rendered":"https:\/\/www.europesays.com\/lv\/91680\/"},"modified":"2026-01-01T11:53:17","modified_gmt":"2026-01-01T11:53:17","slug":"pesimisti-optimisti-un-delfi-2026-gada","status":"publish","type":"post","link":"https:\/\/www.europesays.com\/lv\/91680\/","title":{"rendered":"Pesimisti, optimisti un &#8220;Delfi&#8221; 2026. gad\u0101"},"content":{"rendered":"<p>2026. gads &#8220;Delfi&#8221; redakcijai iez\u012bm\u0113sies k\u0101 p\u0101rbaude sp\u0113jai saglab\u0101t skaidru fokusu laik\u0101, kad inform\u0101cijas troksnis, emocijas un politisk\u0101 spriedze sasniegs jaunu intensit\u0101ti. \u0160\u0101dos apst\u0101k\u013cos m\u016bsu galvenais m\u0113r\u0137is b\u016bs sp\u0113ja patiesi saklaus\u012bt un b\u016bt kop\u0101 ar auditoriju.  <\/p>\n<p class=\"Paragraph SCXW181977691 BCX0\">15. Saeimas v\u0113l\u0113\u0161anas Latvij\u0101 paredz\u0113tas 2026. gada 3. oktobr\u012b. Lai \u0161aj\u0101 saspringtaj\u0101 laik\u0101 nenogrimtu neb\u016btiskaj\u0101, bet koncentr\u0113tos uz to, kas svar\u012bgs m\u016bsu las\u012bt\u0101jiem, izv\u0113l\u0113j\u0101mies tr\u012bs t\u0113mas, kur\u0101m piev\u0113rs\u012bsim pastiprin\u0101tu uzman\u012bbu. T\u0101s noteic\u0101m, apvienojot tr\u012bs r\u0101d\u012bt\u0101jus: &#8220;Delfi&#8221; las\u012bt\u0101ju aptauju, &#8220;Delfi&#8221; darbinieku aptauju un <a rel=\"noopener nofollow\" target=\"_blank\" href=\"https:\/\/europa.eu\/eurobarometer\/surveys\/detail\/3378\" data-rel-date-range=\"[]\">&#8220;Eirobarometra&#8221; <\/a>Latvijas iedz\u012bvot\u0101ju aptauju. <\/p>\n<p>Lasiet ar\u012b<\/p>\n<p><a href=\"https:\/\/www.delfi.lv\/193\/politics\/120099704\/noslegusies-aptauja-par-kuram-temam-velies-vairak-lasit-delfi-2026-gada\" class=\"headline__image-link\" itemprop=\"url\" rel=\"nofollow noopener\" target=\"_blank\"><img decoding=\"async\" loading=\"lazy\" itemprop=\"image\" src=\"https:\/\/www.europesays.com\/lv\/wp-content\/uploads\/2026\/01\/02b8543d-6054-4708-a94f-55e7e5bf3b1c.jpg\" alt=\"Nosl\u0113gusies aptauja: Par kur\u0101m t\u0113m\u0101m v\u0113lies vair\u0101k las\u012bt &quot;Delfi&quot; 2026. gad\u0101?\" title=\"Nosl\u0113gusies aptauja: Par kur\u0101m t\u0113m\u0101m v\u0113lies vair\u0101k las\u012bt &quot;Delfi&quot; 2026. gad\u0101?\" class=\"headline__image img-fluid w-100\"\/><\/a><\/p>\n<p class=\"Paragraph SCXW181977691 BCX0\">Man nav atbildes, vai tas ir p\u0101rsteidzo\u0161i vai n\u0113, ta\u010du rezult\u0101ti vis\u0101s tr\u012bs aptauj\u0101s ir \u013coti l\u012bdz\u012bgi. M\u016bsu \u2013 &#8220;Delfi&#8221; \u2013 tr\u012bs galven\u0101s t\u0113mas, par ko 2026. gad\u0101 veidosim vair\u0101k satura, b\u016bs valsts dro\u0161\u012bba un aizsardz\u012bba, dz\u012bves d\u0101rdz\u012bba un vesel\u012bbas apr\u016bpe. <\/p>\n<p class=\"Paragraph SCXW181977691 BCX0\">Tas nenoz\u012bm\u0113, ka v\u0113l\u0113\u0161anas uzskat\u0101m par maz\u0101k b\u016btisku tematu \u2013 t\u0101s jebkur\u0101 gad\u012bjum\u0101 caurv\u012bs visu gadu. Varu atkl\u0101t, ka ar\u012b m\u0113s r\u012bkosim &#8220;Delfi TV&#8221; debates latvie\u0161u valod\u0101, kur\u0101m k\u0101 \u017eanram tradicion\u0101li ir bijusi noz\u012bm\u012bga loma v\u0113l\u0113t\u0101ju izv\u0113l\u0113s. <\/p>\n<p class=\"Paragraph SCXW181977691 BCX0\">Vienlaikus min\u0113taj\u0101s t\u0113m\u0101s v\u0113l\u0113j\u0101mies noteikt fokusu, lai gad\u0101, kad emocijas un sabiedr\u012bbu polariz\u0113jo\u0161as diskusijas tikai pieaugs, m\u0113s sp\u0113tu skaidr\u0101k pietur\u0113ties pie t\u0101, kas patiesi ir b\u016btisks jums. \u012apa\u0161i svar\u012bgi b\u016bs str\u0101d\u0101t pie l\u012bdzsvara, kas, varb\u016bt nedaudz vienk\u0101r\u0161ojot, \u013cauj atspogu\u013cot gan optimistisku, gan pesimistisku skat\u012bjumu uz dz\u012bvi. Piem\u0113ram, gada nogal\u0113 soci\u0101lajos t\u012bklos k\u0101 kalnietis Dankans Makleods atdz\u012bvoj\u0101s popul\u0101rais visp\u0101rin\u0101jums, ka Latvija atrodas p\u0113d\u0113j\u0101 viet\u0101 &#8220;Eurostat&#8221; datos un visp\u0101r te viss ir pavisam slikti. Uzskatu, ka ir svar\u012bgi skaidrot, ka t\u0101 ir manipul\u0101cija, jo ne tikai kop\u0161 neatkar\u012bbas atg\u016b\u0161anas, bet ar\u012b p\u0113d\u0113j\u0101 desmitgad\u0113 vair\u0101k\u0101s jom\u0101s dz\u012bve Latvij\u0101 ir iev\u0113rojami uzlabojusies.  <\/p>\n<p>Lasiet ar\u012b<\/p>\n<p><a href=\"https:\/\/www.delfi.lv\/54307992\/kas-tas-ir-ikp\/54317840\/kas-tas-ir-ikp-otra-serija-vai-latvietis-ir-ists-nabadzins\" class=\"headline__image-link\" itemprop=\"url\" rel=\"nofollow noopener\" target=\"_blank\"><img decoding=\"async\" loading=\"lazy\" itemprop=\"image\" src=\"https:\/\/www.europesays.com\/lv\/wp-content\/uploads\/2026\/01\/1c691c00-5b82-11ed-9398-073fcf901191.jpg\" alt=\"Kas tas ir \u2013 IKP? Otr\u0101 s\u0113rija: Vai latvietis ir \u012bsts nabadzi\u0146\u0161?\" title=\"Kas tas ir \u2013 IKP? Otr\u0101 s\u0113rija: Vai latvietis ir \u012bsts nabadzi\u0146\u0161?\" class=\"headline__image img-fluid w-100\"\/><\/a><\/p>\n<p class=\"Paragraph SCXW181977691 BCX0\">Labu piem\u0113ru <a rel=\"noopener follow nofollow\" target=\"_blank\" href=\"https:\/\/www.delfi.lv\/898102\/versijas\/120099366\/peteris-strautins-vai-musu-ekonomikai-ir-ziemassvetku-vecisa-talants\" data-rel-date-range=\"[]\">min ekonomists P\u0113teris Strauti\u0146\u0161<\/a>, atg\u0101dinot, ka \u013coti iespaid\u012bgs ir nabadz\u012bbas kritums atsevi\u0161\u0137os parametros, kas v\u0113l nesen bija nom\u0101co\u0161i augsti. 2014. gad\u0101 gandr\u012bz tre\u0161da\u013ca Latvijas iedz\u012bvot\u0101ju atzina, ka nevar at\u013cauties ieg\u0101d\u0101ties jaunu, nelietotu ap\u0123\u0113rbu. Tas noz\u012bm\u0113, ka vi\u0146i to nepirka visp\u0101r vai ieg\u0101d\u0101j\u0101s lietoto ap\u0123\u0113rbu veikalos. \u0160\u012b nabadz\u012bbas forma joproj\u0101m ir realit\u0101te aptuveni desmitajai da\u013cai iedz\u012bvot\u0101ju. Nav \u0161aubu, ka katrs atliku\u0161ais procentpunkts ir viens par daudz, ta\u010du neredz\u0113t \u0161\u0101das izmai\u0146as un taj\u0101 pa\u0161\u0101 laik\u0101 baz\u016bn\u0113t par &#8220;Latviju p\u0113d\u0113j\u0101 viet\u0101&#8221; ir neprodukt\u012bvi.  <\/p>\n<p class=\"Paragraph SCXW181977691 BCX0\">Vienlaikus mums k\u0101 redakcijai j\u0101sp\u0113j nodro\u0161in\u0101t ar\u012b t\u0101ds saturs, kas mekl\u0113 atbildes uz pavisam nepat\u012bkamiem, bet b\u016btiskiem jaut\u0101jumiem. Ja m\u0101jsaimniec\u012bbu ien\u0101kumi turpina augt, tad k\u0101 mazin\u0101t pieaugo\u0161o ien\u0101kumu nevienl\u012bdz\u012bbu? Vai m\u0113s visp\u0101r pan\u0101ksim Lietuvu un Igauniju dz\u012bves l\u012bmen\u012b un ien\u0101kumos? Ja j\u0101, tad kad un k\u0101? Vai p\u0113c iest\u0101\u0161an\u0101s Eiropas Savien\u012bb\u0101, NATO un pasaules att\u012bst\u012bt\u0101k\u0101s valstis apvienojo\u0161aj\u0101 &#8220;klub\u0101&#8221; OECD politiskajai elitei patiesi ir v\u012bzija un r\u012bc\u012bbas pl\u0101ns, kurp Latvijai vajadz\u0113tu virz\u012bties? K\u0101 pan\u0101kt, lai Latvija b\u016btu valsts, kur\u0101 jaunie\u0161i v\u0113las palikt un emigranti atgriezties? Par \u0161iem jaut\u0101jumiem, optimisms nemaz nerodas. <\/p>\n<p>Lasiet ar\u012b<\/p>\n<p><a href=\"https:\/\/www.delfi.lv\/bizness\/37293360\/bankas_un_finanses\/120095452\/izaugsme-ir-komforta-nav-ekonomista-diagnoze-asv-pasaules-un-latvijas-ekonomikai\" class=\"headline__image-link\" itemprop=\"url\" rel=\"nofollow noopener\" target=\"_blank\"><img decoding=\"async\" loading=\"lazy\" itemprop=\"image\" src=\"https:\/\/www.europesays.com\/lv\/wp-content\/uploads\/2026\/01\/e78df2a8-ac6a-46bd-9073-c3390ce9ca90.jpg\" alt=\"&quot;Izaugsme ir, komforta nav&quot;: ekonomista diagnoze ASV, pasaules un Latvijas ekonomikai\" title=\"&quot;Izaugsme ir, komforta nav&quot;: ekonomista diagnoze ASV, pasaules un Latvijas ekonomikai\" class=\"headline__image img-fluid w-100\"\/><\/a><a href=\"https:\/\/www.delfi.lv\/bizness\/37264250\/biznesa_vide\/120089674\/cilveki-gatavi-taupit-pat-uz-partikas-un-veselibas-rekina-lai-samaksatu-par-apkuri\" class=\"headline__image-link\" itemprop=\"url\" rel=\"nofollow noopener\" target=\"_blank\"><img decoding=\"async\" loading=\"lazy\" itemprop=\"image\" src=\"https:\/\/www.europesays.com\/lv\/wp-content\/uploads\/2026\/01\/b18a217d-6d9f-4288-a98d-04af98098ee8.jpg\" alt=\"Cilv\u0113ki gatavi taup\u012bt pat uz p\u0101rtikas un vesel\u012bbas r\u0113\u0137ina, lai samaks\u0101tu par apkuri\" title=\"Cilv\u0113ki gatavi taup\u012bt pat uz p\u0101rtikas un vesel\u012bbas r\u0113\u0137ina, lai samaks\u0101tu par apkuri\" class=\"headline__image img-fluid w-100\"\/><\/a><\/p>\n<p class=\"Paragraph SCXW181977691 BCX0\">Dom\u0101jot par pesimistiem un optimistiem, nedr\u012bkstam iekrist ar\u012b kli\u0161ejiskaj\u0101s \u017eurn\u0101listu lamat\u0101s par otru viedokli, t\u0101p\u0113c ka gr\u0101mat\u0101 rakst\u012bts, ka t\u0101du vajag. Ja \u017eurn\u0101lists paskat\u0101s pa logu un redz, ka l\u012bst lietus, vi\u0146a uzdevums nav piezvan\u012bt otrai pusei un pajaut\u0101t, vai tie\u0161\u0101m l\u012bst. Vi\u0146a uzdevums ir pateikt, ka l\u012bst. Ar to v\u0113los teikt, ka, lai ar\u012b &#8220;Delfi&#8221; <a rel=\"noopener follow nofollow\" target=\"_blank\" href=\"https:\/\/g.delfi.lv\/piano\/images\/new\/Delfi_redakcionala_politika.pdf\" data-rel-date-range=\"[]\">redakcion\u0101laj\u0101s vadl\u012bnij\u0101s<\/a> skaidri deklar\u0113jis redakcion\u0101lo politisko un nost\u0101jas neitralit\u0101ti, tom\u0113r redakcijai nav j\u0101iev\u0113ro &#8220;viltot\u0101 l\u012bdzsvara&#8221; (false balance) pieeja. &#8220;Delfi&#8221; neizv\u0113las t\u0101dus avotus un nepublic\u0113 t\u0101dus viedok\u013cus, kuri ietver naida runu, dezinform\u0101ciju, aicin\u0101jumu uz vardarb\u012bbu pret konkr\u0113t\u0101m sabiedr\u012bbas grup\u0101m, rasismu, demokr\u0101tiskas iek\u0101rtas apdraud\u0113\u0161anu, antisem\u012btismu un citu krimin\u0101li sod\u0101mu uzskatu pau\u0161anu.  <\/p>\n<p class=\"Paragraph SCXW181977691 BCX0\">&#8220;Delfi&#8221; 2026. gadu uzs\u0101ks apm\u0113ram 100 cilv\u0113ku sast\u0101v\u0101, 57 no tiem str\u0101d\u0101 redakcij\u0101. Ja nek\u013c\u016bdos, \u0161obr\u012bd esam liel\u0101k\u0101 komercmediju redakcija Latvij\u0101, kur\u0101 ir \u0161\u0101ds ar darba l\u012bgumiem nodarbin\u0101to skaits. M\u016bsu uzdevumu saraksts ir gar\u0161: no izklaides, politikas, sporta un kult\u016bras jaunumu t\u0113m\u0101m, recept\u0113m, video mont\u0101\u017eas l\u012bdz viedok\u013cu daudzveid\u012bbai, anal\u012btikai un p\u0113tniec\u012bbai. Mums b\u016bs j\u0101sp\u0113j str\u0101d\u0101t intens\u012bvos darba apst\u0101k\u013cos un, ja san\u0101ks k\u013c\u016bd\u012bties, tad to ar\u012b t\u0101 j\u0101atz\u012bst. T\u0101pat nedr\u012bkst kautr\u0113ties lepoties. &#8220;Delfi&#8221; rad\u012btais saturs \u0161ogad ir sp\u0113jis notur\u0113t savas poz\u012bcijas, piesaistot v\u0113rien\u012bgu auditoriju:  gada nogal\u0113 mums ir vair\u0101k nek\u0101 35 t\u016bksto\u0161i abonentu, bet port\u0101lu vid\u0113ji m\u0113nes\u012b \u0161ogad, v\u0113l neieskaitot  neapr\u0113\u0137in\u0101tos &#8220;Gemius&#8221; decembra datus, apmekl\u0113ja 761 t\u016bkstotis unik\u0101lo las\u012bt\u0101ju. Tas interneta mediju vid\u016b bija augst\u0101kais r\u0101d\u012bt\u0101js. T\u0101pat sa\u0146emtas vair\u0101kas nozares balvas un sasniegti statistikas rekordi.  <\/p>\n<p>Lasiet ar\u012b<\/p>\n<p><a href=\"https:\/\/www.delfi.lv\/bizness\/37264250\/biznesa_vide\/120089040\/delfi-miletakais-mediju-zimols-baltija\" class=\"headline__image-link\" itemprop=\"url\" rel=\"nofollow noopener\" target=\"_blank\"><img decoding=\"async\" loading=\"lazy\" itemprop=\"image\" src=\"https:\/\/www.europesays.com\/lv\/wp-content\/uploads\/2026\/01\/b017046c-e9a1-414d-ad4e-a89297ed6d18.jpg\" alt=\"&quot;Delfi&quot;\u2013 m\u012bl\u0113t\u0101kais mediju z\u012bmols Baltij\u0101  \" title=\"&quot;Delfi&quot;\u2013 m\u012bl\u0113t\u0101kais mediju z\u012bmols Baltij\u0101  \" class=\"headline__image img-fluid w-100\"\/><\/a><a href=\"https:\/\/www.delfi.lv\/193\/politics\/120086154\/pasniegtas-lza-izcilibas-balvas-delfi-pluc-laurus-divas-kategorijas\" class=\"headline__image-link\" itemprop=\"url\" rel=\"nofollow noopener\" target=\"_blank\"><img decoding=\"async\" loading=\"lazy\" itemprop=\"image\" src=\"https:\/\/www.europesays.com\/lv\/wp-content\/uploads\/2026\/01\/b91ea731-9c11-4fcf-9599-30ad06b641dd.jpg\" alt=\"Pasniegtas L\u017dA Izcil\u012bbas balvas; &quot;Delfi&quot; pl\u016bc laurus div\u0101s kategorij\u0101s\" title=\"Pasniegtas L\u017dA Izcil\u012bbas balvas; &quot;Delfi&quot; pl\u016bc laurus div\u0101s kategorij\u0101s\" class=\"headline__image img-fluid w-100\"\/><\/a><\/p>\n<p class=\"Paragraph SCXW181977691 BCX0\">Novembr\u012b &#8220;Delfi TV&#8221; video satura skat\u012bjumu skaits, kas tiek fiks\u0113ts, ja skat\u012bjums ilgst vair\u0101k nek\u0101 tr\u012bs sekundes, p\u0101rsniedza asto\u0146us miljonus. Cits v\u0113rien\u012bgs r\u0101d\u012bt\u0101js bija pa\u0161vald\u012bbu v\u0113l\u0113\u0161anu teksta tie\u0161raide, ko &#8220;Delfi&#8221; nodro\u0161in\u0101ja \u0161ogad 7. un 8. j\u016bnij\u0101. T\u0101 kopum\u0101 sasniedza 267 075 lapu skat\u012bjumus, kas Latvijas vietvaru v\u0113l\u0113\u0161anu kontekst\u0101 ir &#8220;Delfi&#8221; las\u012bt\u0101ju intereses rekords. <\/p>\n<p>Lasiet ar\u012b<\/p>\n<p><a href=\"https:\/\/www.delfi.lv\/193\/politics\/120076387\/delfi-pasvaldibu-velesanu-teksta-tiesraidei-sogad-rekordliels-skatijumu-skaits\" class=\"headline__image-link\" itemprop=\"url\" rel=\"nofollow noopener\" target=\"_blank\"><img decoding=\"async\" loading=\"lazy\" itemprop=\"image\" src=\"https:\/\/www.europesays.com\/lv\/wp-content\/uploads\/2026\/01\/759c8ff7-99ad-4994-a814-4874595744c6.jpg\" alt=\"&quot;Delfi&quot; pa\u0161vald\u012bbu v\u0113l\u0113\u0161anu teksta tie\u0161raidei \u0161ogad rekordliels skat\u012bjumu skaits \" title=\"&quot;Delfi&quot; pa\u0161vald\u012bbu v\u0113l\u0113\u0161anu teksta tie\u0161raidei \u0161ogad rekordliels skat\u012bjumu skaits \" class=\"headline__image img-fluid w-100\"\/><\/a><\/p>\n<p class=\"Paragraph SCXW181977691 BCX0\">Es str\u0101d\u0101ju nozar\u0113, kur aizoke\u0101na tehnolo\u0123iju giganti ir sakrop\u013coju\u0161i viet\u0113jo mediju rekl\u0101mas tirgu. \u0160obr\u012bd izdz\u012bvot un augt var tikai tad, ja ieklausies auditorij\u0101, esi gatavs past\u0101v\u0113t par sav\u0101m v\u0113rt\u012bb\u0101m un da\u017e\u0101do ien\u0101kumu avotus \u2013 lai b\u016btu ne tikai tradicion\u0101l\u0101 rekl\u0101ma, bet, piem\u0113ram, ar\u012b inov\u0101cijas, abon\u0113\u0161ana, lok\u0101lie un starptautiskie granti. T\u0101 str\u0101d\u0101jot, j\u0101b\u016bt atkl\u0101tai sarunai ar las\u012bt\u0101jiem, kas tie\u0161i ir tas, ko dar\u0101m. To ap\u0146emos ar\u012b turpm\u0101k.  <\/p>\n<p class=\"Paragraph SCXW181977691 BCX0\">V\u0113lu jums visiem laim\u012bgu 2026. gadu!  <\/p>\n<p class=\"m-0\">Seko &#8220;Delfi&#8221; ar\u012b  <a target=\"_blank\" href=\"https:\/\/www.instagram.com\/delfi.lv\/\" rel=\"nofollow noopener\">Instagram<\/a>  un <a target=\"_blank\" href=\"https:\/\/www.youtube.com\/channel\/UCw5foWtcJvAbUm64rv7jwUQ\" rel=\"nofollow noopener\">YouTube<\/a>  profil\u0101 \u2013 pievienojies, lai uzzin\u0101tu svar\u012bg\u0101ko un interesant\u0101ko pirmais!<\/p>\n<p>Publik\u0101cijas saturs vai t\u0101s jebk\u0101da apjoma da\u013ca ir aizsarg\u0101ts autorties\u012bbu objekts Autorties\u012bbu likuma izpratn\u0113, un t\u0101 izmanto\u0161ana bez izdev\u0113ja at\u013caujas ir aizliegta. Vair\u0101k lasi  <a target=\"_blank\" href=\"https:\/\/www.delfi.lv\/noteikumi#autortiesibas\" rel=\"nofollow noopener\">\u0161eit<\/a><script async src=\"\/\/www.instagram.com\/embed.js\"><\/script><\/p>\n","protected":false},"excerpt":{"rendered":"2026. gads &#8220;Delfi&#8221; redakcijai iez\u012bm\u0113sies k\u0101 p\u0101rbaude sp\u0113jai saglab\u0101t skaidru fokusu laik\u0101, kad inform\u0101cijas troksnis, emocijas un politisk\u0101&hellip;\n","protected":false},"author":2,"featured_media":91681,"comment_status":"","ping_status":"","sticky":false,"template":"","format":"standard","meta":{"footnotes":""},"categories":[12],"tags":[23,28,29,7105,32,33,23059,22,30,31,35,39,38,36,37,34,40,20,26,27,24,25,21],"class_list":{"0":"post-91680","1":"post","2":"type-post","3":"status-publish","4":"format-standard","5":"has-post-thumbnail","7":"category-latvija","8":"tag-aktualitates","9":"tag-breaking-news","10":"tag-breakingnews","11":"tag-delfi","12":"tag-featured-news","13":"tag-featurednews","14":"tag-filips-lastovskis","15":"tag-headlines","16":"tag-latest-news","17":"tag-latestnews","18":"tag-latvia","19":"tag-latvian","20":"tag-latviesu","21":"tag-latviesu-valoda","22":"tag-latviesuvaloda","23":"tag-latvija","24":"tag-lv","25":"tag-news","26":"tag-popularakas-zinas","27":"tag-popularakaszinas","28":"tag-top-stories","29":"tag-topstories","30":"tag-zinas"},"share_on_mastodon":{"url":"https:\/\/pubeurope.com\/@lv\/115819708619822592","error":""},"_links":{"self":[{"href":"https:\/\/www.europesays.com\/lv\/wp-json\/wp\/v2\/posts\/91680","targetHints":{"allow":["GET"]}}],"collection":[{"href":"https:\/\/www.europesays.com\/lv\/wp-json\/wp\/v2\/posts"}],"about":[{"href":"https:\/\/www.europesays.com\/lv\/wp-json\/wp\/v2\/types\/post"}],"author":[{"embeddable":true,"href":"https:\/\/www.europesays.com\/lv\/wp-json\/wp\/v2\/users\/2"}],"replies":[{"embeddable":true,"href":"https:\/\/www.europesays.com\/lv\/wp-json\/wp\/v2\/comments?post=91680"}],"version-history":[{"count":0,"href":"https:\/\/www.europesays.com\/lv\/wp-json\/wp\/v2\/posts\/91680\/revisions"}],"wp:featuredmedia":[{"embeddable":true,"href":"https:\/\/www.europesays.com\/lv\/wp-json\/wp\/v2\/media\/91681"}],"wp:attachment":[{"href":"https:\/\/www.europesays.com\/lv\/wp-json\/wp\/v2\/media?parent=91680"}],"wp:term":[{"taxonomy":"category","embeddable":true,"href":"https:\/\/www.europesays.com\/lv\/wp-json\/wp\/v2\/categories?post=91680"},{"taxonomy":"post_tag","embeddable":true,"href":"https:\/\/www.europesays.com\/lv\/wp-json\/wp\/v2\/tags?post=91680"}],"curies":[{"name":"wp","href":"https:\/\/api.w.org\/{rel}","templated":true}]}}