{"id":91690,"date":"2026-01-01T12:11:07","date_gmt":"2026-01-01T12:11:07","guid":{"rendered":"https:\/\/www.europesays.com\/lv\/91690\/"},"modified":"2026-01-01T12:11:07","modified_gmt":"2026-01-01T12:11:07","slug":"valsts-atbalsts-beidzies-tagad-par-elektribu-maksasim-vairak-kas-mus-sagaida","status":"publish","type":"post","link":"https:\/\/www.europesays.com\/lv\/91690\/","title":{"rendered":"Valsts atbalsts beidzies, tagad par elektr\u012bbu maks\u0101sim vair\u0101k: kas m\u016bs sagaida?"},"content":{"rendered":"<p>    <img decoding=\"async\" src=\"https:\/\/www.europesays.com\/lv\/wp-content\/uploads\/2026\/01\/LET_5454536-1.jpg\" alt=\"&#10;\"\/><\/p>\n<p>Foto. LETA \u00a9 Evija Trifanova\n<\/p>\n<p>No \u0161odienas nosl\u0113gsies 2023. gad\u0101 noteiktais valsts atbalsts elektroener\u0123ijas tarifos, un da\u013cai m\u0101jsaimniec\u012bbu ar vienf\u0101zes un triju f\u0101\u017eu piesl\u0113gumu ikm\u0113ne\u0161a maks\u0101jums par jaudas uztur\u0113\u0161anu pieaugs, a\u0123ent\u016bru LETA inform\u0113ja AS \u201cSadales t\u012bkls\u201d.<\/p>\n<p>        Las\u012bt\u0101kie<br \/>\n        <a data-imagesrc=\"{&quot;300&quot;:&quot;https:\\\/\\\/lastatic.ams3.cdn.digitaloceanspaces.com\\\/2026\\\/01\\\/shutterstock_2685252749-300x172.jpg&quot;,&quot;1024&quot;:&quot;https:\\\/\\\/lastatic.ams3.cdn.digitaloceanspaces.com\\\/2026\\\/01\\\/shutterstock_2685252749-1024x589.jpg&quot;,&quot;1536&quot;:&quot;https:\\\/\\\/lastatic.ams3.cdn.digitaloceanspaces.com\\\/2026\\\/01\\\/shutterstock_2685252749-1536x883.jpg&quot;,&quot;500&quot;:&quot;https:\\\/\\\/lastatic.ams3.cdn.digitaloceanspaces.com\\\/2026\\\/01\\\/shutterstock_2685252749-500x287.jpg&quot;,&quot;800&quot;:&quot;https:\\\/\\\/lastatic.ams3.cdn.digitaloceanspaces.com\\\/2026\\\/01\\\/shutterstock_2685252749-800x460.jpg&quot;,&quot;2560&quot;:&quot;https:\\\/\\\/lastatic.ams3.cdn.digitaloceanspaces.com\\\/2026\\\/01\\\/shutterstock_2685252749-scaled.jpg&quot;}\" data-focuspoint=\"&quot;&quot;\" data-p=\"2485210\" href=\"https:\/\/www.la.lv\/lielais-2026-gada-horoskops-visam-zodiaka-zimem-kas-gaidams-attiecibas-finansu-joma-un-kada-bus-veseliba\" class=\"content-item lazy-load\" wp_automatic_readability=\"27\" rel=\"nofollow noopener\" target=\"_blank\"><\/p>\n<p>                                <img decoding=\"async\" src=\"\" alt=\"\" style=\"\" data-imageid=\"\"\/><\/p>\n<p>                                Kokteilis<\/p>\n<p>\n                                                Lielais 2026. gada horoskops vis\u0101m zodiaka z\u012bm\u0113m \u2013 kas gaid\u0101ms attiec\u012bb\u0101s, finan\u0161u jom\u0101 un k\u0101da b\u016bs vesel\u012bba?\n                            <\/p>\n<p><\/a><a data-imagesrc=\"{&quot;300&quot;:&quot;https:\\\/\\\/lastatic.ams3.cdn.digitaloceanspaces.com\\\/2022\\\/06\\\/kallasa_Hollie_Adams_AFP_Scanpix_6-300x200.jpg&quot;,&quot;768&quot;:&quot;https:\\\/\\\/lastatic.ams3.cdn.digitaloceanspaces.com\\\/2022\\\/06\\\/kallasa_Hollie_Adams_AFP_Scanpix_6-768x512.jpg&quot;,&quot;200&quot;:&quot;https:\\\/\\\/lastatic.ams3.cdn.digitaloceanspaces.com\\\/2022\\\/06\\\/kallasa_Hollie_Adams_AFP_Scanpix_6-200x133.jpg&quot;,&quot;400&quot;:&quot;https:\\\/\\\/lastatic.ams3.cdn.digitaloceanspaces.com\\\/2022\\\/06\\\/kallasa_Hollie_Adams_AFP_Scanpix_6-400x267.jpg&quot;,&quot;500&quot;:&quot;https:\\\/\\\/lastatic.ams3.cdn.digitaloceanspaces.com\\\/2022\\\/06\\\/kallasa_Hollie_Adams_AFP_Scanpix_6-500x334.jpg&quot;,&quot;800&quot;:&quot;https:\\\/\\\/lastatic.ams3.cdn.digitaloceanspaces.com\\\/2022\\\/06\\\/kallasa_Hollie_Adams_AFP_Scanpix_6-800x534.jpg&quot;,&quot;1000&quot;:&quot;https:\\\/\\\/lastatic.ams3.cdn.digitaloceanspaces.com\\\/2022\\\/06\\\/kallasa_Hollie_Adams_AFP_Scanpix_6.jpg&quot;}\" data-focuspoint=\"&quot;&quot;\" data-p=\"2487129\" href=\"https:\/\/www.la.lv\/uzbrukums-putina-rezidencei-vecgada-vakara-kallasa-komente-savu-versiju-par-notikuso\" class=\"content-item lazy-load\" wp_automatic_readability=\"26\" rel=\"nofollow noopener\" target=\"_blank\"><\/p>\n<p>                                <img decoding=\"async\" src=\"\" alt=\"\" style=\"\" data-imageid=\"\"\/><\/p>\n<p>\n                                                Uzbrukums Putina rezidencei: Kallasa Vecgada vakar\u0101 koment\u0113 savu versiju par notiku\u0161o<\/p>\n<p><\/a><a data-imagesrc=\"{&quot;300&quot;:&quot;https:\\\/\\\/lastatic.ams3.cdn.digitaloceanspaces.com\\\/2023\\\/08\\\/WhatsApp-Image-2023-08-04-at-14.02.56-300x201.jpeg&quot;,&quot;768&quot;:&quot;https:\\\/\\\/lastatic.ams3.cdn.digitaloceanspaces.com\\\/2023\\\/08\\\/WhatsApp-Image-2023-08-04-at-14.02.56-768x514.jpeg&quot;,&quot;200&quot;:&quot;https:\\\/\\\/lastatic.ams3.cdn.digitaloceanspaces.com\\\/2023\\\/08\\\/WhatsApp-Image-2023-08-04-at-14.02.56-200x134.jpeg&quot;,&quot;400&quot;:&quot;https:\\\/\\\/lastatic.ams3.cdn.digitaloceanspaces.com\\\/2023\\\/08\\\/WhatsApp-Image-2023-08-04-at-14.02.56-400x268.jpeg&quot;,&quot;500&quot;:&quot;https:\\\/\\\/lastatic.ams3.cdn.digitaloceanspaces.com\\\/2023\\\/08\\\/WhatsApp-Image-2023-08-04-at-14.02.56-500x334.jpeg&quot;,&quot;800&quot;:&quot;https:\\\/\\\/lastatic.ams3.cdn.digitaloceanspaces.com\\\/2023\\\/08\\\/WhatsApp-Image-2023-08-04-at-14.02.56-800x535.jpeg&quot;,&quot;1000&quot;:&quot;https:\\\/\\\/lastatic.ams3.cdn.digitaloceanspaces.com\\\/2023\\\/08\\\/WhatsApp-Image-2023-08-04-at-14.02.56-1000x669.jpeg&quot;,&quot;1024&quot;:&quot;https:\\\/\\\/lastatic.ams3.cdn.digitaloceanspaces.com\\\/2023\\\/08\\\/WhatsApp-Image-2023-08-04-at-14.02.56.jpeg&quot;}\" data-focuspoint=\"&quot;&quot;\" data-p=\"2477775\" href=\"https:\/\/www.la.lv\/mani-atlaida-no-darba-latvijas-popularakaja-laboratorija-neko-nepaskaidrojot-lelde-par-pazemojumu-mobingu-un-briesmigo-attieksmi-no-prieksniecibas\" class=\"content-item lazy-load\" wp_automatic_readability=\"28\" rel=\"nofollow noopener\" target=\"_blank\"><\/p>\n<p>                                <img decoding=\"async\" src=\"\" alt=\"\" style=\"\" data-imageid=\"\"\/><\/p>\n<p>                                RAKSTA REDAKTORS<\/p>\n<p>\n                                                \u201cMani atlaida no darba Latvijas popul\u0101r\u0101kaj\u0101 laboratorij\u0101, neko nepaskaidrojot,\u201d Lelde par pazemojumu, mobingu un briesm\u012bgo attieksmi no priek\u0161niec\u012bbas<\/p>\n<p><\/a><br \/>\n        <a class=\"read-more\" href=\"https:\/\/www.la.lv\/top\" rel=\"nofollow noopener\" target=\"_blank\">Las\u012bt citas zi\u0146as<\/a><\/p>\n<p>Elektroener\u0123ijas tarifu strauja pieauguma ierobe\u017eo\u0161anai 2023. gad\u0101 tika noteikts valsts atbalsta risin\u0101jums. Tas nosl\u0113gsies 2026. gada 1. janv\u0101r\u012b, ietekm\u0113jot faktisko maks\u0101jumu par sadales pakalpojumiem bie\u017e\u0101k izmantotajiem priv\u0101tpersonu piesl\u0113gumiem ar jaudu no 16 l\u012bdz 25 amp\u0113riem (A) un \u201cPamata\u201d tarifu pl\u0101nu.<\/p>\n<blockquote><p>M\u0101jsaimniec\u012bb\u0101m ar vienf\u0101zes piesl\u0113gumu ikm\u0113ne\u0161a maks\u0101jums par jaudas uztur\u0113\u0161anu atkar\u012bb\u0101 no izv\u0113l\u0113t\u0101s jaudas no janv\u0101ra pieaugs par 0,2 l\u012bdz 1,26 eiro m\u0113nes\u012b, neskaitot pievienot\u0101s v\u0113rt\u012bbas nodokli (PVN), bet m\u0101jsaimniec\u012bb\u0101m ar triju f\u0101\u017eu piesl\u0113gumu \u2013 par 1,92 l\u012bdz 3,50 eiro bez PVN.<\/p><\/blockquote>\n<p>    CITI \u0160OBR\u012aD LASA<\/p>\n<p>\u0160\u012bs izmai\u0146as neietekm\u0113s m\u0101jsaimniec\u012bbas, uz kur\u0101m valsts atbalsts netika attiecin\u0101ts (ar 32 A un jaud\u012bg\u0101kiem piesl\u0113gumiem), k\u0101 ar\u012b juridisk\u0101s personas \u2013 \u0161iem klientiem faktisk\u0101 maksa par jaudas uztur\u0113\u0161anu 2026. gad\u0101 paliks nemain\u012bga.<\/p>\n<p>Ietekmes uz ikm\u0113ne\u0161a maks\u0101jumu neb\u016bs ar\u012b tiem klientiem, kuri izmanto \u201cSpeci\u0101lo\u201d tarifu pl\u0101nu, kas ir piem\u0113rots iz\u0146\u0113muma gad\u012bjumiem, piem\u0113ram, \u012bpa\u0161umiem ar neeso\u0161u vai izteikti mazu pat\u0113ri\u0146u, vasaras m\u0101jai ziemas sezon\u0101 vai neapdz\u012bvotam, p\u0101rdo\u0161an\u0101 izliktam dz\u012bvoklim. Vienlaikus no janv\u0101ra nedaudz palielin\u0101sies \u201cSpeci\u0101lajam\u201d pl\u0101nam rakstur\u012bg\u0101 pat\u0113ri\u0146a izdev\u012bguma robe\u017ea.<\/p>\n<p>Inform\u0101ciju par to, kur\u0161 tarifu pl\u0101ns b\u016bs izdev\u012bg\u0101kais pie konkr\u0113t\u0101 ikm\u0113ne\u0161a pat\u0113ri\u0146a, var ieg\u016bt \u201cSadales t\u012bkla\u201d tarifu kalkulator\u0101. Uz\u0146\u0113mum\u0101 skaidro, ka, izv\u0113loties \u201cSpeci\u0101lo\u201d pl\u0101nu, ir r\u016bp\u012bgi j\u0101seko l\u012bdzi savam pat\u0113ri\u0146am, jo pat nelielas t\u0101 sv\u0101rst\u012bbas var strauji palielin\u0101t ikm\u0113ne\u0161a izmaksas, t\u0101p\u0113c main\u012bg\u0101s vai gr\u016bti paredzam\u0101s situ\u0101cij\u0101s ieteicams palikt pie \u201cPamata\u201d tarifu pl\u0101na, kas ir atbilsto\u0161\u0101k\u0101 izv\u0113le ikdienas pat\u0113ri\u0146am un izmanto ap 97% m\u0101jsaimniec\u012bbu.<\/p>\n<p>Iesp\u0113jam\u0101s citas izmai\u0146as elektroener\u0123ijas r\u0113\u0137inos 2026. gad\u0101 neb\u016bs saist\u012btas ar sadales pakalpojumu, bet var b\u016bt saist\u012btas ar main\u012bgu pat\u0113ri\u0146a apjomu vai elektroener\u0123ijas kilovatstundas (kWh) tirdzniec\u012bbas cenas izmai\u0146\u0101m.<\/p>\n<p>\u201cSadales t\u012bkl\u0101\u201d nor\u0101da, lai ikm\u0113ne\u0161a izmaksas b\u016btu optim\u0101las, elektr\u012bbas piesl\u0113guma jaudu ir b\u016btiski izraudz\u012bties atbilsto\u0161i m\u0101jsaimniec\u012bbas elektroener\u0123ijas lieto\u0161anas paradumiem, ko ietekm\u0113 m\u0101jsaimniec\u012bb\u0101 izmantot\u0101s elektrotehnikas kl\u0101sts un jauda.<\/p>\n<p>Ar\u012b 2026. gad\u0101 aizsarg\u0101tie elektroener\u0123ijas lietot\u0101ji \u2013 tr\u016bc\u012bgas vai maznodro\u0161in\u0101tas personas, daudzb\u0113rnu \u0123imenes vai \u0123imenes, kuru apr\u016bp\u0113 ir b\u0113rni ar invalidit\u0101ti, personas ar pirm\u0101s invalidit\u0101tes grupu \u2013 atbilsto\u0161i Elektroener\u0123ijas tirgus likumam var\u0113s turpin\u0101t sa\u0146emt atbalstu no valsts bud\u017eeta l\u012bdzek\u013ciem nor\u0113\u0137iniem par elektroener\u0123iju 20 l\u012bdz 25 eiro apm\u0113r\u0101. Atbalstam nav j\u0101piesak\u0101s, jo tas tiek pie\u0161\u0137irts autom\u0101tiski k\u0101 atlaide elektroener\u0123ijas r\u0113\u0137in\u0101. Pla\u0161\u0101ka inform\u0101cija pieejama Klimata un ener\u0123\u0113tikas ministrijas m\u0101jaslap\u0101.<\/p>\n<p>Sadales tarifs ir maksa par kritiski noz\u012bm\u012bg\u0101s elektroapg\u0101des sist\u0113mas uztur\u0113\u0161anu un att\u012bst\u012bbu. \u201cSadales t\u012bkla\u201d p\u0101rvald\u012bb\u0101 vis\u0101 Latvij\u0101 ir elektrol\u012bnijas apm\u0113ram 92 000 kilometru kopgarum\u0101, ap 28 000 transformatoru apak\u0161staciju, v\u0113l liel\u0101ks skaits sadales skapju, 1,1 miljons viedo elektroener\u0123ijas skait\u012bt\u0101ju un citu iek\u0101rtu.. \u0160\u012b infrastrukt\u016bra \u013cauj nodro\u0161in\u0101t elektr\u012bbas pieg\u0101di gandr\u012bz 800 000 m\u0101jsaimniec\u012bbu un uz\u0146\u0113mumu vis\u0101 Latvij\u0101.<\/p>\n<p>Sadales pakalpojum\u0101 iek\u013cauta ar\u012b maksa par p\u0101rvades pakalpojumu, ko Latvij\u0101 nodro\u0161ina AS \u201cAugstsprieguma t\u012bkls\u201d (AST). AST novembra beig\u0101s ir pazi\u0146ojusi par jauniem tarifiem no 2026. gada janv\u0101ra. T\u0101 k\u0101 konkr\u0113ti uz AS \u201cSadales t\u012bkls\u201d attiecin\u0101m\u0101s jauno p\u0101rvades tarifu izmaksas p\u0113c b\u016bt\u012bbas nav main\u012bju\u0161\u0101s, \u0161o izmai\u0146u ietekm\u0113 \u201cSadales t\u012bkla\u201d klientiem izmaksas par elektroener\u0123ijas p\u0101rvadi nemain\u012bsies.<\/p>\n<p>LETA jau v\u0113st\u012bja, ka 2024. gad\u0101 \u201cSadales t\u012bkla\u201d apgroz\u012bjums bija 371,812 miljoni eiro, bet pe\u013c\u0146a \u2013 28,256 miljoni eiro.<\/p>\n<p>\u201cSadales t\u012bkls\u201d ir valstij piedero\u0161aj\u0101 \u201cLatvenergo\u201d koncern\u0101 ietilpsto\u0161s elektrot\u012bkla uztur\u0113t\u0101js un att\u012bst\u012bt\u0101js Latvij\u0101. Komp\u0101nija nodro\u0161ina sadales elektrot\u012bklu ekspluat\u0101ciju, atjauno\u0161anu un pl\u0101nveida att\u012bst\u012bbu, elektroener\u0123ijas izlieto\u0161anas uzraudz\u012bbu, zudumu samazin\u0101\u0161anas pas\u0101kumus un elektroener\u0123ijas uzskaiti, k\u0101 ar\u012b veic jaunu piesl\u0113gumu izveidi.<\/p>\n<p>T\u0113mas<\/p>\n<p>    SAIST\u012aTIE RAKSTI<\/p>\n","protected":false},"excerpt":{"rendered":"Foto. LETA \u00a9 Evija Trifanova No \u0161odienas nosl\u0113gsies 2023. gad\u0101 noteiktais valsts atbalsts elektroener\u0123ijas tarifos, un da\u013cai m\u0101jsaimniec\u012bbu&hellip;\n","protected":false},"author":2,"featured_media":91691,"comment_status":"","ping_status":"","sticky":false,"template":"","format":"standard","meta":{"footnotes":""},"categories":[12],"tags":[23,28,29,32,33,22,30,31,35,39,38,36,37,34,40,20,26,27,24,25,21],"class_list":{"0":"post-91690","1":"post","2":"type-post","3":"status-publish","4":"format-standard","5":"has-post-thumbnail","7":"category-latvija","8":"tag-aktualitates","9":"tag-breaking-news","10":"tag-breakingnews","11":"tag-featured-news","12":"tag-featurednews","13":"tag-headlines","14":"tag-latest-news","15":"tag-latestnews","16":"tag-latvia","17":"tag-latvian","18":"tag-latviesu","19":"tag-latviesu-valoda","20":"tag-latviesuvaloda","21":"tag-latvija","22":"tag-lv","23":"tag-news","24":"tag-popularakas-zinas","25":"tag-popularakaszinas","26":"tag-top-stories","27":"tag-topstories","28":"tag-zinas"},"share_on_mastodon":{"url":"https:\/\/pubeurope.com\/@lv\/115819779718580063","error":""},"_links":{"self":[{"href":"https:\/\/www.europesays.com\/lv\/wp-json\/wp\/v2\/posts\/91690","targetHints":{"allow":["GET"]}}],"collection":[{"href":"https:\/\/www.europesays.com\/lv\/wp-json\/wp\/v2\/posts"}],"about":[{"href":"https:\/\/www.europesays.com\/lv\/wp-json\/wp\/v2\/types\/post"}],"author":[{"embeddable":true,"href":"https:\/\/www.europesays.com\/lv\/wp-json\/wp\/v2\/users\/2"}],"replies":[{"embeddable":true,"href":"https:\/\/www.europesays.com\/lv\/wp-json\/wp\/v2\/comments?post=91690"}],"version-history":[{"count":0,"href":"https:\/\/www.europesays.com\/lv\/wp-json\/wp\/v2\/posts\/91690\/revisions"}],"wp:featuredmedia":[{"embeddable":true,"href":"https:\/\/www.europesays.com\/lv\/wp-json\/wp\/v2\/media\/91691"}],"wp:attachment":[{"href":"https:\/\/www.europesays.com\/lv\/wp-json\/wp\/v2\/media?parent=91690"}],"wp:term":[{"taxonomy":"category","embeddable":true,"href":"https:\/\/www.europesays.com\/lv\/wp-json\/wp\/v2\/categories?post=91690"},{"taxonomy":"post_tag","embeddable":true,"href":"https:\/\/www.europesays.com\/lv\/wp-json\/wp\/v2\/tags?post=91690"}],"curies":[{"name":"wp","href":"https:\/\/api.w.org\/{rel}","templated":true}]}}