{"id":91694,"date":"2026-01-01T12:13:07","date_gmt":"2026-01-01T12:13:07","guid":{"rendered":"https:\/\/www.europesays.com\/lv\/91694\/"},"modified":"2026-01-01T12:13:07","modified_gmt":"2026-01-01T12:13:07","slug":"sedokova-par-2025-gadu-izmisums-ir-viens-no-astoniem-grekiem-kristietiba-un-naves-greks-katolicisma","status":"publish","type":"post","link":"https:\/\/www.europesays.com\/lv\/91694\/","title":{"rendered":"Sedokova par 2025. gadu: Izmisums ir viens no asto\u0146iem gr\u0113kiem kristiet\u012bb\u0101 un n\u0101ves gr\u0113ks katolicism\u0101"},"content":{"rendered":"<p>Anna lepojas, ka, klibojot un da\u017ereiz vienk\u0101r\u0161i r\u0101pojot, vi\u0146a ir sasniegusi 2026. gadu.<\/p>\n<p>\u201cV\u0113los nov\u0113l\u0113t ikvienam daudz lab\u0101ku 2026. gadu. Lai mums ir sp\u0113ks, b\u0113rniem un tuviniekiem vesel\u012bba, bet ar visu citu m\u0113s tiksim gal\u0101. Es v\u0113los, lai m\u0113s visi atcer\u0113tos, ka pat p\u0113c vistum\u0161\u0101k\u0101s nakts noteikti seko r\u012btausma,\u201d cer\u012bgi raksta Anna.<\/p>\n<p>Dzied\u0101t\u0101ja god\u012bgi atz\u012bst, ka neatceras 2025. gada pirmo pusi, tad vi\u0146a atv\u0113rusi acis un sapratusi, kas dz\u012bv\u0113 ir galvenais un pats b\u016btisk\u0101kais, tie ir vi\u0146as b\u0113rni. Vien\u0101 no dr\u016bmaj\u0101m 2025. gada dien\u0101m k\u0101da b\u016btiska persona vi\u0146ai to atg\u0101din\u0101jusi.<\/p>\n<p>\u201cIzmisums ir viens no asto\u0146iem gr\u0113kiem kristiet\u012bb\u0101 un n\u0101ves gr\u0113ks katolicism\u0101. Tas apz\u012bm\u0113 dv\u0113seles v\u0101jin\u0101\u0161anos, tic\u012bbas tr\u016bkumu Dieva m\u012blest\u012bbai un \u017e\u0113lsird\u012bbai, atteik\u0161anos c\u012bn\u012bties un gar\u012bgu slinkumu, kas noved pie stagn\u0101cijas, ap\u0101tijas un nev\u0113l\u0113\u0161an\u0101s dz\u012bvot. Un t\u0101 es sa\u0146\u0113mos,\u201d Anna atkl\u0101j, k\u0101 vi\u0146ai izdevies ats\u0101kt dz\u012bvot p\u0113c smag\u0101 v\u012bra zaud\u0113juma.<\/p>\n<p>Uz 2026. gadu Anna skat\u0101s ar liel\u0101m cer\u012bb\u0101m, sakot, ka rad\u012bs daudz dziesmu un saka paldies ikvienam, kur\u0161 vi\u0146u nav pametis un tic\u0113jis vi\u0146ai, pat laik\u0101, kad vi\u0146a klus\u0113jusi.<\/p>\n<p class=\"tv3-fw-500\">Zi\u0146o par k\u013c\u016bdu rakst\u0101<\/p>\n<p class=\"d-md-block d-none\">Iez\u012bm\u0113 k\u013c\u016bdaino tekstu un spied Ctrl+Enter.<\/p>\n<p class=\"d-md-none d-block\">Iez\u012bm\u0113 k\u013c\u016bdaino tekstu un zi\u0146o par to!<\/p>\n","protected":false},"excerpt":{"rendered":"Anna lepojas, ka, klibojot un da\u017ereiz vienk\u0101r\u0161i r\u0101pojot, vi\u0146a ir sasniegusi 2026. gadu. \u201cV\u0113los nov\u0113l\u0113t ikvienam daudz lab\u0101ku&hellip;\n","protected":false},"author":2,"featured_media":91695,"comment_status":"","ping_status":"","sticky":false,"template":"","format":"standard","meta":{"footnotes":""},"categories":[19],"tags":[23061,89,90,35,39,38,36,37,34,40],"class_list":{"0":"post-91694","1":"post","2":"type-post","3":"status-publish","4":"format-standard","5":"has-post-thumbnail","7":"category-izklaide","8":"tag-anna-sedokovajaunais-gads","9":"tag-entertainment","10":"tag-izklaide","11":"tag-latvia","12":"tag-latvian","13":"tag-latviesu","14":"tag-latviesu-valoda","15":"tag-latviesuvaloda","16":"tag-latvija","17":"tag-lv"},"share_on_mastodon":{"url":"https:\/\/pubeurope.com\/@lv\/115819787218075541","error":""},"_links":{"self":[{"href":"https:\/\/www.europesays.com\/lv\/wp-json\/wp\/v2\/posts\/91694","targetHints":{"allow":["GET"]}}],"collection":[{"href":"https:\/\/www.europesays.com\/lv\/wp-json\/wp\/v2\/posts"}],"about":[{"href":"https:\/\/www.europesays.com\/lv\/wp-json\/wp\/v2\/types\/post"}],"author":[{"embeddable":true,"href":"https:\/\/www.europesays.com\/lv\/wp-json\/wp\/v2\/users\/2"}],"replies":[{"embeddable":true,"href":"https:\/\/www.europesays.com\/lv\/wp-json\/wp\/v2\/comments?post=91694"}],"version-history":[{"count":0,"href":"https:\/\/www.europesays.com\/lv\/wp-json\/wp\/v2\/posts\/91694\/revisions"}],"wp:featuredmedia":[{"embeddable":true,"href":"https:\/\/www.europesays.com\/lv\/wp-json\/wp\/v2\/media\/91695"}],"wp:attachment":[{"href":"https:\/\/www.europesays.com\/lv\/wp-json\/wp\/v2\/media?parent=91694"}],"wp:term":[{"taxonomy":"category","embeddable":true,"href":"https:\/\/www.europesays.com\/lv\/wp-json\/wp\/v2\/categories?post=91694"},{"taxonomy":"post_tag","embeddable":true,"href":"https:\/\/www.europesays.com\/lv\/wp-json\/wp\/v2\/tags?post=91694"}],"curies":[{"name":"wp","href":"https:\/\/api.w.org\/{rel}","templated":true}]}}