{"id":91696,"date":"2026-01-01T12:17:11","date_gmt":"2026-01-01T12:17:11","guid":{"rendered":"https:\/\/www.europesays.com\/lv\/91696\/"},"modified":"2026-01-01T12:17:11","modified_gmt":"2026-01-01T12:17:11","slug":"berna-piedzimsanas-pabalstu-sogad-cels-par-179-eiro-bet-par-cik-eiro-berna-kopsanas-pabalstu","status":"publish","type":"post","link":"https:\/\/www.europesays.com\/lv\/91696\/","title":{"rendered":"B\u0113rna piedzim\u0161anas pabalstu \u0161ogad cels par 179 eiro, bet par cik eiro b\u0113rna kop\u0161anas pabalstu?"},"content":{"rendered":"<p>    <img decoding=\"async\" src=\"https:\/\/www.europesays.com\/lv\/wp-content\/uploads\/2026\/01\/LET_3909679-1024x659.jpg\" alt=\"&#10;\"\/><\/p>\n<p>Foto: Ieva \u010c\u012bka\/LETA\n<\/p>\n<p>No \u0161\u012b gada vienreiz\u0113jais b\u0113rna piedzim\u0161anas pabalsts b\u016bs 600 eiro jeb par 178,83 eiro vair\u0101k nek\u0101 l\u012bdz \u0161im, bet b\u0113rna kop\u0161anas pabalsts jaunajiem vec\u0101kiem b\u016bs 298 eiro jeb par 127 eiro vair\u0101k, a\u0123ent\u016bru LETA inform\u0113ja Labkl\u0101j\u012bbas ministrijas (LM) p\u0101rst\u0101ve Aiga Isajeva.<\/p>\n<p>        Las\u012bt\u0101kie<br \/>\n        <a data-imagesrc=\"{&quot;300&quot;:&quot;https:\\\/\\\/lastatic.ams3.cdn.digitaloceanspaces.com\\\/2026\\\/01\\\/shutterstock_2685252749-300x172.jpg&quot;,&quot;1024&quot;:&quot;https:\\\/\\\/lastatic.ams3.cdn.digitaloceanspaces.com\\\/2026\\\/01\\\/shutterstock_2685252749-1024x589.jpg&quot;,&quot;1536&quot;:&quot;https:\\\/\\\/lastatic.ams3.cdn.digitaloceanspaces.com\\\/2026\\\/01\\\/shutterstock_2685252749-1536x883.jpg&quot;,&quot;500&quot;:&quot;https:\\\/\\\/lastatic.ams3.cdn.digitaloceanspaces.com\\\/2026\\\/01\\\/shutterstock_2685252749-500x287.jpg&quot;,&quot;800&quot;:&quot;https:\\\/\\\/lastatic.ams3.cdn.digitaloceanspaces.com\\\/2026\\\/01\\\/shutterstock_2685252749-800x460.jpg&quot;,&quot;2560&quot;:&quot;https:\\\/\\\/lastatic.ams3.cdn.digitaloceanspaces.com\\\/2026\\\/01\\\/shutterstock_2685252749-scaled.jpg&quot;}\" data-focuspoint=\"&quot;&quot;\" data-p=\"2485210\" href=\"https:\/\/www.la.lv\/lielais-2026-gada-horoskops-visam-zodiaka-zimem-kas-gaidams-attiecibas-finansu-joma-un-kada-bus-veseliba\" class=\"content-item lazy-load\" wp_automatic_readability=\"27\" rel=\"nofollow noopener\" target=\"_blank\"><\/p>\n<p>                                <img decoding=\"async\" src=\"\" alt=\"\" style=\"\" data-imageid=\"\"\/><\/p>\n<p>                                Kokteilis<\/p>\n<p>\n                                                Lielais 2026. gada horoskops vis\u0101m zodiaka z\u012bm\u0113m \u2013 kas gaid\u0101ms attiec\u012bb\u0101s, finan\u0161u jom\u0101 un k\u0101da b\u016bs vesel\u012bba?\n                            <\/p>\n<p><\/a><a data-imagesrc=\"{&quot;300&quot;:&quot;https:\\\/\\\/lastatic.ams3.cdn.digitaloceanspaces.com\\\/2022\\\/06\\\/kallasa_Hollie_Adams_AFP_Scanpix_6-300x200.jpg&quot;,&quot;768&quot;:&quot;https:\\\/\\\/lastatic.ams3.cdn.digitaloceanspaces.com\\\/2022\\\/06\\\/kallasa_Hollie_Adams_AFP_Scanpix_6-768x512.jpg&quot;,&quot;200&quot;:&quot;https:\\\/\\\/lastatic.ams3.cdn.digitaloceanspaces.com\\\/2022\\\/06\\\/kallasa_Hollie_Adams_AFP_Scanpix_6-200x133.jpg&quot;,&quot;400&quot;:&quot;https:\\\/\\\/lastatic.ams3.cdn.digitaloceanspaces.com\\\/2022\\\/06\\\/kallasa_Hollie_Adams_AFP_Scanpix_6-400x267.jpg&quot;,&quot;500&quot;:&quot;https:\\\/\\\/lastatic.ams3.cdn.digitaloceanspaces.com\\\/2022\\\/06\\\/kallasa_Hollie_Adams_AFP_Scanpix_6-500x334.jpg&quot;,&quot;800&quot;:&quot;https:\\\/\\\/lastatic.ams3.cdn.digitaloceanspaces.com\\\/2022\\\/06\\\/kallasa_Hollie_Adams_AFP_Scanpix_6-800x534.jpg&quot;,&quot;1000&quot;:&quot;https:\\\/\\\/lastatic.ams3.cdn.digitaloceanspaces.com\\\/2022\\\/06\\\/kallasa_Hollie_Adams_AFP_Scanpix_6.jpg&quot;}\" data-focuspoint=\"&quot;&quot;\" data-p=\"2487129\" href=\"https:\/\/www.la.lv\/uzbrukums-putina-rezidencei-vecgada-vakara-kallasa-komente-savu-versiju-par-notikuso\" class=\"content-item lazy-load\" wp_automatic_readability=\"26\" rel=\"nofollow noopener\" target=\"_blank\"><\/p>\n<p>                                <img decoding=\"async\" src=\"\" alt=\"\" style=\"\" data-imageid=\"\"\/><\/p>\n<p>\n                                                Uzbrukums Putina rezidencei Vecgada vakar\u0101: Kallasa koment\u0113 savu versiju par notiku\u0161o\n                            <\/p>\n<p><\/a><a data-imagesrc=\"{&quot;300&quot;:&quot;https:\\\/\\\/lastatic.ams3.cdn.digitaloceanspaces.com\\\/2024\\\/10\\\/2016-11-09t120000z_329873471_d1beulvkydaa_rtrmadp_3_russia-politics-1-300x223.jpg&quot;,&quot;768&quot;:&quot;https:\\\/\\\/lastatic.ams3.cdn.digitaloceanspaces.com\\\/2024\\\/10\\\/2016-11-09t120000z_329873471_d1beulvkydaa_rtrmadp_3_russia-politics-1-768x571.jpg&quot;,&quot;200&quot;:&quot;https:\\\/\\\/lastatic.ams3.cdn.digitaloceanspaces.com\\\/2024\\\/10\\\/2016-11-09t120000z_329873471_d1beulvkydaa_rtrmadp_3_russia-politics-1-200x149.jpg&quot;,&quot;400&quot;:&quot;https:\\\/\\\/lastatic.ams3.cdn.digitaloceanspaces.com\\\/2024\\\/10\\\/2016-11-09t120000z_329873471_d1beulvkydaa_rtrmadp_3_russia-politics-1-400x298.jpg&quot;,&quot;500&quot;:&quot;https:\\\/\\\/lastatic.ams3.cdn.digitaloceanspaces.com\\\/2024\\\/10\\\/2016-11-09t120000z_329873471_d1beulvkydaa_rtrmadp_3_russia-politics-1-500x372.jpg&quot;,&quot;800&quot;:&quot;https:\\\/\\\/lastatic.ams3.cdn.digitaloceanspaces.com\\\/2024\\\/10\\\/2016-11-09t120000z_329873471_d1beulvkydaa_rtrmadp_3_russia-politics-1-800x595.jpg&quot;,&quot;1000&quot;:&quot;https:\\\/\\\/lastatic.ams3.cdn.digitaloceanspaces.com\\\/2024\\\/10\\\/2016-11-09t120000z_329873471_d1beulvkydaa_rtrmadp_3_russia-politics-1.jpg&quot;}\" data-focuspoint=\"{&quot;x&quot;:&quot;36.06487714219448&quot;,&quot;y&quot;:&quot;30.288710782373172&quot;}\" data-p=\"2487127\" href=\"https:\/\/www.la.lv\/putins-sava-jaungada-uzruna-izsaka-negaiditu-frazi\" class=\"content-item lazy-load\" wp_automatic_readability=\"26\" rel=\"nofollow noopener\" target=\"_blank\"><\/p>\n<p>                                <img decoding=\"async\" src=\"\" alt=\"\" style=\"object-position: 36.06487714219448% 30.288710782373172%\" data-imageid=\"\"\/><\/p>\n<p>\n                                                Putins sav\u0101 Jaungada uzrun\u0101 izsaka negaid\u012btu fr\u0101zi\n                            <\/p>\n<p><\/a><br \/>\n        <a class=\"read-more\" href=\"https:\/\/www.la.lv\/top\" rel=\"nofollow noopener\" target=\"_blank\">Las\u012bt citas zi\u0146as<\/a><\/p>\n<p>B\u0113rna kop\u0161anas pabalstu par b\u0113rnu vecum\u0101 l\u012bdz pusotram gadam turpm\u0101k p\u0101rskat\u012bs ik p\u0113c diviem gadiem.<\/p>\n<p>Palielin\u0101sies ar\u012b soci\u0101l\u0101s apdro\u0161in\u0101\u0161anas iemaksas apdro\u0161in\u0101\u0161anas st\u0101\u017ea uzkr\u0101\u0161anai pensij\u0101m, bezdarbam un invalidit\u0101tei, jo iemaksas tiks veiktas no paaugstin\u0101t\u0101 pabalsta apm\u0113ra.<\/p>\n<p>    CITI \u0160OBR\u012aD LASA<\/p>\n<p>\u0122imenes valsts pabalstu izmaks\u0101s ar\u012b par b\u0113rniem vecum\u0101 no 16 l\u012bdz 20 gadu vecuma sasnieg\u0161anai, kuri stud\u0113 koled\u017e\u0101 vai augstskol\u0101 pilna laika kl\u0101tien\u0113, tostarp stud\u0113jo\u0161ajiem \u0101rvalst\u012bs. L\u012bdz \u0161im \u0161o pabalstu maks\u0101ja tikai, ja b\u0113rns m\u0101c\u012bj\u0101s visp\u0101r\u0113j\u0101s izgl\u012bt\u012bbas vai profesion\u0101l\u0101s izgl\u012bt\u012bbas iest\u0101d\u0113.<\/p>\n<p>\u0160ogad tiks saglab\u0101ts vec\u0101ku pabalsts 75% apm\u0113r\u0101 str\u0101d\u0101jo\u0161iem pabalsta sa\u0146\u0113m\u0113jiem, kuri b\u0113rna kop\u0161anas laik\u0101 ir nodarbin\u0101ti un neatrodas b\u0113rna kop\u0161anas atva\u013cin\u0101jum\u0101 vai b\u0113rna kop\u0161anas laik\u0101 g\u016bst ien\u0101kumus k\u0101 pa\u0161nodarbin\u0101tie. Tam papildu pie\u0161\u0137irti 7,7 miljoni eiro. Ievie\u0161ot \u0161\u012bs izmai\u0146as, politi\u0137i sol\u012bja izv\u0113rt\u0113t, vai t\u0101s devu\u0161as rezult\u0101tu, un p\u0113c tam sniegt v\u0113rt\u0113jumu par nepiecie\u0161am\u012bbu t\u0101s saglab\u0101t.<\/p>\n<p>Lai var\u0113tu pilnveidot materi\u0101los atbalsta pas\u0101kumus \u0123imen\u0113m ar b\u0113rniem, kop\u0113jais papildu finans\u0113jums paredz\u0113ts 42 miljonu eiro apm\u0113r\u0101, savuk\u0101rt atbalsta pas\u0101kumiem \u0101rpus\u0123imenes apr\u016bp\u0113 eso\u0161iem b\u0113rniem \u2013 24,1 miljons eiro.<\/p>\n<p>Papildu finans\u0113jums 94,8 miljonu eiro apm\u0113r\u0101 2026. gad\u0101 paredz\u0113ts, lai stiprin\u0101tu atbalstu \u0123imen\u0113m ar b\u0113rniem, k\u0101 ar\u012b pilnveidotu materi\u0101lo atbalstu \u0101rpus\u0123imenes apr\u016bp\u0113 eso\u0161iem b\u0113rniem.<\/p>\n<p>T\u0113mas<\/p>\n<p>    SAIST\u012aTIE RAKSTI<\/p>\n","protected":false},"excerpt":{"rendered":"Foto: Ieva \u010c\u012bka\/LETA No \u0161\u012b gada vienreiz\u0113jais b\u0113rna piedzim\u0161anas pabalsts b\u016bs 600 eiro jeb par 178,83 eiro vair\u0101k&hellip;\n","protected":false},"author":2,"featured_media":91697,"comment_status":"","ping_status":"","sticky":false,"template":"","format":"standard","meta":{"footnotes":""},"categories":[12],"tags":[23,28,29,32,33,22,30,31,35,39,38,36,37,34,40,20,26,27,24,25,21],"class_list":{"0":"post-91696","1":"post","2":"type-post","3":"status-publish","4":"format-standard","5":"has-post-thumbnail","7":"category-latvija","8":"tag-aktualitates","9":"tag-breaking-news","10":"tag-breakingnews","11":"tag-featured-news","12":"tag-featurednews","13":"tag-headlines","14":"tag-latest-news","15":"tag-latestnews","16":"tag-latvia","17":"tag-latvian","18":"tag-latviesu","19":"tag-latviesu-valoda","20":"tag-latviesuvaloda","21":"tag-latvija","22":"tag-lv","23":"tag-news","24":"tag-popularakas-zinas","25":"tag-popularakaszinas","26":"tag-top-stories","27":"tag-topstories","28":"tag-zinas"},"share_on_mastodon":{"url":"https:\/\/pubeurope.com\/@lv\/115819803054803991","error":""},"_links":{"self":[{"href":"https:\/\/www.europesays.com\/lv\/wp-json\/wp\/v2\/posts\/91696","targetHints":{"allow":["GET"]}}],"collection":[{"href":"https:\/\/www.europesays.com\/lv\/wp-json\/wp\/v2\/posts"}],"about":[{"href":"https:\/\/www.europesays.com\/lv\/wp-json\/wp\/v2\/types\/post"}],"author":[{"embeddable":true,"href":"https:\/\/www.europesays.com\/lv\/wp-json\/wp\/v2\/users\/2"}],"replies":[{"embeddable":true,"href":"https:\/\/www.europesays.com\/lv\/wp-json\/wp\/v2\/comments?post=91696"}],"version-history":[{"count":0,"href":"https:\/\/www.europesays.com\/lv\/wp-json\/wp\/v2\/posts\/91696\/revisions"}],"wp:featuredmedia":[{"embeddable":true,"href":"https:\/\/www.europesays.com\/lv\/wp-json\/wp\/v2\/media\/91697"}],"wp:attachment":[{"href":"https:\/\/www.europesays.com\/lv\/wp-json\/wp\/v2\/media?parent=91696"}],"wp:term":[{"taxonomy":"category","embeddable":true,"href":"https:\/\/www.europesays.com\/lv\/wp-json\/wp\/v2\/categories?post=91696"},{"taxonomy":"post_tag","embeddable":true,"href":"https:\/\/www.europesays.com\/lv\/wp-json\/wp\/v2\/tags?post=91696"}],"curies":[{"name":"wp","href":"https:\/\/api.w.org\/{rel}","templated":true}]}}