{"id":91703,"date":"2026-01-01T12:24:09","date_gmt":"2026-01-01T12:24:09","guid":{"rendered":"https:\/\/www.europesays.com\/lv\/91703\/"},"modified":"2026-01-01T12:24:09","modified_gmt":"2026-01-01T12:24:09","slug":"rinkevica-un-silinas-2026-gada-jaungada-uzrunu-analize","status":"publish","type":"post","link":"https:\/\/www.europesays.com\/lv\/91703\/","title":{"rendered":"Rink\u0113vi\u010da un Sili\u0146as 2026. gada Jaungada uzrunu anal\u012bze"},"content":{"rendered":"<p class=\"descr\">Jebkur\u0161 sv\u0113tku apsveikums sast\u0101v no div\u0101m sast\u0101vda\u013c\u0101m. No klasisk\u0101m, visp\u0101rzin\u0101m\u0101m standartfr\u0101z\u0113m un otras, svar\u012bg\u0101k\u0101s \u2013 ori\u0123in\u0101l\u0101s da\u013cas, kur\u0101 kaut kas tiek pateikts tie\u0161i tam konkr\u0113tajam cilv\u0113kam, kur\u0161 tiek sveikts. Jo liel\u0101ka pirm\u0101, visp\u0101r\u012bg\u0101 da\u013ca, jo apsveikums form\u0101l\u0101ks, bezpersonisk\u0101ks un l\u012bdz ar to ar\u012b maz\u0101k emocion\u0101li uzrun\u0101jo\u0161s.<\/p>\n<p>Latvijas augst\u0101ko amatpersonu sv\u0113tku uzrunas p\u0113d\u0113j\u0101 laik\u0101 k\u013c\u016bst arvien \u012bs\u0101kas, nekonkr\u0113t\u0101k\u0101s un form\u0101l\u0101kas. Tas, visticam\u0101k, izskaidrojams ar to, ka telev\u012bzijas laikmets pamaz\u0101m k\u013c\u016bst v\u0113sture. Laiks, kad televizors cilv\u0113ku mitek\u013cos ie\u0146\u0113ma centr\u0101lo vietu, aiziet neb\u016bt\u012bb\u0101. T\u0101p\u0113c, ko tur gari un pam\u0101co\u0161i run\u0101t ekr\u0101n\u0101, t\u0101pat neviens \u012bsti neklaus\u0101s. Ja jau trad\u012bcija liek, tad \u012bsi, \u0101tri, labskan\u012bgi.<\/p>\n<p>Ministru prezidentes Evikas Sili\u0146as runa netie\u0161i sasauc\u0101s ar vi\u0146as vald\u012bbas prezent\u0113to 4&#215;4 pl\u0101nu, kas paredz samazin\u0101t birokr\u0101tiju (cilv\u0113kresursu izmanto\u0161anu) par 25%. \u0160\u012b gada sv\u0113tku runa bija par 25% \u012bs\u0101ka par p\u0113rno runu un 25% no teksta faktiski atk\u0101rtoja iepriek\u0161\u0113j\u0101 gada uzrunu.<\/p>\n<p>L\u016bk, premjerministres teiktais \u0161ogad: \u201cMums ir izcili zin\u0101tnieki, uz\u0146\u0113m\u0113ji, sportisti, m\u0101kslinieki, medi\u0137i, ar kuriem m\u0113s lepojamies. Ta\u010du v\u0113los uzsv\u0113rt &#8211; ikkatrs Latvijas cilv\u0113ks ir v\u0113rt\u012bba neatkar\u012bgi no darba, ko veic. Sav\u0101 ikdien\u0101, ar\u012b starptautiskaj\u0101 vid\u0113, ik reizi p\u0101rliecinos &#8211; latvie\u0161i izce\u013cas ar to, ka m\u016bsos sl\u0113pjas talanti un pretst\u0101v\u0113\u0161anas sp\u012bts.\u201d<\/p>\n<p>P\u0113rn: \u201cLatvie\u0161i ir talant\u012bgi, stipri un drosm\u012bgi. No \u0101rzemju kol\u0113\u0123iem sa\u0146emu apbr\u012bnas pilnas atsauksmes &#8211; mums ir pieejami augsti att\u012bst\u012bti digit\u0101li risin\u0101jumi, mums ir pasaules l\u012bme\u0146a sasniegumi zin\u0101tn\u0113, medic\u012bn\u0101, kult\u016br\u0101 un kino. Spo\u017ei ir ar\u012b m\u016bsu rezult\u0101ti sport\u0101. Mums ir gara sp\u0113ks tiekties uz izcil\u012bbu.\u201d<\/p>\n<p>Resursu ekonomijai ES ietvaros var\u0113tu izveidot starptautisku sv\u0113tku runu apmai\u0146as programmu, kur\u0101 da\u017e\u0101du valstu vad\u012bt\u0101ji katru gadu apmain\u012btos ar sv\u0113tku run\u0101m, t\u0101d\u0113j\u0101di lieki net\u0113r\u0113jot naudu runu rakst\u012bt\u0101jiem. Konkr\u0113taj\u0101 piem\u0113r\u0101 piln\u012bgi dro\u0161i \u201clatvie\u0161i\u201d viet\u0101 var\u0113tu likt jebkuru citu tautu.<\/p>\n<p>T\u0101pat var\u0113tu atv\u0113rt jebkuru lappusi no pla\u0161i izplat\u012btaj\u0101m person\u012bbas izaugsmes gr\u0101mat\u0101m un p\u0101rrakst\u012bt tur min\u0113tos ieteikumus: \u201cN\u0101kamaj\u0101 gad\u0101 es nov\u0113lu ikvienam no mums izaicin\u0101t pa\u0161iem sevi, p\u0101rsp\u0113t pa\u0161iem sevi, izk\u0101pt no ikdieni\u0161\u0137\u0101 un tiekties uz izcil\u012bbu. [..] Nebaid\u012bties no n\u0101kotnes, bet veidot to pa\u0161iem, jo t\u0101 varam k\u013c\u016bt lab\u0101ki, atkl\u0101t sev\u012b jaunas sp\u0113jas un k\u013c\u016bt ar\u012b tur\u012bg\u0101ki &#8211; individu\u0101li un k\u0101 valsts kopum\u0101.\u201d<\/p>\n<p>Vis\u0101 run\u0101 nebija nevienas konkr\u0113t\u012bbas, iz\u0146emot Nacion\u0101l\u0101s bibliot\u0113kas piemin\u0113\u0161anu, jo tie\u0161i tur \u0161\u012b runa bija ierakst\u012bta. Tiesa, ar\u012b \u0161\u012b piemin\u0113\u0161ana pieredz\u0113ju\u0161iem politikas zin\u0101t\u0101jiem izklaus\u012bj\u0101s visai divdom\u012bgi. Sili\u0146a teica: \u201cM\u0113s varam, ja gribam. M\u0113s varam, ja dar\u0101m. Nacion\u0101l\u0101s bibliot\u0113kas tap\u0161anas st\u0101sts to pier\u0101da.\u201d<\/p>\n<p>Nacion\u0101l\u0101s bibliot\u0113kas tap\u0161anas st\u0101sts to tie\u0161\u0101m pier\u0101da, tikai nevajadz\u0113tu aizmirst, k\u0101 \u0161is st\u0101sts \u201ctapa\u201d. Tolaik \u201cVienot\u012bbas\u201d priek\u0161tece &#8211; partija \u201cJaunais laiks\u201d &#8211; asi iest\u0101j\u0101s pret \u0161\u012bs bibliot\u0113kas celtniec\u012bbu, jo uzskat\u012bja, ka tas ir n\u012bst\u0101s \u0160\u0137\u0113les\/Kalv\u012b\u0161a\/Demakovas Tautas partijas projekts.<\/p>\n<p>Lieliski atceros, k\u0101 tobr\u012bd opoz\u012bcij\u0101 eso\u0161ais Kri\u0161j\u0101nis Kari\u0146\u0161 no Saeimas trib\u012bnes, nikni kratot ar pirkstu debes\u012bs, piesauca Latvijas \u0101r\u0113jo par\u0101du miljarda latu apm\u0113r\u0101 un br\u012bdin\u0101ja, ka ekonomisk\u0101s kr\u012bzes (?!) apst\u0101k\u013cos \u0161\u0101du b\u016bvi m\u0113s vienk\u0101r\u0161i nevaram at\u013cauties. Esot j\u0101pagaida lab\u0101ki laiki. Atg\u0101din\u0101\u0161u, ka tobr\u012bd Latvijas IKP pieaugums (sal\u012bdzin\u0101m\u0101s cen\u0101s) bija vair\u0101k k\u0101 10% gad\u0101, bet vald\u012bbas par\u0101ds nesal\u012bdzin\u0101mi maz\u0101ks par tagad\u0113jo (20 miljardi eiro), kas gan netrauc\u0113ja Kari\u0146am run\u0101t par ekonomisko kr\u012bzi.<\/p>\n<p>\u0160o epizodi pieminu vien t\u0101p\u0113c, lai atg\u0101din\u0101tu, cik bie\u017ei politi\u0137i run\u0101 piln\u012bgas bl\u0113\u0146as, ja vien tas vi\u0146iem situat\u012bvi izdev\u012bgi. Labi, ka toreiz, kad Latvij\u0101 main\u012bj\u0101s pie varas eso\u0161ais politiskais grup\u0113jums (oligarhu kapusv\u0113tki, maijpu\u0137\u012b\u0161u revol\u016bcija), Nacion\u0101l\u0101s bibliot\u0113kas b\u016bvniec\u012bba jau bija uzs\u0101kta. Cit\u0101di b\u016btu k\u0101 ar jaunajiem pasa\u017eieru elektrovilcieniem, kuru non\u0101k\u0161anu uz m\u016bsu slied\u0113m \u0161\u012b politisk\u0101 vektora mai\u0146a iekav\u0113ja par aptuveni desmit gadiem.<\/p>\n<p>Kopum\u0101 Sili\u0146as runa atbilda vi\u0146as t\u0113lam. Tiem, kuriem vi\u0146a pat\u012bk, visticam\u0101k, patika ar\u012b mundrais, dz\u012bvespriec\u012bgais tonis, k\u0101d\u0101 vi\u0146a to teica. Tiem, kam vi\u0146a nepat\u012bk, runa \u0161\u0137ita tuk\u0161a un bezj\u0113dz\u012bga. Katrs pats var taj\u0101 atrast ko savu.<\/p>\n<p>Valsts prezidents Edgars Rink\u0113vi\u010ds, k\u0101 jau vair\u0101k reprezentat\u012bva fig\u016bra, katru gadu sav\u0101s sv\u0113tku uzrun\u0101s cen\u0161as nodot sabiedr\u012bbai kaut k\u0101du pla\u0161\u0101ku v\u0113st\u012bjumu. P\u0113rn tas bija skaidrs un nep\u0101rprotams &#8211; j\u0101\u0146em st\u016bre sav\u0101s rok\u0101s: \u201cIr laiks atmest tik pierasto \u201ck\u0101 b\u016bs, t\u0101 b\u016bs\u201d. N\u0113. Nevis b\u016bs t\u0101, k\u0101 b\u016bs, bet b\u016bs t\u0101, k\u0101 m\u0113s lemsim un k\u0101 m\u0113s dar\u012bsim.\u201d<\/p>\n<p>\u0160ogad \u0161\u0101da skaidri un nep\u0101rprotami nolas\u0101ma v\u0113st\u012bjuma nebija. Kop\u0113j\u0101 ideja tika izteikta vair\u0101k m\u0101jienu form\u0101: b\u016bsim vair\u0101k solid\u0101ri viens pret otru.<\/p>\n<p>\u0160\u012b ideja tika pausta caur \u201cmazo darbu\u201d jeb \u201cmazo so\u013cu\u201d principu: \u201cAr maziem so\u013ciem viens otram pret\u012b m\u0113s s\u0101kam kop\u012bgu ce\u013cu.\u201d K\u0101di ir \u0161ie mazie so\u013ci? \u201cM\u0113s varam izv\u0113l\u0113ties nepeld\u0113t reibum\u0101. [..] Ja uz ielas redzam apjuku\u0161u b\u0113rnu, pal\u012bdz\u0113sim, nevis steigsimies t\u0101l\u0101k. M\u016bsu un ar\u012b apk\u0101rt\u0113jo dro\u0161\u012bbu var uzlabot t\u0101ds nieks k\u0101 atstarot\u0101js pie ap\u0123\u0113rba.\u201d<\/p>\n<p>Nepeld\u0113simies dz\u0113rum\u0101 un par dro\u0161\u012bbu dom\u0101sim, pieliekot atstarot\u0101ju pie ap\u0123\u0113rba. Var\u0113tu jau ironiz\u0113t par to, vai \u0161\u0101diem piezem\u0113tiem aicin\u0101jumiem ir vieta prezidenta Jaungada uzrun\u0101, bet varb\u016bt tie\u0161i bie\u017e\u0101k j\u0101atg\u0101dina: ikvienas izdo\u0161an\u0101s pamat\u0101 ir r\u016bp\u012bgs darbs pie s\u012bkumiem.<\/p>\n<p>K\u0101 cilv\u0113ks, kur\u0161 regul\u0101ri brauc ce\u013cojumos \u0101rpus Eiropas, varu teikt, ka galven\u0101 at\u0161\u0137ir\u012bba starp att\u012bst\u012btaj\u0101m un att\u012bst\u012bbas valst\u012bm ir attieksm\u0113 pret s\u012bk\u0101m deta\u013c\u0101m. Viesn\u012bca var izskat\u012bties moderna un grezna, bet tualetes poda v\u0101ks l\u0113t\u0101kais, k\u0101du var atrast \u201cDepo\u201d. T\u0101du piem\u0113ru att\u012bst\u012bbas valst\u012bs ir ik uz so\u013ca.<\/p>\n<p>T\u0101p\u0113c prezidenta uzman\u012bbas piev\u0113r\u0161ana s\u012bkumiem, j\u0101dom\u0101, nav nejau\u0161\u012bba. V\u0113l jo vair\u0101k t\u0101p\u0113c, ka jau n\u0101kamaj\u0101 teikum\u0101 prezidents bija iesl\u0113pis savu galveno domu: \u201cUn pa\u0161i vien izv\u0113lamies &#8211; vai atbalst\u012bt vai tom\u0113r uzbrukt saviem l\u012bdzcilv\u0113kiem.\u201d<\/p>\n<p>Ac\u012bmredzot Rink\u0113vi\u010ds v\u0113l\u0113j\u0101s br\u012bdin\u0101t m\u016bsu sabiedr\u012bbu, ka m\u016b\u017e\u012bgie p\u0101rmetumi, neieciet\u012bba pret cit\u0101di dom\u0101jo\u0161iem, verb\u0101lie kari: visi pret visiem ir t\u0101 glob\u0101l\u0101 soci\u0101l\u0101 epid\u0113mija, kura draud nogr\u016bst m\u016bsu civiliz\u0101ciju no aizas bezdiben\u012b. Vien\u012bg\u0101 izeja: nevis uzbrukt, bet atbalst\u012bt.<\/p>\n<p>Soci\u0101los t\u012bklos savu Jaungada uzrunu izplat\u012bja ar\u012b ekonomikas ministrs Viktors Valainis. Vi\u0146a runa bija diezgan at\u0161\u0137ir\u012bga no prezidenta un premjerministres run\u0101m. T\u0101 bija krietni gar\u0101ka, konkr\u0113t\u0101ka un maz\u0101k fr\u0101\u017eaina. L\u012bdz ar to t\u0101 varb\u016bt bija saturiski piepild\u012bt\u0101ka, ta\u010du zaud\u0113ja labskan\u012bb\u0101. Pie sv\u0113tku galda to b\u016btu diezgan gr\u016bti uzman\u012bgi noklaus\u012bties. J\u0101dom\u0101, t\u0101dam nol\u016bkam t\u0101 nemaz nebija dom\u0101ta. Dr\u012bz\u0101k k\u0101 p\u0101rskats par padar\u012bto darbu.<\/p>\n<p>T\u0101 k\u0101 \u0161\u0101du runu galven\u0101 ideja ir nodot noteiktu v\u0113st\u012bjumu, tad Valai\u0146a v\u0113st\u012bjums bija skaidrs: \u201cM\u0113s, latvie\u0161i, vienm\u0113r esam zin\u0101ju\u0161i, ka tur, kur ir darbs, tur ir k\u0101rt\u012bba, un tur, kur ir k\u0101rt\u012bba, tur ir labkl\u0101j\u012bba. [..] N\u0101kamaj\u0101 gad\u0101 b\u016bs daudz j\u0101str\u0101d\u0101! Ja m\u0113s gribam, lai Latvija turpina augt un mums tuv\u0101ko desmit gadu laik\u0101 izdodas dubultot Latvijas ekonomiku, tad b\u016bs \u013coti daudz j\u0101str\u0101d\u0101.\u201d<\/p>\n<p>J\u0101cer, ka m\u016bsu augst\u0101ko amatpersonu v\u0113l\u0113jumi b\u016bs atradu\u0161i dzird\u012bgas ausis un jaunaj\u0101 gad\u0101 m\u0113s redz\u0113sim arvien vair\u0101k talantu, kas tiecas uz izcil\u012bbu; arvien vair\u0101k l\u012bdzcilv\u0113ku, kuri viens otru atbalsta, nevis uzbr\u016bk, un arvien vair\u0101k to, kuri saprot &#8211; visa pamat\u0101 ir darbs.<\/p>\n<p>No savas puses piebild\u012b\u0161u &#8211; j\u0113gpilns darbs tradicion\u0101laj\u0101 ekonomik\u0101, kur\u0101 galvenais m\u0113r\u0137is ir cilv\u0113kiem nepiecie\u0161amu produktu rad\u012b\u0161ana, nevis projektu ekonomik\u0101, kur\u0101 galvenais m\u0113r\u0137is ir profesion\u0101li uzrakst\u012bt projekta pieteikumu un dab\u016bt tam finans\u0113jumu.<\/p>\n","protected":false},"excerpt":{"rendered":"Jebkur\u0161 sv\u0113tku apsveikums sast\u0101v no div\u0101m sast\u0101vda\u013c\u0101m. No klasisk\u0101m, visp\u0101rzin\u0101m\u0101m standartfr\u0101z\u0113m un otras, svar\u012bg\u0101k\u0101s \u2013 ori\u0123in\u0101l\u0101s da\u013cas, kur\u0101&hellip;\n","protected":false},"author":2,"featured_media":91704,"comment_status":"","ping_status":"","sticky":false,"template":"","format":"standard","meta":{"footnotes":""},"categories":[5],"tags":[23,28,29,32,33,22,30,31,35,39,38,36,37,34,40,20,26,27,24,25,21],"class_list":{"0":"post-91703","1":"post","2":"type-post","3":"status-publish","4":"format-standard","5":"has-post-thumbnail","7":"category-aktualitates","8":"tag-aktualitates","9":"tag-breaking-news","10":"tag-breakingnews","11":"tag-featured-news","12":"tag-featurednews","13":"tag-headlines","14":"tag-latest-news","15":"tag-latestnews","16":"tag-latvia","17":"tag-latvian","18":"tag-latviesu","19":"tag-latviesu-valoda","20":"tag-latviesuvaloda","21":"tag-latvija","22":"tag-lv","23":"tag-news","24":"tag-popularakas-zinas","25":"tag-popularakaszinas","26":"tag-top-stories","27":"tag-topstories","28":"tag-zinas"},"share_on_mastodon":{"url":"https:\/\/pubeurope.com\/@lv\/115819830715612314","error":""},"_links":{"self":[{"href":"https:\/\/www.europesays.com\/lv\/wp-json\/wp\/v2\/posts\/91703","targetHints":{"allow":["GET"]}}],"collection":[{"href":"https:\/\/www.europesays.com\/lv\/wp-json\/wp\/v2\/posts"}],"about":[{"href":"https:\/\/www.europesays.com\/lv\/wp-json\/wp\/v2\/types\/post"}],"author":[{"embeddable":true,"href":"https:\/\/www.europesays.com\/lv\/wp-json\/wp\/v2\/users\/2"}],"replies":[{"embeddable":true,"href":"https:\/\/www.europesays.com\/lv\/wp-json\/wp\/v2\/comments?post=91703"}],"version-history":[{"count":0,"href":"https:\/\/www.europesays.com\/lv\/wp-json\/wp\/v2\/posts\/91703\/revisions"}],"wp:featuredmedia":[{"embeddable":true,"href":"https:\/\/www.europesays.com\/lv\/wp-json\/wp\/v2\/media\/91704"}],"wp:attachment":[{"href":"https:\/\/www.europesays.com\/lv\/wp-json\/wp\/v2\/media?parent=91703"}],"wp:term":[{"taxonomy":"category","embeddable":true,"href":"https:\/\/www.europesays.com\/lv\/wp-json\/wp\/v2\/categories?post=91703"},{"taxonomy":"post_tag","embeddable":true,"href":"https:\/\/www.europesays.com\/lv\/wp-json\/wp\/v2\/tags?post=91703"}],"curies":[{"name":"wp","href":"https:\/\/api.w.org\/{rel}","templated":true}]}}