{"id":91709,"date":"2026-01-01T12:35:12","date_gmt":"2026-01-01T12:35:12","guid":{"rendered":"https:\/\/www.europesays.com\/lv\/91709\/"},"modified":"2026-01-01T12:35:12","modified_gmt":"2026-01-01T12:35:12","slug":"video-iecava-autobusa-pasazieris-pielieto-saujamo","status":"publish","type":"post","link":"https:\/\/www.europesays.com\/lv\/91709\/","title":{"rendered":"VIDEO: Iecav\u0101 autobusa pasa\u017eieris pielieto \u0161aujamo"},"content":{"rendered":"<p>                        <img fetchpriority=\"high\" decoding=\"async\" width=\"1024\" height=\"577\" src=\"https:\/\/www.europesays.com\/lv\/wp-content\/uploads\/2026\/01\/Iecavas-autoosta_no-BDz-arhiva-1024x577.jpg\" alt=\"\" class=\"wp-image-1088721\"  \/>Iecavas autoosta. Att\u0113ls no \u201cBauskas Dz\u012bves\u201d arh\u012bva ar ilustrat\u012bvu noz\u012bmi.<\/p>\n<p>Iecavnieki zi\u0146oja, ka pirmdienas vakar\u0101 Iecavas autoostas teritorij\u0101 k\u0101ds agres\u012bvi noska\u0146ots autobusa pasa\u017eieris nol\u0113ma pielietot ieroci. \u0160\u0101viens nevienu no brauc\u0113jiem netraum\u0113ja fiziski, ta\u010du p\u0113c notiku\u0161\u0101 vair\u0101ki cilv\u0113ki p\u0101rbiju\u0161ies un b\u0113gu\u0161i prom.<\/p>\n<p>Pirmdienas, 29.decembra, pievakar\u0113 Iecavas autoost\u0101 atskan\u0113jis \u0161\u0101viens. To satiksmes autobus\u0101, kas dev\u0101s Bauskas virzien\u0101, raid\u012bjis viens no pasa\u017eieriem. Ar\u012b apk\u0101rtnes iedz\u012bvot\u0101ji, kuri pat neatrad\u0101s konkr\u0113taj\u0101 transportl\u012bdzekl\u012b, dzird\u0113ju\u0161i par notiku\u0161o.<\/p>\n<p>K\u0101da iedz\u012bvot\u0101ja st\u0101sta: \u201eKam\u0113r ierad\u0101s policija, daudzi no bail\u0113m aizmuka, policija v\u012brieti aiztur\u0113ja, netika pratin\u0101ts \u0161oferis vai apskat\u012bts autobuss, tas tika palaists, lai dotos t\u0101l\u0101k uz Bausku. Ceru sa\u0146emt k\u0101du inform\u0101ciju no policijas, vai ierocis bija \u012bsts.\u201d<\/p>\n<p>Autobusa pasa\u017eieri teiku\u0161i, ka nesaska\u0146as s\u0101ku\u0161\u0101s, jo cilv\u0113ks nesp\u0113ja apk\u0101rt\u0113jos p\u0101rliecin\u0101t par saviem uzskatiem.<\/p>\n<p>\u201cIecav\u0101 tika aiztur\u0113ts satiksmes autobusa pasa\u017eieris, kur\u0161, b\u016bdams alkohola reibum\u0101, konflikt\u0113ja ar citiem pasa\u017eieriem un vienu reizi iz\u0161\u0101va ar g\u0101zes pistoli (trok\u0161\u0146u mun\u012bciju). Notiku\u0161aj\u0101 neviena persona fiziski necieta,\u201d inform\u0113ja Valsts policijas p\u0101rst\u0101ve R\u016bta Strautniece-Apa\u013c\u0101.<\/p>\n<p>Par notiku\u0161o policija s\u0101kusi krimin\u0101lprocesu.<\/p>\n<p>Video no TV3 raid\u012bjuma \u201cDegpunkt\u0101\u201d, 30.decembr\u012b: <a href=\"https:\/\/tv3.lv\/degpunkta\/noziedziba\/iecava-piedzeries-individs-grib-pieradit-savu-taisnibu-un-izvelk-ara-saujamo\/\" rel=\"nofollow noopener\" target=\"_blank\">https:\/\/tv3.lv\/degpunkta\/noziedziba\/iecava-piedzeries-individs-grib-pieradit-savu-taisnibu-un-izvelk-ara-saujamo\/<\/a><\/p>\n","protected":false},"excerpt":{"rendered":"Iecavas autoosta. Att\u0113ls no \u201cBauskas Dz\u012bves\u201d arh\u012bva ar ilustrat\u012bvu noz\u012bmi. Iecavnieki zi\u0146oja, ka pirmdienas vakar\u0101 Iecavas autoostas teritorij\u0101&hellip;\n","protected":false},"author":2,"featured_media":91710,"comment_status":"","ping_status":"","sticky":false,"template":"","format":"standard","meta":{"footnotes":""},"categories":[12],"tags":[23,28,29,32,33,22,30,31,35,39,38,36,37,34,40,20,26,27,24,25,21],"class_list":{"0":"post-91709","1":"post","2":"type-post","3":"status-publish","4":"format-standard","5":"has-post-thumbnail","7":"category-latvija","8":"tag-aktualitates","9":"tag-breaking-news","10":"tag-breakingnews","11":"tag-featured-news","12":"tag-featurednews","13":"tag-headlines","14":"tag-latest-news","15":"tag-latestnews","16":"tag-latvia","17":"tag-latvian","18":"tag-latviesu","19":"tag-latviesu-valoda","20":"tag-latviesuvaloda","21":"tag-latvija","22":"tag-lv","23":"tag-news","24":"tag-popularakas-zinas","25":"tag-popularakaszinas","26":"tag-top-stories","27":"tag-topstories","28":"tag-zinas"},"share_on_mastodon":{"url":"https:\/\/pubeurope.com\/@lv\/115819873899132817","error":""},"_links":{"self":[{"href":"https:\/\/www.europesays.com\/lv\/wp-json\/wp\/v2\/posts\/91709","targetHints":{"allow":["GET"]}}],"collection":[{"href":"https:\/\/www.europesays.com\/lv\/wp-json\/wp\/v2\/posts"}],"about":[{"href":"https:\/\/www.europesays.com\/lv\/wp-json\/wp\/v2\/types\/post"}],"author":[{"embeddable":true,"href":"https:\/\/www.europesays.com\/lv\/wp-json\/wp\/v2\/users\/2"}],"replies":[{"embeddable":true,"href":"https:\/\/www.europesays.com\/lv\/wp-json\/wp\/v2\/comments?post=91709"}],"version-history":[{"count":0,"href":"https:\/\/www.europesays.com\/lv\/wp-json\/wp\/v2\/posts\/91709\/revisions"}],"wp:featuredmedia":[{"embeddable":true,"href":"https:\/\/www.europesays.com\/lv\/wp-json\/wp\/v2\/media\/91710"}],"wp:attachment":[{"href":"https:\/\/www.europesays.com\/lv\/wp-json\/wp\/v2\/media?parent=91709"}],"wp:term":[{"taxonomy":"category","embeddable":true,"href":"https:\/\/www.europesays.com\/lv\/wp-json\/wp\/v2\/categories?post=91709"},{"taxonomy":"post_tag","embeddable":true,"href":"https:\/\/www.europesays.com\/lv\/wp-json\/wp\/v2\/tags?post=91709"}],"curies":[{"name":"wp","href":"https:\/\/api.w.org\/{rel}","templated":true}]}}