{"id":91711,"date":"2026-01-01T12:36:14","date_gmt":"2026-01-01T12:36:14","guid":{"rendered":"https:\/\/www.europesays.com\/lv\/91711\/"},"modified":"2026-01-01T12:36:14","modified_gmt":"2026-01-01T12:36:14","slug":"ka-pavadit-so-dienu-lai-viss-gads-butu-laimigs-ticejumi-rituali-un-aizliegumi","status":"publish","type":"post","link":"https:\/\/www.europesays.com\/lv\/91711\/","title":{"rendered":"k\u0101 pavad\u012bt \u0161o dienu, lai viss gads b\u016btu laim\u012bgs- tic\u0113jumi, ritu\u0101li un aizliegumi"},"content":{"rendered":"<p><img loading=\"lazy\" decoding=\"async\" class=\"lazy lazy-hidden alignnone size-full wp-image-236033\" src=\"data:image\/gif;base64,R0lGODlhAQABAIAAAAAAAP\/\/\/yH5BAEAAAAALAAAAAABAAEAAAIBRAA7\" data-lazy-type=\"image\" data-lazy-src=\"https:\/\/www.europesays.com\/lv\/wp-content\/uploads\/2025\/12\/pine-cone-3912667_1280.jpg\" alt=\"\" width=\"900\" height=\"600\" data-lazy- data-lazy-\/><\/p>\n<p>Sveicu visus Jaun\u0101 gada pirmaj\u0101 dien\u0101! Lai \u0161is laiks atnes laimi, mieru un labest\u012bbu. \u0160\u012bs dienas trad\u012bcijas ir v\u0113rstas uz \u0123imenes sai\u0161u stiprin\u0101\u0161anu un pozit\u012bvu noska\u0146ojumu n\u0101kotnei.<\/p>\n<p>V\u0113sture un trad\u012bcij\u0101s simboliz\u0113 T\u0113vzemes aizsargu drosmi un sp\u0113ku. Senatn\u0113 \u0161aj\u0101 dien\u0101 bija pie\u0146emts paklan\u012bties dzimtajai zemei un piemin\u0113t tautas varo\u0146darbus.<\/p>\n<p>Janv\u0101ra m\u0113nesis savu nosaukumu guvis no romie\u0161u dieva Janusa \u2013 visu s\u0101kumu aizbild\u0146a. Vi\u0146u att\u0113loja ar div\u0101m sej\u0101m: viena v\u0113rsta pag\u0101tn\u0113, otra \u2013 n\u0101kotn\u0113. Sl\u0101vu trad\u012bcij\u0101s janv\u0101ri sauca par me\u017ea cir\u0161anas laiku, kas nor\u0101da uz saules atdzim\u0161anu un debesu noskaidro\u0161anos.<\/p>\n<p><a href=\"https:\/\/dzentlmenis.lv\/esiet-uzmanigi-ar-savu-viedtalruni-iemesls-kapec-ietekmigi-cilveki-pariet-uz-20-eiro-vertam-iericem\/236152\/\" rel=\"nofollow noopener\" target=\"_blank\"><img class=\"lazy lazy-hidden\" decoding=\"async\" src=\"data:image\/gif;base64,R0lGODlhAQABAIAAAAAAAP\/\/\/yH5BAEAAAAALAAAAAABAAEAAAIBRAA7\" data-lazy-type=\"image\" data-lazy-src=\"https:\/\/www.europesays.com\/lv\/wp-content\/uploads\/2026\/01\/podzinju_tel.jpg\" data-lazy- alt=\"\u201eEsiet uzman\u012bgi ar savu viedt\u0101lruni\u201d: iemesls, k\u0101p\u0113c ietekm\u012bgi cilv\u0113ki p\u0101riet uz 20 eiro v\u0113rt\u0101m ier\u012bc\u0113m\"\/><\/a>\u0160obr\u012bd citi lasa<a class=\"monsterinsights-inline-popular-posts-title\" href=\"https:\/\/dzentlmenis.lv\/esiet-uzmanigi-ar-savu-viedtalruni-iemesls-kapec-ietekmigi-cilveki-pariet-uz-20-eiro-vertam-iericem\/236152\/\" rel=\"nofollow noopener\" target=\"_blank\">\u201eEsiet uzman\u012bgi ar savu viedt\u0101lruni\u201d: iemesls, k\u0101p\u0113c ietekm\u012bgi cilv\u0113ki p\u0101riet uz 20 eiro v\u0113rt\u0101m ier\u012bc\u0113m<\/a><\/p>\n<p><img loading=\"lazy\" decoding=\"async\" class=\"lazy lazy-hidden alignnone size-full wp-image-236034\" src=\"data:image\/gif;base64,R0lGODlhAQABAIAAAAAAAP\/\/\/yH5BAEAAAAALAAAAAABAAEAAAIBRAA7\" data-lazy-type=\"image\" data-lazy-src=\"https:\/\/www.europesays.com\/lv\/wp-content\/uploads\/2026\/01\/sunrise-603217_1280.jpg\" alt=\"\" width=\"900\" height=\"675\" data-lazy- data-lazy-\/><\/p>\n<p>Sveiciens \u201cLaim\u012bgu Jauno gadu!\u201d pirmo reizi izskan\u0113ja t\u0101laj\u0101 153. gad\u0101 pirms m\u016bsu \u0113ras. Jau toreiz senie romie\u0161i ieviesa paradumu d\u0101vin\u0101t d\u0101vanas ar \u012bpa\u0161u noz\u012bmi: sveces k\u0101 saules simbolu un medu saldai dz\u012bvei. Sl\u0101viem bija ritu\u0101ls \u201cpabarot\u201d Salaveci ar \u0137\u012bseli, bet b\u0113rni g\u0101ja no m\u0101jas uz m\u0101ju k\u0101 \u201cs\u0113j\u0113ji\u201d, kaisot graudus sv\u0113taj\u0101 kakt\u0101, lai n\u0101kamaj\u0101 gad\u0101 b\u016btu laba ra\u017ea.<\/p>\n<p>Aizsardz\u012bbas l\u016bg\u0161ana \u0123imenei \u0160aj\u0101 dien\u0101 tika las\u012bti v\u0101rdi, lai sv\u0113t\u012btu visus divpadsmit m\u0113ne\u0161us, l\u016bdzot mieru un aizsardz\u012bbu katram no tiem, no janv\u0101ra l\u012bdz pat decembrim.<\/p>\n<p>Tautas tic\u0113jumi un aizliegumi<\/p>\n<p>K\u0101ds 1. janv\u0101ris, t\u0101ds viss gads. J\u0101\u0123\u0113rbjas jaun\u0101 ap\u0123\u0113rb\u0101, j\u0101atliek r\u016bpes un no sirds j\u0101priec\u0101jas.<\/p>\n<p>\u0122imene pirmaj\u0101 viet\u0101. Pavadiet dienu kop\u0101 ar tuvajiem, dalieties sap\u0146os un pl\u0101nos.<\/p>\n<p>Viesm\u012bl\u012bba. Pirmais viesis m\u0101j\u0101s nes veiksmi. Ja tas ir v\u012brietis ar labiem nodomiem \u2013 gads b\u016bs veiksm\u012bgs; ja sieviete \u2013 tas sola harmoniju un prieku \u0123imen\u0113.<\/p>\n<p><a href=\"https:\/\/dzentlmenis.lv\/lielaka-kluda-majokli-eksperti-bridina-par-vienu-telpu-kura-kategoriski-nedrikst-zavet-velu\/153616\/\" rel=\"nofollow noopener\" target=\"_blank\"><img class=\"lazy lazy-hidden\" decoding=\"async\" src=\"data:image\/gif;base64,R0lGODlhAQABAIAAAAAAAP\/\/\/yH5BAEAAAAALAAAAAABAAEAAAIBRAA7\" data-lazy-type=\"image\" data-lazy-src=\"https:\/\/www.europesays.com\/lv\/wp-content\/uploads\/2026\/01\/2-15copy.jpg\" data-lazy- alt=\"Liel\u0101k\u0101 k\u013c\u016bda m\u0101jokl\u012b: eksperti br\u012bdina par vienu telpu, kur\u0101 kategoriski nedr\u012bkst \u017e\u0101v\u0113t ve\u013cu\"\/><\/a>\u0160obr\u012bd citi lasa<a class=\"monsterinsights-inline-popular-posts-title\" href=\"https:\/\/dzentlmenis.lv\/lielaka-kluda-majokli-eksperti-bridina-par-vienu-telpu-kura-kategoriski-nedrikst-zavet-velu\/153616\/\" rel=\"nofollow noopener\" target=\"_blank\">Liel\u0101k\u0101 k\u013c\u016bda m\u0101jokl\u012b: eksperti br\u012bdina par vienu telpu, kur\u0101 kategoriski nedr\u012bkst \u017e\u0101v\u0113t ve\u013cu<\/a><\/p>\n<p>Atp\u016bta. Nedr\u012bkst smagi str\u0101d\u0101t, cit\u0101di viss gads paies smag\u0101 darb\u0101.<\/p>\n<p><img loading=\"lazy\" decoding=\"async\" class=\"lazy lazy-hidden alignnone size-full wp-image-236035\" src=\"data:image\/gif;base64,R0lGODlhAQABAIAAAAAAAP\/\/\/yH5BAEAAAAALAAAAAABAAEAAAIBRAA7\" data-lazy-type=\"image\" data-lazy-src=\"https:\/\/www.europesays.com\/lv\/wp-content\/uploads\/2026\/01\/winter-3912666_1280.jpg\" alt=\"\" width=\"900\" height=\"600\" data-lazy- data-lazy-\/><\/p>\n<p>Emocijas. Izvairieties no str\u012bdiem un ska\u013cas run\u0101\u0161anas. Nevienam neveliet sliktu\u2013 tas var v\u0113rsties pret jums pa\u0161iem.<\/p>\n<p>M\u0101jas t\u012br\u012bba. No r\u012bta l\u012bdz pusdien\u0101m nedr\u012bkst slauc\u012bt vai mazg\u0101t gr\u012bdu, k\u0101 ar\u012b iznest atkritumus \u2013 t\u0101 var \u201ciznest\u201d no m\u0101j\u0101m laimi un veiksmi.<\/p>\n<p>D\u0101vin\u0101\u0161ana. D\u0101viniet saldumus priekam un baudai. Jo bag\u0101t\u0101ks kl\u0101ts galds, jo p\u0101rtic\u012bg\u0101ks b\u016bs gads.<\/p>\n<p>Lasi v\u0113l:\u00a0<a style=\"color: #ff0000;\" href=\"https:\/\/dzentlmenis.lv\/visiem-kuru-dzimsanas-datuma-ir-sie-cipari-luk-kas-jus-sagaida-janvari\/235996\/\" target=\"_blank\" rel=\"noopener nofollow\">Visiem, kuru dzim\u0161anas datum\u0101 ir \u0161ie cipari \u2013 l\u016bk, kas j\u016bs sagaida janv\u0101r\u012b<\/a><\/p>\n<p>Z\u012bm\u012bgi sap\u0146i un dabas v\u0113stis Sap\u0146i nakt\u012b uz 1. janv\u0101ri \u2013 tie var sniegt nor\u0101des par gaid\u0101majiem notikumiem.<\/p>\n<p>Zvaig\u017e\u0146ota debess sola bag\u0101t\u012bgu ogu ra\u017eu.<\/p>\n<p>Sarmoti koki v\u0113sta par veiksm\u012bgu lauksaimniec\u012bbas gadu.<\/p>\n<p><img loading=\"lazy\" decoding=\"async\" class=\"lazy lazy-hidden alignnone size-full wp-image-235160\" src=\"data:image\/gif;base64,R0lGODlhAQABAIAAAAAAAP\/\/\/yH5BAEAAAAALAAAAAABAAEAAAIBRAA7\" data-lazy-type=\"image\" data-lazy-src=\"https:\/\/www.europesays.com\/lv\/wp-content\/uploads\/2025\/12\/christmas-bauble-15738_1280.jpg\" alt=\"\" width=\"900\" height=\"600\" data-lazy- data-lazy-\/><\/p>\n<p>Stiprs v\u0113j\u0161 nor\u0101da uz riekstu ra\u017eu, bet m\u0113nessgaisma \u2013 uz p\u0101k\u0161augiem.<\/p>\n<p>Ja janv\u0101ris ir sauss un sals, vasara b\u016bs karsta.<\/p>\n<p>Lasi v\u0113l:\u00a0<a href=\"https:\/\/dzentlmenis.lv\/skaidro-specialisti-ka-patiesiba-vislabak-notirit-kalkakmeni\/236006\/\" target=\"_blank\" rel=\"noopener nofollow\">Skaidro speci\u0101listi: k\u0101 paties\u012bb\u0101 vislab\u0101k not\u012br\u012bt ka\u013c\u0137akmeni<\/a><\/p>\n<p>Lai pirmais gada m\u0113nesis d\u0101v\u0101 iedvesmu spert pirmo soli pret\u012b saviem m\u0113r\u0137iem!<\/p>\n","protected":false},"excerpt":{"rendered":"Sveicu visus Jaun\u0101 gada pirmaj\u0101 dien\u0101! Lai \u0161is laiks atnes laimi, mieru un labest\u012bbu. \u0160\u012bs dienas trad\u012bcijas ir&hellip;\n","protected":false},"author":2,"featured_media":91712,"comment_status":"","ping_status":"","sticky":false,"template":"","format":"standard","meta":{"footnotes":""},"categories":[5],"tags":[23,28,29,32,33,22,30,31,35,39,38,36,37,34,40,20,26,27,24,25,21],"class_list":{"0":"post-91711","1":"post","2":"type-post","3":"status-publish","4":"format-standard","5":"has-post-thumbnail","7":"category-aktualitates","8":"tag-aktualitates","9":"tag-breaking-news","10":"tag-breakingnews","11":"tag-featured-news","12":"tag-featurednews","13":"tag-headlines","14":"tag-latest-news","15":"tag-latestnews","16":"tag-latvia","17":"tag-latvian","18":"tag-latviesu","19":"tag-latviesu-valoda","20":"tag-latviesuvaloda","21":"tag-latvija","22":"tag-lv","23":"tag-news","24":"tag-popularakas-zinas","25":"tag-popularakaszinas","26":"tag-top-stories","27":"tag-topstories","28":"tag-zinas"},"share_on_mastodon":{"url":"https:\/\/pubeurope.com\/@lv\/115819877632438293","error":""},"_links":{"self":[{"href":"https:\/\/www.europesays.com\/lv\/wp-json\/wp\/v2\/posts\/91711","targetHints":{"allow":["GET"]}}],"collection":[{"href":"https:\/\/www.europesays.com\/lv\/wp-json\/wp\/v2\/posts"}],"about":[{"href":"https:\/\/www.europesays.com\/lv\/wp-json\/wp\/v2\/types\/post"}],"author":[{"embeddable":true,"href":"https:\/\/www.europesays.com\/lv\/wp-json\/wp\/v2\/users\/2"}],"replies":[{"embeddable":true,"href":"https:\/\/www.europesays.com\/lv\/wp-json\/wp\/v2\/comments?post=91711"}],"version-history":[{"count":0,"href":"https:\/\/www.europesays.com\/lv\/wp-json\/wp\/v2\/posts\/91711\/revisions"}],"wp:featuredmedia":[{"embeddable":true,"href":"https:\/\/www.europesays.com\/lv\/wp-json\/wp\/v2\/media\/91712"}],"wp:attachment":[{"href":"https:\/\/www.europesays.com\/lv\/wp-json\/wp\/v2\/media?parent=91711"}],"wp:term":[{"taxonomy":"category","embeddable":true,"href":"https:\/\/www.europesays.com\/lv\/wp-json\/wp\/v2\/categories?post=91711"},{"taxonomy":"post_tag","embeddable":true,"href":"https:\/\/www.europesays.com\/lv\/wp-json\/wp\/v2\/tags?post=91711"}],"curies":[{"name":"wp","href":"https:\/\/api.w.org\/{rel}","templated":true}]}}