{"id":91713,"date":"2026-01-01T12:41:14","date_gmt":"2026-01-01T12:41:14","guid":{"rendered":"https:\/\/www.europesays.com\/lv\/91713\/"},"modified":"2026-01-01T12:41:14","modified_gmt":"2026-01-01T12:41:14","slug":"kekava-notiek-tradicionalais-labdaribas-pasakums-vecgada-ruku-skrejiens-raksts","status":"publish","type":"post","link":"https:\/\/www.europesays.com\/lv\/91713\/","title":{"rendered":"\u0136ekav\u0101 notiek tradicion\u0101lais labdar\u012bbas pas\u0101kums \u00abVecgada r\u016b\u0137u skr\u0113jiens\u00bb \/ Raksts"},"content":{"rendered":"<p>\u0136ekav\u0101 tre\u0161dien, 31. decembr\u012b, vald\u012bja \u012bpa\u0161a sv\u0113tku noska\u0146a \u2013 te norisin\u0101j\u0101s tradicion\u0101lais labdar\u012bbas pas\u0101kums &#8220;Vecgada r\u016b\u0137u skr\u0113jiens&#8221;, kas ik gadu pulc\u0113 gan lielus, gan mazus dal\u012bbniekus ar vienu kop\u012bgu m\u0113r\u0137i \u2013 dar\u012bt labu. \u0160ogad skr\u0113jiena dal\u012bbnieki tika aicin\u0101ti atbalst\u012bt biedr\u012bbu &#8220;Dr. Klauns&#8221;, kas jau vair\u0101k nek\u0101 desmit gadus sniedz ikdienas prieku un emocion\u0101lu atbalstu b\u0113rniem slimn\u012bc\u0101s vis\u0101 Latvij\u0101.\u00a0<\/p>\n<p>T\u0113rpu\u0161ies r\u016b\u0137u cepur\u0113s un smaidot, skr\u0113jiena dal\u012bbnieki tika sadal\u012bti tr\u012bs vecuma kategorij\u0101s. K\u0101 pirmie distanc\u0113 dev\u0101s pa\u0161i maz\u0101kie, vi\u0146iem bija j\u0101noskrien gandr\u012bz puskilometrs. Tr\u012bs\u00a0gadus vecais Mat\u012bss skr\u0113jien\u0101 piedal\u012bj\u0101s pirmo reizi. &#8220;Bija gr\u016bti, ir auksts,&#8221; vi\u0146\u0161 atzina.<\/p>\n<p>Gada p\u0113d\u0113jo dienu pavad\u012bt, darot labus darbus, daudziem k\u013cuvusi par \u012bpa\u0161u trad\u012bciju, kas sniedz patiesu gandar\u012bjuma saj\u016btu. Bie\u017ei vien skr\u0113jien\u0101 dev\u0101s visa \u0123imene. Bet tie, kuri neskr\u0113ja, akt\u012bvi atbalst\u012bja sportisk\u0101kos.<\/p>\n<p style=\"margin-left:40px\">Juris \u017dilko, skr\u0113jiena dal\u012bbnieks: &#8220;M\u0113s esam visus gadus piedal\u012bju\u0161ies un prieks, ka b\u0113rni uzlabo savus sportiskos rezult\u0101tus.&#8221;<\/p>\n<p style=\"margin-left:40px\">Jakater\u012bna un P\u0101vels, skr\u0113jiena dal\u012bbnieki: &#8220;Man \u013coti pat\u012bk \u0161\u012b atmosf\u0113ra. Skrienam jau tre\u0161o gadu.&#8221;<\/p>\n<p>Vecgada r\u016b\u0137u skr\u0113jiens \u013cauj k\u013c\u016bt priec\u012bg\u0101kiem pa\u0161iem un vienlaikus pal\u012bdz\u0113t citiem. Skr\u0113jien\u0101 ik gadu piedal\u0101s aizvien vair\u0101k dal\u012bbnieku, \u0161ogad vair\u0101k nek\u0101 300.<\/p>\n<p>&#8220;\u0160ogad izv\u0113l\u0113j\u0101mies sadarboties ar dakteri Klaunu un vi\u0146i bija \u013coti priec\u012bgi, jo nereti b\u0113rniem ar\u012b sv\u0113tkos ir j\u0101paliek slimn\u012bc\u0101 un dakteri\u00a0klauni cen\u0161as uzlabot vi\u0146u omu,&#8221; teica\u00a0&#8220;\u0136ekavas novada Sporta centra&#8221; Sporta darba organizators\u00a0Andris Petrovs.<\/p>\n<p>Vecgada r\u016b\u0137u skr\u0113jiens atg\u0101dina \u2013 pat mazs labs darbs var k\u013c\u016bt par lielu prieku un \u012bstu sv\u0113tku br\u012bnumu.<\/p>\n<p>                    Valodas k\u013c\u016bda rakst\u0101?<\/p>\n<p class=\"d-none d-md-block\">Iez\u012bm\u0113jiet tekstu un spiediet Ctrl+Enter, lai nos\u016bt\u012btu labojamo teksta fragmentu redaktoram! Par faktu k\u013c\u016bd\u0101m l\u016bdzam zi\u0146ot e-past\u0101 <a href=\"https:\/\/www.lsm.lv\/cdn-cgi\/l\/email-protection\" class=\"__cf_email__\" data-cfemail=\"2b594e4f4a404842414a6b47584605475d\" rel=\"nofollow noopener\" target=\"_blank\">[email\u00a0protected]<\/a>.<\/p>\n<p class=\"d-md-none\">Iez\u012bm\u0113jiet tekstu un spiediet uz Zi\u0146ot par k\u013c\u016bdu pogas, lai nos\u016bt\u012btu labojamo teksta fragmentu redaktoram!<\/p>\n<p>\n                    Zi\u0146ot par k\u013c\u016bdu\n                <\/p>\n","protected":false},"excerpt":{"rendered":"\u0136ekav\u0101 tre\u0161dien, 31. decembr\u012b, vald\u012bja \u012bpa\u0161a sv\u0113tku noska\u0146a \u2013 te norisin\u0101j\u0101s tradicion\u0101lais labdar\u012bbas pas\u0101kums &#8220;Vecgada r\u016b\u0137u skr\u0113jiens&#8221;, kas&hellip;\n","protected":false},"author":2,"featured_media":91714,"comment_status":"","ping_status":"","sticky":false,"template":"","format":"standard","meta":{"footnotes":""},"categories":[12],"tags":[23,28,29,32,33,22,30,31,35,39,38,36,37,34,40,20,26,27,24,25,21],"class_list":{"0":"post-91713","1":"post","2":"type-post","3":"status-publish","4":"format-standard","5":"has-post-thumbnail","7":"category-latvija","8":"tag-aktualitates","9":"tag-breaking-news","10":"tag-breakingnews","11":"tag-featured-news","12":"tag-featurednews","13":"tag-headlines","14":"tag-latest-news","15":"tag-latestnews","16":"tag-latvia","17":"tag-latvian","18":"tag-latviesu","19":"tag-latviesu-valoda","20":"tag-latviesuvaloda","21":"tag-latvija","22":"tag-lv","23":"tag-news","24":"tag-popularakas-zinas","25":"tag-popularakaszinas","26":"tag-top-stories","27":"tag-topstories","28":"tag-zinas"},"share_on_mastodon":{"url":"https:\/\/pubeurope.com\/@lv\/115819897377352131","error":""},"_links":{"self":[{"href":"https:\/\/www.europesays.com\/lv\/wp-json\/wp\/v2\/posts\/91713","targetHints":{"allow":["GET"]}}],"collection":[{"href":"https:\/\/www.europesays.com\/lv\/wp-json\/wp\/v2\/posts"}],"about":[{"href":"https:\/\/www.europesays.com\/lv\/wp-json\/wp\/v2\/types\/post"}],"author":[{"embeddable":true,"href":"https:\/\/www.europesays.com\/lv\/wp-json\/wp\/v2\/users\/2"}],"replies":[{"embeddable":true,"href":"https:\/\/www.europesays.com\/lv\/wp-json\/wp\/v2\/comments?post=91713"}],"version-history":[{"count":0,"href":"https:\/\/www.europesays.com\/lv\/wp-json\/wp\/v2\/posts\/91713\/revisions"}],"wp:featuredmedia":[{"embeddable":true,"href":"https:\/\/www.europesays.com\/lv\/wp-json\/wp\/v2\/media\/91714"}],"wp:attachment":[{"href":"https:\/\/www.europesays.com\/lv\/wp-json\/wp\/v2\/media?parent=91713"}],"wp:term":[{"taxonomy":"category","embeddable":true,"href":"https:\/\/www.europesays.com\/lv\/wp-json\/wp\/v2\/categories?post=91713"},{"taxonomy":"post_tag","embeddable":true,"href":"https:\/\/www.europesays.com\/lv\/wp-json\/wp\/v2\/tags?post=91713"}],"curies":[{"name":"wp","href":"https:\/\/api.w.org\/{rel}","templated":true}]}}