{"id":91715,"date":"2026-01-01T12:44:08","date_gmt":"2026-01-01T12:44:08","guid":{"rendered":"https:\/\/www.europesays.com\/lv\/91715\/"},"modified":"2026-01-01T12:44:08","modified_gmt":"2026-01-01T12:44:08","slug":"anglijas-futbola-grands-chelsea-negaiditi-skiras-no-galvena-trenera-futbols-sportacentrs-com","status":"publish","type":"post","link":"https:\/\/www.europesays.com\/lv\/91715\/","title":{"rendered":"Anglijas futbola grands &#8221;Chelsea&#8221; negaid\u012bti \u0161\u0137iras no galven\u0101 trenera \u2013 Futbols \u2013 Sportacentrs.com"},"content":{"rendered":"<p>Mareska par &#8220;Chelsea&#8221; galveno treneri k\u013cuva 2024. gada vasar\u0101, aizvietojot Mauricio Po\u010det\u012bno. Divu sezonu laik\u0101 pie komandas st\u016bres it\u0101lis aizvad\u012bja 89 sp\u0113les, no kur\u0101m uzvar\u0113ja vair\u0101k nek\u0101 pusi &#8211; 55. Mareska sp\u0113ja vad\u012bt komandu ar\u012b pie diviem tituliem: 2025. gada UEFA Konferences l\u012bgas un 2025. gada FIFA Klubu pasaules kausa.<\/p>\n<p>Pirmaj\u0101 sezon\u0101 Mareskas vad\u012bb\u0101 &#8220;Chelsea&#8221; ie\u0146\u0113ma ceturto vietu Premjerl\u012bg\u0101, nodro\u0161inot vietu \u010cempionu l\u012bgas turn\u012br\u0101. \u0160aj\u0101 sezon\u0101 komanda p\u0113c 19 sp\u0113l\u0113m ierindojas piektaj\u0101 viet\u0101 ar 30 punktiem, atpaliekot no l\u012bderes &#8220;Arsenal&#8221; par 15 punktiem. Mareskas p\u0113d\u0113j\u0101 sp\u0113l\u0113 klubs piedz\u012bvoja neiz\u0161\u0137irtu 2:2 pret &#8220;Bournemouth&#8221;.<\/p>\n<p>Tiek zi\u0146ots, ka &#8220;Chelsea&#8221; jau ir noskat\u012bjusi vair\u0101kus potenci\u0101los galven\u0101 trenera aizvietot\u0101jus. Starp tiem tiek min\u0113ts Liams Rozeniors, kur\u0161 \u0161obr\u012bd tren\u0113 &#8220;Chelsea&#8221; \u012bpa\u0161niekiem piedero\u0161o Francijas klubu &#8221;Strasbourg&#8221;.<\/p>\n<blockquote class=\"twitter-tweet\">\n<p lang=\"en\" dir=\"ltr\">\ud83d\udea8\ud83d\udca3 BREAKING: Chelsea and Enzo Maresca agree to part company with immediate effect. It\u2019s OVER.<\/p>\n<p>Official statement to follow but all done after tension growing last 24\/48h.<\/p>\n<p>Chelsea will now start working on new manager appointment. \ud83d\udd35\ud83d\udd1c <a href=\"https:\/\/t.co\/dgj3bjxlNe\" rel=\"nofollow\">pic.twitter.com\/dgj3bjxlNe<\/a><\/p>\n<p>\u2014 Fabrizio Romano (@FabrizioRomano) <a href=\"https:\/\/twitter.com\/FabrizioRomano\/status\/2006696654720860343?ref_src=twsrc%5Etfw\" rel=\"nofollow noopener\" target=\"_blank\">January 1, 2026<\/a><\/p><\/blockquote>\n<p>Izmantotie resursi:<br \/><a target=\"_blank\" href=\"https:\/\/x.com\/FabrizioRomano\/status\/2006696654720860343\" rel=\"nofollow\">https:\/\/x.com\/FabrizioRomano\/status&#8230;<\/a><br \/><a target=\"_blank\" href=\"https:\/\/x.com\/FabrizioRomano\/status\/2006700269070082200\" rel=\"nofollow\">https:\/\/x.com\/FabrizioRomano\/status&#8230;<\/a><\/p>\n<p>                    <script async src=\"https:\/\/platform.twitter.com\/widgets.js\" charset=\"utf-8\"><\/script><\/p>\n","protected":false},"excerpt":{"rendered":"Mareska par &#8220;Chelsea&#8221; galveno treneri k\u013cuva 2024. gada vasar\u0101, aizvietojot Mauricio Po\u010det\u012bno. Divu sezonu laik\u0101 pie komandas st\u016bres&hellip;\n","protected":false},"author":2,"featured_media":91716,"comment_status":"","ping_status":"","sticky":false,"template":"","format":"standard","meta":{"footnotes":""},"categories":[17],"tags":[676,35,39,38,36,37,34,40,67],"class_list":{"0":"post-91715","1":"post","2":"type-post","3":"status-publish","4":"format-standard","5":"has-post-thumbnail","7":"category-sports","8":"tag-futbols","9":"tag-latvia","10":"tag-latvian","11":"tag-latviesu","12":"tag-latviesu-valoda","13":"tag-latviesuvaloda","14":"tag-latvija","15":"tag-lv","16":"tag-sports"},"share_on_mastodon":{"url":"https:\/\/pubeurope.com\/@lv\/115819909126632460","error":""},"_links":{"self":[{"href":"https:\/\/www.europesays.com\/lv\/wp-json\/wp\/v2\/posts\/91715","targetHints":{"allow":["GET"]}}],"collection":[{"href":"https:\/\/www.europesays.com\/lv\/wp-json\/wp\/v2\/posts"}],"about":[{"href":"https:\/\/www.europesays.com\/lv\/wp-json\/wp\/v2\/types\/post"}],"author":[{"embeddable":true,"href":"https:\/\/www.europesays.com\/lv\/wp-json\/wp\/v2\/users\/2"}],"replies":[{"embeddable":true,"href":"https:\/\/www.europesays.com\/lv\/wp-json\/wp\/v2\/comments?post=91715"}],"version-history":[{"count":0,"href":"https:\/\/www.europesays.com\/lv\/wp-json\/wp\/v2\/posts\/91715\/revisions"}],"wp:featuredmedia":[{"embeddable":true,"href":"https:\/\/www.europesays.com\/lv\/wp-json\/wp\/v2\/media\/91716"}],"wp:attachment":[{"href":"https:\/\/www.europesays.com\/lv\/wp-json\/wp\/v2\/media?parent=91715"}],"wp:term":[{"taxonomy":"category","embeddable":true,"href":"https:\/\/www.europesays.com\/lv\/wp-json\/wp\/v2\/categories?post=91715"},{"taxonomy":"post_tag","embeddable":true,"href":"https:\/\/www.europesays.com\/lv\/wp-json\/wp\/v2\/tags?post=91715"}],"curies":[{"name":"wp","href":"https:\/\/api.w.org\/{rel}","templated":true}]}}