{"id":91721,"date":"2026-01-01T12:53:16","date_gmt":"2026-01-01T12:53:16","guid":{"rendered":"https:\/\/www.europesays.com\/lv\/91721\/"},"modified":"2026-01-01T12:53:16","modified_gmt":"2026-01-01T12:53:16","slug":"ar-dejam-un-salutu-ka-jauno-gadu-sagaidis-latgale-sejas-lv","status":"publish","type":"post","link":"https:\/\/www.europesays.com\/lv\/91721\/","title":{"rendered":"Ar dej\u0101m un sal\u016btu! K\u0101 Jauno gadu sagaid\u012bs Latgale? &#8211; Sejas.lv"},"content":{"rendered":"<ol>\n<li><a href=\"https:\/\/news.google.com\/rss\/articles\/CBMihwFBVV95cUxNZkEtZTlQWGhqbWZKTndLcWVkbHVvNzd6ODQ1QWFjSmQ3ZE5TQ3VUZnA0bW5hMlMxMnJHcDEwQkJ1SVZHaEZNSm9vNU85UE8xTENUUUtERlNISzloVEVQRnRuS0I0QzR4ZTNJaWdlb3RhYW1NeF9ab0JWekk1X2tKVE1JWlplZDA?oc=5\" target=\"_blank\" rel=\"nofollow noopener\">Ar dej\u0101m un sal\u016btu! K\u0101 Jauno gadu sagaid\u012bs Latgale?<\/a>&nbsp;&nbsp;Sejas.lv<\/li>\n<li><a href=\"https:\/\/news.google.com\/rss\/articles\/CBMivAFBVV95cUxOU0p1ZXgwTTBEZWY2cjVBdjczZGdtQ3VGX1h2M0JKVU1aR2NuNURZaC1FUUhLYlpRT2ZQQ004cUtBczhuWVVvSXdyWG9pcnA4R2x5QWo2REZzX1pNRkhJRlZ4VkNvUnUzSnAxR1pBRnVuZGZpaXhOQVdyVnFQTTU4Z09MbVVvcThrS0t1cVVuUjdSS2V5aEc0NXl0dWptbi1XTzJSSHEwamlEYm9nR0dpOFNhclloX3BWV01mUg?oc=5\" target=\"_blank\" rel=\"nofollow noopener\">Daugavpils iel\u016bdz pavad\u012bt Jaungada nakti \u201cSap\u0146u galaktik\u0101\u201d<\/a>&nbsp;&nbsp;Daugavpils.lv<\/li>\n<li><a href=\"https:\/\/news.google.com\/rss\/articles\/CBMiogFBVV95cUxOTXdxWm96ckE4elJNQTBIS1FpMTRaNDhUelVsUW5qSzN2WW1oWTcxSWxGZEVxVG10ODM5azc3cnR2TEQtMldOaEFIYzk3eHJudnNobzd1d3J3TWV2dVhWTldadzJHTENKampxRFlwYzhrNVJ4T293WmVhMlY4WE9FSU13YVNxS2lER2U4YkFMT1YtLU1IaWhvUGZtLWdMSXlBdGc?oc=5\" target=\"_blank\" rel=\"nofollow noopener\">L\u012bdz 1. janv\u0101rim sl\u0113gs autost\u0101vvietu Vien\u012bbas laukum\u0101 Daugavpil\u012b<\/a>&nbsp;&nbsp;Jauns.lv<\/li>\n<li><a href=\"https:\/\/news.google.com\/rss\/articles\/CBMidEFVX3lxTE9EdDNqZmZDUFpKRF9yNlRoNTdCNHBEYmNNclZWM0g5b2RzTF9XODhFd1hOV0FGdVdreEpIVXBJUHoxV0lhVzZDdEdsNndodXZBUS15ZTViYnBOallfQ1Mzd1JNdXdncDZKeVdScjROY1JRYUdG?oc=5\" target=\"_blank\" rel=\"nofollow noopener\">Ugu\u0146o\u0161ana, disko un sv\u0113tku uzrunas: k\u0101 Daugavpil\u012b sagaid\u012bs 2026. gadu<\/a>&nbsp;&nbsp;Chayka.lv<\/li>\n<li><a href=\"https:\/\/news.google.com\/rss\/articles\/CBMiuAFBVV95cUxNYXp3RnktaWhMaHdsRkdzQ0JOWU5oaUJxRmVBLWxIbHpzUldONlBSckZ6VjVYdi1yRWtzaGRQMWIwNjVuTFBvcnRUTXhVS29ldm5XSE1IcmowLUpJOHJpU2RTUHlEOEd2TGhIbEJMNk1XcFFCd2xKM21tMWFmckZCZmRGQmRrTzM1b1BCcjBxSU4tN1FyU1hHYk1xWVNQd3NTN3k1MHdzMDQzY3U3dU5oQ255XzNNSEh0?oc=5\" target=\"_blank\" rel=\"nofollow noopener\">Sakar\u0101 ar Jaungada ugu\u0146o\u0161anu ierobe\u017eos satiksmi Dubrovina parka tuvum\u0101<\/a>&nbsp;&nbsp;LV port\u0101ls<\/li>\n<\/ol>\n","protected":false},"excerpt":{"rendered":"Ar dej\u0101m un sal\u016btu! K\u0101 Jauno gadu sagaid\u012bs Latgale?&nbsp;&nbsp;Sejas.lv Daugavpils iel\u016bdz pavad\u012bt Jaungada nakti \u201cSap\u0146u galaktik\u0101\u201d&nbsp;&nbsp;Daugavpils.lv L\u012bdz 1.&hellip;\n","protected":false},"author":2,"featured_media":91722,"comment_status":"","ping_status":"","sticky":false,"template":"","format":"standard","meta":{"footnotes":""},"categories":[12],"tags":[23,28,29,32,33,22,18259,30,31,35,39,38,36,37,34,40,20,26,27,24,25,21],"class_list":{"0":"post-91721","1":"post","2":"type-post","3":"status-publish","4":"format-standard","5":"has-post-thumbnail","7":"category-latvija","8":"tag-aktualitates","9":"tag-breaking-news","10":"tag-breakingnews","11":"tag-featured-news","12":"tag-featurednews","13":"tag-headlines","14":"tag-jaunais-gads","15":"tag-latest-news","16":"tag-latestnews","17":"tag-latvia","18":"tag-latvian","19":"tag-latviesu","20":"tag-latviesu-valoda","21":"tag-latviesuvaloda","22":"tag-latvija","23":"tag-lv","24":"tag-news","25":"tag-popularakas-zinas","26":"tag-popularakaszinas","27":"tag-top-stories","28":"tag-topstories","29":"tag-zinas"},"share_on_mastodon":{"url":"https:\/\/pubeurope.com\/@lv\/115819944537311861","error":""},"_links":{"self":[{"href":"https:\/\/www.europesays.com\/lv\/wp-json\/wp\/v2\/posts\/91721","targetHints":{"allow":["GET"]}}],"collection":[{"href":"https:\/\/www.europesays.com\/lv\/wp-json\/wp\/v2\/posts"}],"about":[{"href":"https:\/\/www.europesays.com\/lv\/wp-json\/wp\/v2\/types\/post"}],"author":[{"embeddable":true,"href":"https:\/\/www.europesays.com\/lv\/wp-json\/wp\/v2\/users\/2"}],"replies":[{"embeddable":true,"href":"https:\/\/www.europesays.com\/lv\/wp-json\/wp\/v2\/comments?post=91721"}],"version-history":[{"count":0,"href":"https:\/\/www.europesays.com\/lv\/wp-json\/wp\/v2\/posts\/91721\/revisions"}],"wp:featuredmedia":[{"embeddable":true,"href":"https:\/\/www.europesays.com\/lv\/wp-json\/wp\/v2\/media\/91722"}],"wp:attachment":[{"href":"https:\/\/www.europesays.com\/lv\/wp-json\/wp\/v2\/media?parent=91721"}],"wp:term":[{"taxonomy":"category","embeddable":true,"href":"https:\/\/www.europesays.com\/lv\/wp-json\/wp\/v2\/categories?post=91721"},{"taxonomy":"post_tag","embeddable":true,"href":"https:\/\/www.europesays.com\/lv\/wp-json\/wp\/v2\/tags?post=91721"}],"curies":[{"name":"wp","href":"https:\/\/api.w.org\/{rel}","templated":true}]}}