{"id":91727,"date":"2026-01-01T12:59:26","date_gmt":"2026-01-01T12:59:26","guid":{"rendered":"https:\/\/www.europesays.com\/lv\/91727\/"},"modified":"2026-01-01T12:59:26","modified_gmt":"2026-01-01T12:59:26","slug":"regionu-iedzivotaji-joprojam-piesardzigi-pret-eku-siltinasanu-raksts","status":"publish","type":"post","link":"https:\/\/www.europesays.com\/lv\/91727\/","title":{"rendered":"Re\u0123ionu iedz\u012bvot\u0101ji joproj\u0101m piesardz\u012bgi pret \u0113ku siltin\u0101\u0161anu \/ Raksts"},"content":{"rendered":"<p>\n                        30. decembris, 2025, 18:48                    <\/p>\n<p>Daudzdz\u012bvok\u013cu m\u0101ju renov\u0101cija ar\u012b re\u0123ionos ar katru gadu k\u013c\u016bst arvien aktu\u0101l\u0101ka, ta\u010du vienlaikus joproj\u0101m past\u0101v ar\u012b iedz\u012bvot\u0101ji iebildumi pret \u0161o procesu. Visbie\u017e\u0101k ba\u017eas ir par augstaj\u0101m izmaks\u0101m un dzird\u0113tais par neveiksm\u012bgiem \u0113ku renov\u0101cijas projektiem. Latvij\u0101 kopum\u0101 ir vair\u0101k nek\u0101 40 t\u016bksto\u0161i daudzdz\u012bvok\u013cu m\u0101ju, un renov\u0101cija b\u016btu nepiecie\u0161ama vismaz 26 t\u016bksto\u0161iem no t\u0101m.\u00a0<\/p>\n<p>Laura Liepa\u00a0daudzdz\u012bvok\u013cu m\u0101j\u0101 Sed\u0101 dz\u012bvo devi\u0146us gadus. Vi\u0146a, t\u0101pat k\u0101 da\u013ca citu iedz\u012bvot\u0101ju, uzskata, ka vair\u0101k nek\u0101 30 gadu vecajai \u0113kai renov\u0101cija ir neatliekama, jo ar katru gadu par\u0101d\u0101s arvien jaunas probl\u0113mas.\u00a0<\/p>\n<p>&#8220;\u0160eit mums, piem\u0113ram, lija lietus\u016bde\u0146i iek\u0161\u0101 pa v\u0113din\u0101\u0161anas rest\u0113m, jo t\u0101s bija nepareizi uzst\u0101d\u012btas, un da\u017eos dz\u012bvok\u013cos \u0161ie lietus\u016bde\u0146i aiztec\u0113ja,&#8221; sac\u012bja\u00a0Liepa.\u00a0<\/p>\n<p>\u0160\u012b ir tikai viena no vair\u0101k\u0101m probl\u0113m\u0101m. Lai ar\u012b m\u0101j\u0101 viet\u0101m main\u012bti logi un radiatori, ar s\u012bkiem remontiem nepietiek \u2013 \u0113kai vajadz\u012bgas\u00a0nopietn\u0101kas p\u0101rmai\u0146as. Tom\u0113r Liepa atzina \u2013 da\u013ca iedz\u012bvot\u0101ju to\u00a0neatbalsta.\u00a0<\/p>\n<blockquote>\n<p>&#8220;K\u0101p\u0113c mums ir j\u0101renov\u0113, ja vienalga p\u0113c tam veidosies mitrums dz\u012bvokl\u012b, fas\u0101de b\u016bs appel\u0113jusi, \u2013 jo tas ir tas, ko vi\u0146i ir redz\u0113ju\u0161i un dzird\u0113ju\u0161i.<\/p>\n<\/blockquote>\n<p>Bet vi\u0146i nav pajaut\u0101ju\u0161i, k\u0101p\u0113c ir t\u0101da situ\u0101cija cit\u0101s renov\u0113taj\u0101s m\u0101j\u0101s,&#8221; nor\u0101d\u012bja Liepa.\u00a0<\/p>\n<p>L\u012bdz\u012bgas ba\u017eas vi\u0146a dzird\u0113jusi ar\u012b no citu nerenov\u0113tu m\u0101ju iedz\u012bvot\u0101jiem \u2013 visbie\u017e\u0101k cilv\u0113kus attur tie\u0161i izmaksas. \u0160im apgalvojumam piekr\u012bt ar\u012b Valsts kontrole.\u00a0<\/p>\n<p>&#8220;Iesak\u0101m Ekonomikas ministrijai dom\u0101t par to, k\u0101d\u0101 veid\u0101 ierobe\u017eot \u0161o izmaksu k\u0101pumu. Cilv\u0113ki nezina, vi\u0146iem nav \u0161o zin\u0101\u0161anu, l\u012bdz ar to tiek pie\u013cautas k\u013c\u016bdas, un tas sad\u0101rdzina procesu. Otrs ir dom\u0101t par finans\u0113juma izmaks\u0101m,&#8221; pauda\u00a0Valsts kontroles padomes loceklis\u00a0M\u0101rti\u0146\u0161 \u0100boli\u0146\u0161.\u00a0<\/p>\n<blockquote>\n<p>Ekonomikas ministrij\u0101 (EM) nor\u0101d\u012bja \u2013 Valsts kontroles ieteikumiem kopum\u0101 piekr\u012bt un jau s\u0101kti darbi renov\u0101cijas procesu uzlabo\u0161anai.\u00a0<\/p>\n<\/blockquote>\n<p>&#8220;Stiprin\u0101t p\u0101rvaldnieka lomu, lai var\u0113tu segt projekta vad\u012bbas izmaksas. Esam ar\u012b m\u0113\u0123in\u0101ju\u0161i rast iesp\u0113ju, k\u0101 veidot programmas finan\u0161u plusus t\u0101dus, lai p\u0113c iesp\u0113jas vair\u0101k aizdevuma da\u013cai piesaist\u012btu priv\u0101to kapit\u0101lu vai komercbanku finans\u0113jumu,&#8221; skaidroja EM\u00a0Ener\u0123\u0113tikas finan\u0161u instrumenta\u00a0departamenta direktore\u00a0Sel\u012bna \u0100belniece.\u00a0<\/p>\n<p>Valsts kontrole ar\u012b nor\u0101d\u012bja \u2013 pa\u0161reiz\u0113j\u0101 &#8220;Altum&#8221; fiks\u0113t\u0101 procentu likme 3,9\u00a0% ir augst\u0101ka nek\u0101 kaimi\u0146valst\u012bs, un t\u0101s samazin\u0101\u0161ana var\u0113tu palielin\u0101t ekonomiski izdev\u012bgu projektu skaitu. &#8220;Altum&#8221; gan uzsv\u0113ra \u2013 Latvijas pied\u0101v\u0101jums kopum\u0101 nav slikt\u0101ks.\u00a0<\/p>\n<p>&#8220;M\u0113s likmi fiks\u0113jam uz 20 gadiem. T\u0101tad t\u0101 ir fiks\u0113ta likme bez main\u012bg\u0101s da\u013cas. Tas ir viens. Otrs \u2014 m\u016bsu atbalsta programm\u0101 \u0161\u012b d\u0101vin\u0101juma sada\u013ca ir 40 l\u012bdz 50\u00a0%. Piem\u0113ram, Lietuv\u0101 aizdevuma procentu likme ir zem\u0101ka, bet \u0161\u012b d\u0101vin\u0101juma da\u013ca ir tikai 30\u00a0%,&#8221; skaidroja &#8220;Altum&#8221; Energoefektivit\u0101tes programmu departamenta vad\u012bt\u0101ja\u00a0Ieva V\u0113rzemniece.<\/p>\n<p>Visakt\u012bv\u0101k renov\u0101cijas projekti re\u0123ionos \u0161obr\u012bd \u012bstenoti Valk\u0101, Liep\u0101j\u0101, Siguld\u0101 un Valmier\u0101, savuk\u0101rt Latgal\u0113 situ\u0101cija joproj\u0101m ir visv\u0101j\u0101k\u0101.<\/p>\n<p>                    Valodas k\u013c\u016bda rakst\u0101?<\/p>\n<p class=\"d-none d-md-block\">Iez\u012bm\u0113jiet tekstu un spiediet Ctrl+Enter, lai nos\u016bt\u012btu labojamo teksta fragmentu redaktoram! Par faktu k\u013c\u016bd\u0101m l\u016bdzam zi\u0146ot e-past\u0101 <a href=\"https:\/\/www.lsm.lv\/cdn-cgi\/l\/email-protection\" class=\"__cf_email__\" data-cfemail=\"621007060309010b0803220e110f4c0e14\" rel=\"nofollow noopener\" target=\"_blank\">[email\u00a0protected]<\/a>.<\/p>\n<p class=\"d-md-none\">Iez\u012bm\u0113jiet tekstu un spiediet uz Zi\u0146ot par k\u013c\u016bdu pogas, lai nos\u016bt\u012btu labojamo teksta fragmentu redaktoram!<\/p>\n<p>\n                    Zi\u0146ot par k\u013c\u016bdu\n                <\/p>\n","protected":false},"excerpt":{"rendered":"30. decembris, 2025, 18:48 Daudzdz\u012bvok\u013cu m\u0101ju renov\u0101cija ar\u012b re\u0123ionos ar katru gadu k\u013c\u016bst arvien aktu\u0101l\u0101ka, ta\u010du vienlaikus joproj\u0101m&hellip;\n","protected":false},"author":2,"featured_media":91728,"comment_status":"","ping_status":"","sticky":false,"template":"","format":"standard","meta":{"footnotes":""},"categories":[12],"tags":[23,28,29,32,33,22,30,31,35,39,38,36,37,34,40,20,26,27,24,25,21],"class_list":{"0":"post-91727","1":"post","2":"type-post","3":"status-publish","4":"format-standard","5":"has-post-thumbnail","7":"category-latvija","8":"tag-aktualitates","9":"tag-breaking-news","10":"tag-breakingnews","11":"tag-featured-news","12":"tag-featurednews","13":"tag-headlines","14":"tag-latest-news","15":"tag-latestnews","16":"tag-latvia","17":"tag-latvian","18":"tag-latviesu","19":"tag-latviesu-valoda","20":"tag-latviesuvaloda","21":"tag-latvija","22":"tag-lv","23":"tag-news","24":"tag-popularakas-zinas","25":"tag-popularakaszinas","26":"tag-top-stories","27":"tag-topstories","28":"tag-zinas"},"share_on_mastodon":{"url":"https:\/\/pubeurope.com\/@lv\/115819968153247237","error":""},"_links":{"self":[{"href":"https:\/\/www.europesays.com\/lv\/wp-json\/wp\/v2\/posts\/91727","targetHints":{"allow":["GET"]}}],"collection":[{"href":"https:\/\/www.europesays.com\/lv\/wp-json\/wp\/v2\/posts"}],"about":[{"href":"https:\/\/www.europesays.com\/lv\/wp-json\/wp\/v2\/types\/post"}],"author":[{"embeddable":true,"href":"https:\/\/www.europesays.com\/lv\/wp-json\/wp\/v2\/users\/2"}],"replies":[{"embeddable":true,"href":"https:\/\/www.europesays.com\/lv\/wp-json\/wp\/v2\/comments?post=91727"}],"version-history":[{"count":0,"href":"https:\/\/www.europesays.com\/lv\/wp-json\/wp\/v2\/posts\/91727\/revisions"}],"wp:featuredmedia":[{"embeddable":true,"href":"https:\/\/www.europesays.com\/lv\/wp-json\/wp\/v2\/media\/91728"}],"wp:attachment":[{"href":"https:\/\/www.europesays.com\/lv\/wp-json\/wp\/v2\/media?parent=91727"}],"wp:term":[{"taxonomy":"category","embeddable":true,"href":"https:\/\/www.europesays.com\/lv\/wp-json\/wp\/v2\/categories?post=91727"},{"taxonomy":"post_tag","embeddable":true,"href":"https:\/\/www.europesays.com\/lv\/wp-json\/wp\/v2\/tags?post=91727"}],"curies":[{"name":"wp","href":"https:\/\/api.w.org\/{rel}","templated":true}]}}