{"id":91731,"date":"2026-01-01T13:04:07","date_gmt":"2026-01-01T13:04:07","guid":{"rendered":"https:\/\/www.europesays.com\/lv\/91731\/"},"modified":"2026-01-01T13:04:07","modified_gmt":"2026-01-01T13:04:07","slug":"foto-reiniks-tusina-sejani-masku-balle-bet-bulis-pargajiena-ka-jauno-gadu-sagaidija-slavenibas-la-lv","status":"publish","type":"post","link":"https:\/\/www.europesays.com\/lv\/91731\/","title":{"rendered":"FOTO. Reiniks tusi\u0146\u0101, S\u0113j\u0101ni masku ball\u0113, bet Bulis p\u0101rg\u0101jien\u0101! K\u0101 jauno gadu sagaid\u012bja slaven\u012bbas? &#8211; LA.LV"},"content":{"rendered":"<ol>\n<li><a href=\"https:\/\/news.google.com\/rss\/articles\/CBMisgFBVV95cUxPaHg3allZOE5lWE52a1hlMXo5SWNQa1BKeGFobHR3dXBPLTFuaTJGWGJySGVXTHVTOE40eGY4UjQ5Q28wbzNKc3BLaVhGY1lMRkFyakxFUVlXd1RsTjZlRDBnUDRNUnZfTHpoVnBPV1ZIZWU1anA4RUlZMk81SWtvcFZlUDdVanJSOC1waVNRUmNETE9xcG1RSC14THROWnJETGVYdndVU3dSbXlOSUo3Wmdn?oc=5\" target=\"_blank\" rel=\"nofollow noopener\">FOTO. Reiniks tusi\u0146\u0101, S\u0113j\u0101ni masku ball\u0113, bet Bulis p\u0101rg\u0101jien\u0101! K\u0101 jauno gadu sagaid\u012bja slaven\u012bbas?<\/a>&nbsp;&nbsp;LA.LV<\/li>\n<li><a href=\"https:\/\/news.google.com\/rss\/articles\/CBMimAFBVV95cUxPUEtVQ3RCdmxLc2I1Y3kzTnJYTGpjTmlSYWlmbzNJMVRWcVFWZTBBMVVQa3VZTnBnWGM2ZEFOZVlfLWl1RVZVQlEwZFRCZFdwQ3BHOC1iT0g2dW8zWHZiV29IajR0RU1STFdwb1JBV1cyU2VmaTRmd0lOTkVtRUJQN0VieC1VQk5lVlVvNHV1X29fYWRTQXc5Yg?oc=5\" target=\"_blank\" rel=\"nofollow noopener\">FOTO: ar kr\u0101\u0161\u0146\u0101m svin\u012bb\u0101m pasaule sagaid\u012bjusi 2026. gadu<\/a>&nbsp;&nbsp;Jauns.lv<\/li>\n<li><a href=\"https:\/\/news.google.com\/rss\/articles\/CBMirAFBVV95cUxQMms0TVU2WUxOQWs3T25rdlh3V3Y1aWpfUTVDLUlpQmZOMzVPTmpLa1NjSXM2di02Mi01dkZXVVF2S0cwQ09SdHd1UVZRbTVpRl9kSm1ORW4tbkV2dHdldU9oZ3FTM2VZazkwcnAwVGNZZ0RuYjFuYkNLd3h1UmEwQVQ4VXNIZmhDczJNWHhIUC03TmlsdF9SWFhKSzVDdE9fZ0NVWlZyZnM3dzVw?oc=5\" target=\"_blank\" rel=\"nofollow noopener\">Austr\u0101lij\u0101 un citviet Jaunais gads jau sagaid\u012bts \/ Raksts<\/a>&nbsp;&nbsp;LSM<\/li>\n<li><a href=\"https:\/\/news.google.com\/rss\/articles\/CBMimwFBVV95cUxQTEs5dmM4RE4zNHQtRW83bENHeE1sbHdDbWV5eDVqMEdIcVk5cERBaEp5VFBSTmhxcndzYloyWndHNlMtTkt0QjVYTlZmUzhucDBPR2E2QVdpSU9zTzJpdF9DQldFMmZpOG8yYlpzQms0X2RYXzNqeGpESG5VTVExbmtaQVhUZlRRMFFobEJ6MHkxTFdkc3B0X0JKSQ?oc=5\" target=\"_blank\" rel=\"nofollow noopener\">Pasaule svin! Seko l\u012bdzi 2026. gada sagaid\u012b\u0161anai teksta tie\u0161raid\u0113<\/a>&nbsp;&nbsp;tv3.lv<\/li>\n<li><a href=\"https:\/\/news.google.com\/rss\/articles\/CBMieEFVX3lxTFBQaHc5a0ZvNGFDcVdnc2NwUnMxYWtQWUdoRVNlSE1xSnk5cTBLcGxEUGMtM3BWVUMxMHRDMzRTWnVONFpvUUVqNk5HcFgzbkhJaWw3VE1vVWxodFg1MFIxLXc5M2dBN2gza0tCak9kV1pXR0V6VDR6aA?oc=5\" target=\"_blank\" rel=\"nofollow noopener\">Pasaule nosvin\u0113jusi 2026. gada atn\u0101k\u0161anu<\/a>&nbsp;&nbsp;Apollo.lv<\/li>\n<\/ol>\n","protected":false},"excerpt":{"rendered":"FOTO. Reiniks tusi\u0146\u0101, S\u0113j\u0101ni masku ball\u0113, bet Bulis p\u0101rg\u0101jien\u0101! K\u0101 jauno gadu sagaid\u012bja slaven\u012bbas?&nbsp;&nbsp;LA.LV FOTO: ar kr\u0101\u0161\u0146\u0101m svin\u012bb\u0101m&hellip;\n","protected":false},"author":2,"featured_media":91732,"comment_status":"","ping_status":"","sticky":false,"template":"","format":"standard","meta":{"footnotes":""},"categories":[14],"tags":[23,57,28,29,32,33,22,30,31,35,39,38,36,37,34,40,20,26,27,24,25,54,55,56,21,58],"class_list":{"0":"post-91731","1":"post","2":"type-post","3":"status-publish","4":"format-standard","5":"has-post-thumbnail","7":"category-zinas-no-arvalstim","8":"tag-aktualitates","9":"tag-arvalstim","10":"tag-breaking-news","11":"tag-breakingnews","12":"tag-featured-news","13":"tag-featurednews","14":"tag-headlines","15":"tag-latest-news","16":"tag-latestnews","17":"tag-latvia","18":"tag-latvian","19":"tag-latviesu","20":"tag-latviesu-valoda","21":"tag-latviesuvaloda","22":"tag-latvija","23":"tag-lv","24":"tag-news","25":"tag-popularakas-zinas","26":"tag-popularakaszinas","27":"tag-top-stories","28":"tag-topstories","29":"tag-world","30":"tag-world-news","31":"tag-worldnews","32":"tag-zinas","33":"tag-zinas-no-arvalstim"},"share_on_mastodon":{"url":"https:\/\/pubeurope.com\/@lv\/115819988154492408","error":""},"_links":{"self":[{"href":"https:\/\/www.europesays.com\/lv\/wp-json\/wp\/v2\/posts\/91731","targetHints":{"allow":["GET"]}}],"collection":[{"href":"https:\/\/www.europesays.com\/lv\/wp-json\/wp\/v2\/posts"}],"about":[{"href":"https:\/\/www.europesays.com\/lv\/wp-json\/wp\/v2\/types\/post"}],"author":[{"embeddable":true,"href":"https:\/\/www.europesays.com\/lv\/wp-json\/wp\/v2\/users\/2"}],"replies":[{"embeddable":true,"href":"https:\/\/www.europesays.com\/lv\/wp-json\/wp\/v2\/comments?post=91731"}],"version-history":[{"count":0,"href":"https:\/\/www.europesays.com\/lv\/wp-json\/wp\/v2\/posts\/91731\/revisions"}],"wp:featuredmedia":[{"embeddable":true,"href":"https:\/\/www.europesays.com\/lv\/wp-json\/wp\/v2\/media\/91732"}],"wp:attachment":[{"href":"https:\/\/www.europesays.com\/lv\/wp-json\/wp\/v2\/media?parent=91731"}],"wp:term":[{"taxonomy":"category","embeddable":true,"href":"https:\/\/www.europesays.com\/lv\/wp-json\/wp\/v2\/categories?post=91731"},{"taxonomy":"post_tag","embeddable":true,"href":"https:\/\/www.europesays.com\/lv\/wp-json\/wp\/v2\/tags?post=91731"}],"curies":[{"name":"wp","href":"https:\/\/api.w.org\/{rel}","templated":true}]}}