{"id":91735,"date":"2026-01-01T13:10:08","date_gmt":"2026-01-01T13:10:08","guid":{"rendered":"https:\/\/www.europesays.com\/lv\/91735\/"},"modified":"2026-01-01T13:10:08","modified_gmt":"2026-01-01T13:10:08","slug":"krievija-atzist-muzigas-jaunibas-eliksirs-vel-nav-radits","status":"publish","type":"post","link":"https:\/\/www.europesays.com\/lv\/91735\/","title":{"rendered":"Krievija atz\u012bst: m\u016b\u017e\u012bg\u0101s jaun\u012bbas eliks\u012brs v\u0113l nav rad\u012bts"},"content":{"rendered":"<p class=\"descr\">Krievija v\u0113l nesp\u0113j rad\u012bt univers\u0101lu l\u012bdzekli m\u016b\u017e\u012bgajai jaun\u012bbai, ta\u010du t\u0101 g\u016bst pan\u0101kumus dz\u012bves ilguma palielin\u0101\u0161an\u0101 &#8211; t\u0101 pazi\u0146ojis Krievijas Vesel\u012bbas ministrijas vad\u012bt\u0101js Mihails Mura\u0161ko, raksta laikraksts \u201cThe Moscow Times\u201d.<\/p>\n<p>&#8220;Univers\u0101las pretnoveco\u0161an\u0101s tabletes izveide ir diezgan sare\u017e\u0123\u012bta. Tam, pirmk\u0101rt un galvenok\u0101rt, iesp\u0113jams, b\u016btu j\u0101risina im\u016bnsist\u0113mas regul\u0113\u0161anas jaut\u0101jumi. \u0160ie ilgm\u016b\u017e\u012bbas p\u0113t\u012bjumi pa\u0161laik tiek akt\u012bvi finans\u0113ti gan m\u016bsu valst\u012b, gan \u0101rzem\u0113s, jo dz\u012bves ilguma palielin\u0101\u0161ana un, pats galvenais, vesel\u012bgs dz\u012bvesveids ir cilv\u0113ces pamatprincips kopum\u0101,&#8221; vi\u0146\u0161 teica.<\/p>\n<p>Tom\u0113r, p\u0113c Mura\u0161ko teikt\u0101, Krievijas speci\u0101listi ir guvu\u0161i pan\u0101kumus dz\u012bves ilguma pagarin\u0101\u0161an\u0101, lai ar\u012b ministrs nesniedza s\u012bk\u0101ku inform\u0101ciju, piebilstot tikai to, ka ilga m\u016b\u017ea iesp\u0113jam\u012bbu ietekm\u0113 da\u017e\u0101du faktoru kombin\u0101cija, tostarp diab\u0113ts, autoim\u016bnas un citas slim\u012bbas.<\/p>\n<p>Novembra beig\u0101s Krievijas \u201cSberbank\u201d izpilddirektors Hermans Grefs pazi\u0146oja, ka cilv\u0113kiem b\u016bs iesp\u0113ja dz\u012bvot m\u016b\u017e\u012bgi jau &#8220;ap 2032. gadu&#8221;. Ba\u0146\u0137ieris \u0161o pazi\u0146ojumu izteica diskusijas laik\u0101 ar Putinu konferenc\u0113 &#8220;Ce\u013cojums m\u0101ksl\u012bg\u0101 intelekta pasaul\u0113&#8221;. <\/p>\n<p>Putins atbalst\u012bja Grefu, nor\u0101dot, ka vid\u0113jais paredzamais dz\u012bves ilgums Krievij\u0101 var\u0113tu tikt palielin\u0101ts l\u012bdz vismaz 150 gadiem.<\/p>\n<p>Savuk\u0101rt 2024. gada septembr\u012b laikraksts &#8220;The Times&#8221; rakst\u012bja, ka <a href=\"https:\/\/nra.lv\/pasaule\/468027-putins-liek-steidzami-izstradat-muzigas-dzivibas-eliksiru.htm\" data-item-link=\"true\" data-item-id=\"468027\" rel=\"nofollow noopener\" target=\"_blank\">Putins, &#8220;aps\u0113sts ar m\u016b\u017e\u012bg\u0101s dz\u012bves ideju&#8221;<\/a>, ir devis nor\u0101d\u012bjumus zin\u0101tniekiem izstr\u0101d\u0101t pretnoveco\u0161an\u0101s \u0101rst\u0113\u0161anas metodes.<\/p>\n<p>Saska\u0146\u0101 ar laikraksta sniegto inform\u0101ciju, Krievijas Vesel\u012bbas ministrija piepras\u012bja p\u0113tniec\u012bbas instit\u016btiem zi\u0146ot par savu darbu pie metod\u0113m, k\u0101 neitraliz\u0113t \u0161\u016bnu noveco\u0161anos, kognit\u012bvos trauc\u0113jumus, osteoporozi un stiprin\u0101t im\u016bnsist\u0113mu, un \u0161\u012b gada decembr\u012b vair\u0101ki lieli Krievijas p\u0113tniec\u012bbas centri s\u0101ka mekl\u0113t veidus, k\u0101 pal\u0113nin\u0101t noveco\u0161anos un izm\u0113r\u012bt cilv\u0113ku un vi\u0146u iek\u0161\u0113jo org\u0101nu biolo\u0123isko vecumu.<\/p>\n<p>\t\t\t\t\t\tinfo<\/p>\n<p>Uzzini pirmais<br \/>kas interesants noticis Latvij\u0101 un pasaul\u0113,<br \/>pievienojoties mums <a href=\"https:\/\/t.me\/neatkariga\" rel=\"nofollow\">Telegram<\/a> vai <a href=\"https:\/\/whatsapp.com\/channel\/0029VaMLFUH5K3zLU5s4wm3y\" rel=\"nofollow noopener\" target=\"_blank\">Whatsapp<\/a> kan\u0101l\u0101<\/p>\n","protected":false},"excerpt":{"rendered":"Krievija v\u0113l nesp\u0113j rad\u012bt univers\u0101lu l\u012bdzekli m\u016b\u017e\u012bgajai jaun\u012bbai, ta\u010du t\u0101 g\u016bst pan\u0101kumus dz\u012bves ilguma palielin\u0101\u0161an\u0101 &#8211; t\u0101 pazi\u0146ojis&hellip;\n","protected":false},"author":2,"featured_media":91736,"comment_status":"","ping_status":"","sticky":false,"template":"","format":"standard","meta":{"footnotes":""},"categories":[14],"tags":[23,57,28,29,32,33,22,30,31,35,39,38,36,37,34,40,20,26,27,24,25,54,55,56,21,58],"class_list":{"0":"post-91735","1":"post","2":"type-post","3":"status-publish","4":"format-standard","5":"has-post-thumbnail","7":"category-zinas-no-arvalstim","8":"tag-aktualitates","9":"tag-arvalstim","10":"tag-breaking-news","11":"tag-breakingnews","12":"tag-featured-news","13":"tag-featurednews","14":"tag-headlines","15":"tag-latest-news","16":"tag-latestnews","17":"tag-latvia","18":"tag-latvian","19":"tag-latviesu","20":"tag-latviesu-valoda","21":"tag-latviesuvaloda","22":"tag-latvija","23":"tag-lv","24":"tag-news","25":"tag-popularakas-zinas","26":"tag-popularakaszinas","27":"tag-top-stories","28":"tag-topstories","29":"tag-world","30":"tag-world-news","31":"tag-worldnews","32":"tag-zinas","33":"tag-zinas-no-arvalstim"},"share_on_mastodon":{"url":"https:\/\/pubeurope.com\/@lv\/115820011450893611","error":""},"_links":{"self":[{"href":"https:\/\/www.europesays.com\/lv\/wp-json\/wp\/v2\/posts\/91735","targetHints":{"allow":["GET"]}}],"collection":[{"href":"https:\/\/www.europesays.com\/lv\/wp-json\/wp\/v2\/posts"}],"about":[{"href":"https:\/\/www.europesays.com\/lv\/wp-json\/wp\/v2\/types\/post"}],"author":[{"embeddable":true,"href":"https:\/\/www.europesays.com\/lv\/wp-json\/wp\/v2\/users\/2"}],"replies":[{"embeddable":true,"href":"https:\/\/www.europesays.com\/lv\/wp-json\/wp\/v2\/comments?post=91735"}],"version-history":[{"count":0,"href":"https:\/\/www.europesays.com\/lv\/wp-json\/wp\/v2\/posts\/91735\/revisions"}],"wp:featuredmedia":[{"embeddable":true,"href":"https:\/\/www.europesays.com\/lv\/wp-json\/wp\/v2\/media\/91736"}],"wp:attachment":[{"href":"https:\/\/www.europesays.com\/lv\/wp-json\/wp\/v2\/media?parent=91735"}],"wp:term":[{"taxonomy":"category","embeddable":true,"href":"https:\/\/www.europesays.com\/lv\/wp-json\/wp\/v2\/categories?post=91735"},{"taxonomy":"post_tag","embeddable":true,"href":"https:\/\/www.europesays.com\/lv\/wp-json\/wp\/v2\/tags?post=91735"}],"curies":[{"name":"wp","href":"https:\/\/api.w.org\/{rel}","templated":true}]}}