{"id":91737,"date":"2026-01-01T13:11:08","date_gmt":"2026-01-01T13:11:08","guid":{"rendered":"https:\/\/www.europesays.com\/lv\/91737\/"},"modified":"2026-01-01T13:11:08","modified_gmt":"2026-01-01T13:11:08","slug":"gadumija-diviem-viriesiem-pie-sejas-uzspragusi-pirotehnika-1188-lv","status":"publish","type":"post","link":"https:\/\/www.europesays.com\/lv\/91737\/","title":{"rendered":"Gadumij\u0101 diviem v\u012brie\u0161iem pie sejas uzspr\u0101gusi pirotehnika &#8211; 1188.lv"},"content":{"rendered":"<ol>\n<li><a href=\"https:\/\/news.google.com\/rss\/articles\/CBMilAFBVV95cUxNOVJnZ3NKUDd6ZWE5TzlES2RCOEJJcTkwRUh2dVRyS3lIZDJlcWJzaDhhTUdJMFY1SXRNcG5PYzB3THpXWE9OOTAtOUtpX29veUxqMVpUN0F6M0UxcFdGTVlfajJ4UmFPNTBQeVdGU0E0YnlCMzA5WEdzaFpTTFl6UE4zR3F3ai15QWtaMTlHamw5Qllf?oc=5\" target=\"_blank\" rel=\"nofollow noopener\">Gadumij\u0101 diviem v\u012brie\u0161iem pie sejas uzspr\u0101gusi pirotehnika<\/a>&nbsp;&nbsp;1188.lv<\/li>\n<li><a href=\"https:\/\/news.google.com\/rss\/articles\/CBMitwFBVV95cUxPRVFadlQxcVhMRjQ4M2NvOFVCTXRtaW9MQUphQ2ZxX3c2OXFqbjRDaVRZUTNuQ0Q1d1VZZThzb3BpTHZUZzQtMlV3djRzSTBWMFZOa3JLMGxOeHp3eWxFRHh4SU1hbWhpRFZiSHY1VUwxdGZqaG9sajEwVDhPTmNjUVhfWDlySDVNMDBYQnNEZ3hUcVZzeUk5ZzNFdnRVSE9Dd3hTWkZJRjVJbkExcHlkempzZ2JlbW8?oc=5\" target=\"_blank\" rel=\"nofollow noopener\">Petardes uzspr\u0101gst pie sejas un rok\u0101: sv\u0113tkos smagas traumas guvu\u0161i tr\u012bs cilv\u0113ki<\/a>&nbsp;&nbsp;Jauns.lv<\/li>\n<li><a href=\"https:\/\/news.google.com\/rss\/articles\/CBMingFBVV95cUxNRjFnbnM1ckt0alNRanZ6eFNDWFhMdXpsMUVNN0xPb1Y5X083OEpKNzZtUUdqOVZUV1ZRenpZM291Z1U4MmdCczdMX3ZrQ1JSMmdsYmhXNWxVSXhKS1hMNGU1Tk1VenlYN0ZmMWtfQ1BDVkVacDBDNUdlMnhXaWtDbkc4Y2xMWV9rbm0wWlQxeHg5WW9vNXhuREp1MWFTZw?oc=5\" target=\"_blank\" rel=\"nofollow noopener\">Dro\u0161\u012bba ir lab\u0101kais Jaungada v\u0113l\u0113jums \u2013 praktiski padomi sv\u0113tku laikam<\/a>&nbsp;&nbsp;TVNET<\/li>\n<li><a href=\"https:\/\/news.google.com\/rss\/articles\/CBMiuAFBVV95cUxOczZlanlSRVhLSHJ2a0R2MTZiZU9zelJXRVZpUUNnZ2J5TlJfOGMteG9seU8yS3MtNkRDbHpLQ0JzZ3BzRDNKdVZobEFfYll0WnBzd0U2VWNFNTQtQUxwdEVQbUhzSVpnSnlJdzBVbVR5UUFMRnUwMDJRbnNBVWE0TElja2MxSWNvLWZCVVo5YmRJbG0xbnRHeVZGOTZoWlM3eDhnbzVqenNFbGEtUUZFTC1VMWdqV2VY?oc=5\" target=\"_blank\" rel=\"nofollow noopener\">FOTO: Lietuv\u0101 akt\u012bvisti uziet &#8220;\u0161ausmu fermu&#8221; un fiks\u0113 vair\u0101kus pr\u0101tam neaptveramus p\u0101rk\u0101pumus<\/a>&nbsp;&nbsp;tv3.lv<\/li>\n<li><a href=\"https:\/\/news.google.com\/rss\/articles\/CBMiqgFBVV95cUxQeUVEam1LWTlHT1RmbVF1MHk1bkFubVM4ZXpGcVU3Q3dmX0Y3eW1pTnBIamVpaXU0ZXdRZENoU0hCdXlsQXVma3Q0WlVyZ216Z1loUjNJLUtpSzk3dm5TMkNWLVVvUE9iMjJyNHc1Yzd0UkRQNnhuakY3ZE9RYTZrZTc0bWdfOTF2d21VaXdFdWp6RDhBQllMbTFIdkJpTGxzOXVBN1VYWWs1dw?oc=5\" target=\"_blank\" rel=\"nofollow noopener\">K\u0101 dro\u0161i atbr\u012bvoties no pirotehnikas p\u0101rpalikumiem p\u0113c sv\u0113tkiem?<\/a>&nbsp;&nbsp;Lente.lv<\/li>\n<\/ol>\n","protected":false},"excerpt":{"rendered":"Gadumij\u0101 diviem v\u012brie\u0161iem pie sejas uzspr\u0101gusi pirotehnika&nbsp;&nbsp;1188.lv Petardes uzspr\u0101gst pie sejas un rok\u0101: sv\u0113tkos smagas traumas guvu\u0161i tr\u012bs&hellip;\n","protected":false},"author":2,"featured_media":91738,"comment_status":"","ping_status":"","sticky":false,"template":"","format":"standard","meta":{"footnotes":""},"categories":[12],"tags":[129,22986,889,23,28,29,32,33,22,30,31,35,39,38,36,37,34,40,20,26,27,22987,890,22988,891,24,25,21],"class_list":{"0":"post-91737","1":"post","2":"type-post","3":"status-publish","4":"format-standard","5":"has-post-thumbnail","7":"category-latvija","8":"tag-__typenameadvicekeyword","9":"tag-id1990","10":"tag-id811","11":"tag-aktualitates","12":"tag-breaking-news","13":"tag-breakingnews","14":"tag-featured-news","15":"tag-featurednews","16":"tag-headlines","17":"tag-latest-news","18":"tag-latestnews","19":"tag-latvia","20":"tag-latvian","21":"tag-latviesu","22":"tag-latviesu-valoda","23":"tag-latviesuvaloda","24":"tag-latvija","25":"tag-lv","26":"tag-news","27":"tag-popularakas-zinas","28":"tag-popularakaszinas","29":"tag-slugjaunais-gads","30":"tag-slugsabiedriba","31":"tag-titlejaunais-gads","32":"tag-titlesabiedriba","33":"tag-top-stories","34":"tag-topstories","35":"tag-zinas"},"share_on_mastodon":{"url":"https:\/\/pubeurope.com\/@lv\/115820015279702564","error":""},"_links":{"self":[{"href":"https:\/\/www.europesays.com\/lv\/wp-json\/wp\/v2\/posts\/91737","targetHints":{"allow":["GET"]}}],"collection":[{"href":"https:\/\/www.europesays.com\/lv\/wp-json\/wp\/v2\/posts"}],"about":[{"href":"https:\/\/www.europesays.com\/lv\/wp-json\/wp\/v2\/types\/post"}],"author":[{"embeddable":true,"href":"https:\/\/www.europesays.com\/lv\/wp-json\/wp\/v2\/users\/2"}],"replies":[{"embeddable":true,"href":"https:\/\/www.europesays.com\/lv\/wp-json\/wp\/v2\/comments?post=91737"}],"version-history":[{"count":0,"href":"https:\/\/www.europesays.com\/lv\/wp-json\/wp\/v2\/posts\/91737\/revisions"}],"wp:featuredmedia":[{"embeddable":true,"href":"https:\/\/www.europesays.com\/lv\/wp-json\/wp\/v2\/media\/91738"}],"wp:attachment":[{"href":"https:\/\/www.europesays.com\/lv\/wp-json\/wp\/v2\/media?parent=91737"}],"wp:term":[{"taxonomy":"category","embeddable":true,"href":"https:\/\/www.europesays.com\/lv\/wp-json\/wp\/v2\/categories?post=91737"},{"taxonomy":"post_tag","embeddable":true,"href":"https:\/\/www.europesays.com\/lv\/wp-json\/wp\/v2\/tags?post=91737"}],"curies":[{"name":"wp","href":"https:\/\/api.w.org\/{rel}","templated":true}]}}