{"id":91744,"date":"2026-01-01T13:20:07","date_gmt":"2026-01-01T13:20:07","guid":{"rendered":"https:\/\/www.europesays.com\/lv\/91744\/"},"modified":"2026-01-01T13:20:07","modified_gmt":"2026-01-01T13:20:07","slug":"eiduka-tour-de-ski-iedzisana-pakapjas-uz-30-vietu","status":"publish","type":"post","link":"https:\/\/www.europesays.com\/lv\/91744\/","title":{"rendered":"Eiduka &#8220;Tour de Ski&#8221; iedz\u012b\u0161an\u0101 pak\u0101pjas uz 30. vietu"},"content":{"rendered":"<p>Sacens\u012bbas s\u0101kot atbilsto\u0161i kopv\u0113rt\u0113juma p\u0113c tr\u012bs posmiem, k\u0101 pirm\u0101 start\u0113ja amerik\u0101niete D\u017eesija Diginsa. Slim\u012bbas d\u0113\u013c nestart\u0113ja l\u012bdz\u0161in\u0113j\u0101 vicel\u012bdere norv\u0113\u0123iete Astr\u012bda Slinna.<\/p>\n<p>Diginsai distanc\u0113 bija otrs \u0101tr\u0101kais laiks, ta\u010du tas neliedza nostiprin\u0101t vad\u012bbu kopv\u0113rt\u0113jum\u0101. Amerik\u0101niete fini\u0161\u0113ja 52 min\u016bt\u0113s un 14,8 sekund\u0113s, vienu min\u016bti un 35,2 sekundes v\u0113l\u0101k posmu beidza zviedriete M\u016ba Ilara, kura par tr\u012bs sekundes desmitda\u013c\u0101m p\u0101rsp\u0113ja austrieti Ter\u0113zi \u0160tadloberi.<\/p>\n<p>Eidukas defic\u012bts pirms iedz\u012b\u0161anas bija divas min\u016btes un 50 sekundes. Distanc\u0113 latvietei bija 32. rezult\u0101ts, bet fini\u0161\u0101 vi\u0146a no Diginsas atpalika \u010detras min\u016btes un 37,7 sekundes. T\u016bri turpina 69 sl\u0113pot\u0101jas.<\/p>\n<p>V\u012brie\u0161iem iedz\u012b\u0161an\u0101 pirmais fini\u0161\u0113ja norv\u0113\u0123is Juhanness Kl\u0113bo, kur\u0161 distanci beidza 46 min\u016bt\u0113s un 1,7 sekund\u0113s. P\u0113c 51,1 sekundes fini\u0161\u0113ja vi\u0146a tautietis Matiss Stensh\u0101gens, bet spraiga izv\u0113rt\u0101s c\u012b\u0146a par tre\u0161o vietu.<\/p>\n<p>Zviedrs Edv\u012bns Angers fotofini\u0161\u0101 p\u0101rsp\u0113ja it\u0101li Federiko Pellegr\u012bno, abiem fini\u0161\u0113jot 59,8 sekundes p\u0113c uzvar\u0113t\u0101ja. \u010cetras sekundes desmitda\u013cas zaud\u0113ja norv\u0113\u0123is Em\u012bls \u012ave\u0161ens un amerik\u0101nis Gass \u0160umahers, sekundes desmitda\u013cu v\u0113l\u0101k fini\u0161\u0113ja norv\u0113\u0123is L\u0101\u0161s H\u0113gens, bet pussekundi aiz vi\u0146a bija austrietis Benjamins Mozers.<\/p>\n<p>P\u0113c \u0161\u012b posma kopv\u0113rt\u0113jum\u0101 sportisti ie\u0146em vietas atbilsto\u0161i fini\u0161am iedz\u012b\u0161an\u0101.<\/p>\n<p>P\u0113c vienas dienas atp\u016btas Valdifjemm\u0113, It\u0101lij\u0101, notiks p\u0113d\u0113jie divi posmi &#8211; sprints klasiskaj\u0101 stil\u0101 un desmit kilometru distance, liel\u0101ko da\u013cu veicot aug\u0161up kaln\u0101.<\/p>\n","protected":false},"excerpt":{"rendered":"Sacens\u012bbas s\u0101kot atbilsto\u0161i kopv\u0113rt\u0113juma p\u0113c tr\u012bs posmiem, k\u0101 pirm\u0101 start\u0113ja amerik\u0101niete D\u017eesija Diginsa. Slim\u012bbas d\u0113\u013c nestart\u0113ja l\u012bdz\u0161in\u0113j\u0101 vicel\u012bdere&hellip;\n","protected":false},"author":2,"featured_media":52817,"comment_status":"","ping_status":"","sticky":false,"template":"","format":"standard","meta":{"footnotes":""},"categories":[17],"tags":[35,39,38,36,37,34,40,8094,67],"class_list":{"0":"post-91744","1":"post","2":"type-post","3":"status-publish","4":"format-standard","5":"has-post-thumbnail","7":"category-sports","8":"tag-latvia","9":"tag-latvian","10":"tag-latviesu","11":"tag-latviesu-valoda","12":"tag-latviesuvaloda","13":"tag-latvija","14":"tag-lv","15":"tag-patricija-eiduka","16":"tag-sports"},"share_on_mastodon":{"url":"https:\/\/pubeurope.com\/@lv\/115820050683314146","error":""},"_links":{"self":[{"href":"https:\/\/www.europesays.com\/lv\/wp-json\/wp\/v2\/posts\/91744","targetHints":{"allow":["GET"]}}],"collection":[{"href":"https:\/\/www.europesays.com\/lv\/wp-json\/wp\/v2\/posts"}],"about":[{"href":"https:\/\/www.europesays.com\/lv\/wp-json\/wp\/v2\/types\/post"}],"author":[{"embeddable":true,"href":"https:\/\/www.europesays.com\/lv\/wp-json\/wp\/v2\/users\/2"}],"replies":[{"embeddable":true,"href":"https:\/\/www.europesays.com\/lv\/wp-json\/wp\/v2\/comments?post=91744"}],"version-history":[{"count":0,"href":"https:\/\/www.europesays.com\/lv\/wp-json\/wp\/v2\/posts\/91744\/revisions"}],"wp:featuredmedia":[{"embeddable":true,"href":"https:\/\/www.europesays.com\/lv\/wp-json\/wp\/v2\/media\/52817"}],"wp:attachment":[{"href":"https:\/\/www.europesays.com\/lv\/wp-json\/wp\/v2\/media?parent=91744"}],"wp:term":[{"taxonomy":"category","embeddable":true,"href":"https:\/\/www.europesays.com\/lv\/wp-json\/wp\/v2\/categories?post=91744"},{"taxonomy":"post_tag","embeddable":true,"href":"https:\/\/www.europesays.com\/lv\/wp-json\/wp\/v2\/tags?post=91744"}],"curies":[{"name":"wp","href":"https:\/\/api.w.org\/{rel}","templated":true}]}}