{"id":91747,"date":"2026-01-01T13:24:08","date_gmt":"2026-01-01T13:24:08","guid":{"rendered":"https:\/\/www.europesays.com\/lv\/91747\/"},"modified":"2026-01-01T13:24:08","modified_gmt":"2026-01-01T13:24:08","slug":"maestro-raimonds-pauls-parcietis-operaciju-2","status":"publish","type":"post","link":"https:\/\/www.europesays.com\/lv\/91747\/","title":{"rendered":"Maestro Raimonds Pauls p\u0101rcietis oper\u0101ciju"},"content":{"rendered":"<p>Aizg\u0101ju\u0161ais gads izr\u0101d\u012bj\u0101s smags Maestro Raimondam Paulam \u2014 vi\u0146\u0161 zaud\u0113ja vair\u0101kus tuvus cilv\u0113kus un pats p\u0101rcieta oper\u0101ciju. Par to komponists past\u0101st\u012bja Latvijas Telev\u012bzijas \u0113ter\u0101.<\/p>\n<p>\u00abAizg\u0101ja ne tikai mana sieva, bet ar\u012b mana m\u0101sa, k\u0101 ar\u012b izcils latvie\u0161u politi\u0137is J\u0101nis P\u0113ters,\u00bb sac\u012bja Raimonds Pauls.<\/p>\n<p>Pa\u0161u maestro Neatliekam\u0101 medic\u012bnisk\u0101 pal\u012bdz\u012bba nog\u0101d\u0101ja slimn\u012bc\u0101, kur vi\u0146am veica oper\u0101ciju.<\/p>\n<p>\u00abAndrejs \u0112rglis uzrot\u012bja piedurknes un \u0137\u0113r\u0101s kl\u0101t man\u0101m iek\u0161\u0101m,\u00bb ar humoru piebilda Pauls.<\/p>\n<p>Iepriek\u0161 zi\u0146ots, ka janv\u0101r\u012b 85 gadu vecum\u0101 miris latvie\u0161u dzejnieks, sabiedriskais darbinieks un diplom\u0101ts J\u0101nis P\u0113ters.<\/p>\n<p>Febru\u0101r\u012b aizg\u0101ja m\u016b\u017e\u012bb\u0101 izcila latvie\u0161u tekstilm\u0101ksliniece Ed\u012bte Pauls-V\u012bgnere (1939\u20132025). Vi\u0146as rado\u0161ais ce\u013c\u0161 s\u0101k\u0101s jau 1960. gados un turpin\u0101j\u0101s l\u012bdz p\u0113d\u0113j\u0101m dz\u012bves dien\u0101m. Vi\u0146as talants tika augstu nov\u0113rt\u0113ts gan Latvij\u0101, gan \u0101rpus t\u0101s \u2014 darbi tika ekspon\u0113ti daudz\u0101s izst\u0101d\u0113s, p\u0101rsteidzot ar m\u0113rogu, spilgtumu, inovat\u012bvu pieeju un neparast\u0101m tehnik\u0101m, g\u016bstot skat\u012bt\u0101ju atzin\u012bbu.<\/p>\n<p><a href=\"https:\/\/nra.lv\/latvija\/510397-maestro-raimonds-pauls-parcietis-operaciju.htm\" rel=\"nofollow noopener\" target=\"_blank\">nra.lv<\/a><\/p>\n<p>\n                            Valodas k\u013c\u016bda rakst\u0101?<br \/>Iez\u012bm\u0113jiet tekstu un spiediet Zi\u0146ot par k\u013c\u016bdu pogas   , lai nos\u016bt\u012btu labojamo teksta fragmentu redaktoram!<\/p>\n<p>                                Zi\u0146ot par k\u013c\u016bdu<\/p>\n","protected":false},"excerpt":{"rendered":"Aizg\u0101ju\u0161ais gads izr\u0101d\u012bj\u0101s smags Maestro Raimondam Paulam \u2014 vi\u0146\u0161 zaud\u0113ja vair\u0101kus tuvus cilv\u0113kus un pats p\u0101rcieta oper\u0101ciju. Par&hellip;\n","protected":false},"author":2,"featured_media":91748,"comment_status":"","ping_status":"","sticky":false,"template":"","format":"standard","meta":{"footnotes":""},"categories":[5],"tags":[23,28,29,32,33,22,30,31,35,39,38,36,37,34,40,20,26,27,24,25,21],"class_list":{"0":"post-91747","1":"post","2":"type-post","3":"status-publish","4":"format-standard","5":"has-post-thumbnail","7":"category-aktualitates","8":"tag-aktualitates","9":"tag-breaking-news","10":"tag-breakingnews","11":"tag-featured-news","12":"tag-featurednews","13":"tag-headlines","14":"tag-latest-news","15":"tag-latestnews","16":"tag-latvia","17":"tag-latvian","18":"tag-latviesu","19":"tag-latviesu-valoda","20":"tag-latviesuvaloda","21":"tag-latvija","22":"tag-lv","23":"tag-news","24":"tag-popularakas-zinas","25":"tag-popularakaszinas","26":"tag-top-stories","27":"tag-topstories","28":"tag-zinas"},"share_on_mastodon":{"url":"https:\/\/pubeurope.com\/@lv\/115820066396389889","error":""},"_links":{"self":[{"href":"https:\/\/www.europesays.com\/lv\/wp-json\/wp\/v2\/posts\/91747","targetHints":{"allow":["GET"]}}],"collection":[{"href":"https:\/\/www.europesays.com\/lv\/wp-json\/wp\/v2\/posts"}],"about":[{"href":"https:\/\/www.europesays.com\/lv\/wp-json\/wp\/v2\/types\/post"}],"author":[{"embeddable":true,"href":"https:\/\/www.europesays.com\/lv\/wp-json\/wp\/v2\/users\/2"}],"replies":[{"embeddable":true,"href":"https:\/\/www.europesays.com\/lv\/wp-json\/wp\/v2\/comments?post=91747"}],"version-history":[{"count":0,"href":"https:\/\/www.europesays.com\/lv\/wp-json\/wp\/v2\/posts\/91747\/revisions"}],"wp:featuredmedia":[{"embeddable":true,"href":"https:\/\/www.europesays.com\/lv\/wp-json\/wp\/v2\/media\/91748"}],"wp:attachment":[{"href":"https:\/\/www.europesays.com\/lv\/wp-json\/wp\/v2\/media?parent=91747"}],"wp:term":[{"taxonomy":"category","embeddable":true,"href":"https:\/\/www.europesays.com\/lv\/wp-json\/wp\/v2\/categories?post=91747"},{"taxonomy":"post_tag","embeddable":true,"href":"https:\/\/www.europesays.com\/lv\/wp-json\/wp\/v2\/tags?post=91747"}],"curies":[{"name":"wp","href":"https:\/\/api.w.org\/{rel}","templated":true}]}}