{"id":91749,"date":"2026-01-01T13:26:27","date_gmt":"2026-01-01T13:26:27","guid":{"rendered":"https:\/\/www.europesays.com\/lv\/91749\/"},"modified":"2026-01-01T13:26:27","modified_gmt":"2026-01-01T13:26:27","slug":"labi-ka-ta-atklata-jokica-savainojuma-nopietniba","status":"publish","type":"post","link":"https:\/\/www.europesays.com\/lv\/91749\/","title":{"rendered":"Labi, ka t\u0101? Atkl\u0101ta Joki\u010da savainojuma nopietn\u012bba"},"content":{"rendered":"<p>                                <img decoding=\"async\" src=\"https:\/\/www.europesays.com\/lv\/wp-content\/uploads\/2026\/01\/2025-12-19t044724z_26127347_mt1usatoday27848648_rtrmadp_3_nba-orlando-magic-at-denver-nuggets-1-750x.jpeg\"   alt=\"Nikola Joki\u010ds\" class=\"post-featured-image\"\/><\/p>\n<p>Nikola Joki\u010ds | Foto: Ron Chenoy-Imagn Images<\/p>\n<p>Nacion\u0101l\u0101s basketbola asoci\u0101cijas (NBA) tr\u012bsk\u0101rt\u0113jais v\u0113rt\u012bg\u0101kais sp\u0113l\u0113t\u0101js <a href=\"https:\/\/www.sportazinas.com\/atsl%C4%93gv%C4%81rdi\/nikola-jokics\/\" rel=\"nofollow noopener\" target=\"_blank\">Nikola Joki\u010ds<\/a> ce\u013cgala savainojuma d\u0113\u013c nevar\u0113s sp\u0113l\u0113t vismaz vienu m\u0113nesi, <a href=\"https:\/\/x.com\/ShamsCharania\/status\/2006039788235739230\" rel=\"nofollow\">v\u0113sta <\/a>ASV mediji.<\/p>\n<p>Denveras \u201cNuggets\u201d centra sp\u0113l\u0113t\u0101jam Joki\u010dam, <a href=\"https:\/\/www.sportazinas.com\/porzinga-komandas-ieilgusi-neveiksmju-serija-turpinas-jokicam-bistama-trauma\/\" rel=\"nofollow noopener\" target=\"_blank\">kur\u0161 traumu guva ma\u010d\u0101 pret Maiami \u201cHeat\u201d<\/a>, konstat\u0113ts kreis\u0101s k\u0101jas ce\u013cgala sai\u0161u sastiepums. Lai ar\u012b situ\u0101cija izskat\u012bj\u0101s visai bied\u0113jo\u0161a, Joki\u010dam izdevies izvair\u012bties no daudz smag\u0101kas traumas.<\/p>\n<p>Joki\u010ds NBA aizvada 11. sezonu un no iepriek\u0161\u0113j\u0101m desmit vi\u0146\u0161 katr\u0101 piedal\u012bjies vismaz 69 sp\u0113l\u0113s, t\u0101d\u0113j\u0101di \u0161\u012b trauma serbam liegs iztikt bez basketbola ilg\u0101ko laiku NBA karjer\u0101.<\/p>\n<p>\u0160osezon Joki\u010ds 31 sp\u0113l\u0113 vid\u0113ji 35 min\u016bt\u0113s guvis 29,9 punktus, izc\u012bn\u012bjis 12,4 atl\u0113ku\u0161\u0101s bumbas un atdevis 11,1 rezultat\u012bvu piesp\u0113li. Serbs ir NBA piektais rezultat\u012bv\u0101kais sp\u0113l\u0113t\u0101js, bet c\u012b\u0146\u0101 zem groziem un savu partneru atra\u0161an\u0101 vi\u0146\u0161 ir lab\u0101kais vis\u0101 l\u012bg\u0101. \u201cNuggets\u201d ar 22 uzvar\u0101m 32 sp\u0113l\u0113s ie\u0146em tre\u0161o vietu Rietumu konferenc\u0113.<\/p>\n<blockquote class=\"twitter-tweet\" data-width=\"500\" data-dnt=\"true\">\n<p lang=\"en\" dir=\"ltr\">Just in: Denver Nuggets&#8217; Nikola Jokic has been diagnosed with a hyperextension in his left knee and will miss at least four weeks. An immense sigh of relief as tests show the three-time NBA MVP&#8217;s knee ligaments are intact. <a href=\"https:\/\/t.co\/u8qLE0GDd3\" rel=\"nofollow\">pic.twitter.com\/u8qLE0GDd3<\/a><\/p>\n<p>\u2014 Shams Charania (@ShamsCharania) <a href=\"https:\/\/twitter.com\/ShamsCharania\/status\/2006039788235739230?ref_src=twsrc%5Etfw\" rel=\"nofollow noopener\" target=\"_blank\">December 30, 2025<\/a><\/p><\/blockquote>\n<p>                    <script async src=\"https:\/\/platform.twitter.com\/widgets.js\" charset=\"utf-8\"><\/script><\/p>\n","protected":false},"excerpt":{"rendered":"Nikola Joki\u010ds | Foto: Ron Chenoy-Imagn Images Nacion\u0101l\u0101s basketbola asoci\u0101cijas (NBA) tr\u012bsk\u0101rt\u0113jais v\u0113rt\u012bg\u0101kais sp\u0113l\u0113t\u0101js Nikola Joki\u010ds ce\u013cgala savainojuma&hellip;\n","protected":false},"author":2,"featured_media":91750,"comment_status":"","ping_status":"","sticky":false,"template":"","format":"standard","meta":{"footnotes":""},"categories":[17],"tags":[35,39,38,36,37,34,40,67],"class_list":{"0":"post-91749","1":"post","2":"type-post","3":"status-publish","4":"format-standard","5":"has-post-thumbnail","7":"category-sports","8":"tag-latvia","9":"tag-latvian","10":"tag-latviesu","11":"tag-latviesu-valoda","12":"tag-latviesuvaloda","13":"tag-latvija","14":"tag-lv","15":"tag-sports"},"share_on_mastodon":{"url":"https:\/\/pubeurope.com\/@lv\/115820074272589161","error":""},"_links":{"self":[{"href":"https:\/\/www.europesays.com\/lv\/wp-json\/wp\/v2\/posts\/91749","targetHints":{"allow":["GET"]}}],"collection":[{"href":"https:\/\/www.europesays.com\/lv\/wp-json\/wp\/v2\/posts"}],"about":[{"href":"https:\/\/www.europesays.com\/lv\/wp-json\/wp\/v2\/types\/post"}],"author":[{"embeddable":true,"href":"https:\/\/www.europesays.com\/lv\/wp-json\/wp\/v2\/users\/2"}],"replies":[{"embeddable":true,"href":"https:\/\/www.europesays.com\/lv\/wp-json\/wp\/v2\/comments?post=91749"}],"version-history":[{"count":0,"href":"https:\/\/www.europesays.com\/lv\/wp-json\/wp\/v2\/posts\/91749\/revisions"}],"wp:featuredmedia":[{"embeddable":true,"href":"https:\/\/www.europesays.com\/lv\/wp-json\/wp\/v2\/media\/91750"}],"wp:attachment":[{"href":"https:\/\/www.europesays.com\/lv\/wp-json\/wp\/v2\/media?parent=91749"}],"wp:term":[{"taxonomy":"category","embeddable":true,"href":"https:\/\/www.europesays.com\/lv\/wp-json\/wp\/v2\/categories?post=91749"},{"taxonomy":"post_tag","embeddable":true,"href":"https:\/\/www.europesays.com\/lv\/wp-json\/wp\/v2\/tags?post=91749"}],"curies":[{"name":"wp","href":"https:\/\/api.w.org\/{rel}","templated":true}]}}