{"id":91751,"date":"2026-01-01T13:29:14","date_gmt":"2026-01-01T13:29:14","guid":{"rendered":"https:\/\/www.europesays.com\/lv\/91751\/"},"modified":"2026-01-01T13:29:14","modified_gmt":"2026-01-01T13:29:14","slug":"mes-mainam-noteikumus-alvis-hermanis-pazino-par-jaunu-politisko-kustibu-lente-lv","status":"publish","type":"post","link":"https:\/\/www.europesays.com\/lv\/91751\/","title":{"rendered":"&#8220;M\u0113s main\u0101m noteikumus&#8221; \u2013 Alvis Hermanis pazi\u0146o par jaunu politisko kust\u012bbu\u00a0\u2014\u00a0Lente.lv"},"content":{"rendered":"<p>Jauns politiskais sp\u0113ks ar paz\u012bstamu l\u012bderi<\/p>\n<p>Re\u017eisors Alvis Hermanis, kur\u0161 iepriek\u0161 pameta pa\u0161a dibin\u0101to kust\u012bbu &#8220;Bez partij\u0101m&#8221;, tre\u0161dien, 31. decembr\u012b, n\u0101cis klaj\u0101 ar jaunu pazi\u0146ojumu par savu politisko darb\u012bbu. Hermanis pazi\u0146ojis, ka iest\u0101jies politiskaj\u0101 partij\u0101 &#8220;Republika&#8221; un rosin\u0101s t\u0101s nosaukumu main\u012bt uz &#8220;M\u0113s main\u0101m noteikumus&#8221;. Vi\u0146\u0161 ar\u012b paudis gatav\u012bbu uz\u0146emties partijas vad\u012bbu. Paredzams, ka partija ar jauno nosaukumu start\u0113s 2026. gada 3. oktobr\u012b paredz\u0113taj\u0101s Saeimas v\u0113l\u0113\u0161an\u0101s.<\/p>\n<p>Partijas nosaukums un m\u0113r\u0137i<\/p>\n<p>Jaunais nosaukums &#8220;M\u0113s main\u0101m noteikumus&#8221; atspogu\u013co galvenos kust\u012bbas m\u0113r\u0137us: radik\u0101lu v\u0113l\u0113\u0161anu likuma mai\u0146u, lai v\u0113l\u0113t\u0101ji var\u0113tu balsot par konkr\u0113tiem kandid\u0101tiem, nevis partiju list\u0113m, k\u0101 ar\u012b nepiecie\u0161am\u012bbu p\u0113c p\u0101rmai\u0146\u0101m visos valsts p\u0101rvaldes un ier\u0113dniec\u012bbas l\u012bme\u0146os, kur pa\u0161laik tr\u016bkst atbild\u012bbas. Hermanis uzsver, ka partija iest\u0101sies par individu\u0101lu atbild\u012bbu, pied\u0101v\u0101jot principu, ka par katru lietu, projektu vai r\u012bc\u012bbu b\u016bs atbild\u012bgs tikai viens cilv\u0113ks. T\u0101pat tiek pied\u0101v\u0101ts atvieglot uz\u0146\u0113m\u0113jdarb\u012bbas vidi, atce\u013cot nevajadz\u012bgus ierobe\u017eojumus un regul\u0113jumus, kas tiek uzskat\u012bti par valsts sabot\u0101\u017eu. Tiek rosin\u0101ts ar\u012b \u013caut zemessargiem m\u0101j\u0101s tur\u0113t iero\u010dus un atcelt ierobe\u017eojumus zemes izmanto\u0161anai un priv\u0101tai apb\u016bvei.<\/p>\n<p>Politisk\u0101s kust\u012bbas &#8220;Bez partij\u0101m&#8221; pirms\u0101kumi<\/p>\n<p>Alvis Hermanis kop\u0101 ar domubiedriem, tostarp uz\u0146\u0113m\u0113ju Armandu Broku un politi\u0137i Didzi \u0160mitu, iepriek\u0161 dibin\u0101ja politisko kust\u012bbu &#8220;Bez partij\u0101m&#8221;. Kust\u012bbas pamatprincipi ietv\u0113ra v\u0113l\u0113\u0161anu sist\u0113mas mai\u0146u, atbalsta p\u0101rskat\u012b\u0161anu medijiem, kas nav objekt\u012bvi, un reformas valsts p\u0101rvald\u0113. Sakar\u0101 ar likuma pras\u012bb\u0101m par jaunas partijas dibin\u0101\u0161anu ne v\u0113l\u0101k k\u0101 gadu pirms v\u0113l\u0113\u0161an\u0101m, &#8220;Bez partij\u0101m&#8221; secin\u0101ja, ka nepiecie\u0161ama sadarb\u012bba ar k\u0101du jau re\u0123istr\u0113tu politisko sp\u0113ku. T\u0101d\u0113\u013c tika pievienota eso\u0161\u0101 partija &#8220;Republika&#8221;, kuras biedri atbalsta kust\u012bbas m\u0113r\u0137us.<\/p>\n<p>Partija &#8220;Republika&#8221; v\u0113sture<\/p>\n<p>Partija &#8220;Republika&#8221; tika dibin\u0101ta 2021. gada 28. august\u0101 un pozicion\u0113 sevi k\u0101 centrisks politiskais sp\u0113ks. T\u0101s s\u0101kotn\u0113jie dibin\u0101t\u0101ji bija biju\u0161ais ministrs Vja\u010deslavs Dombrovskis un citi, ta\u010du v\u0113l\u0101k partijas vad\u012bbu p\u0101r\u0146\u0113ma \u0112riks Pucens un Sandis \u0122ir\u0123ens. &#8220;Republika&#8221; piedal\u012bj\u0101s 14. Saeimas v\u0113l\u0113\u0161an\u0101s, ta\u010du neguva pietiekamu atbalstu, lai iek\u013c\u016btu parlament\u0101. Partija iepriek\u0161 ir paudusi atbalstu tautas v\u0113l\u0113tam prezidentam un profesion\u0101\u013cu vald\u012bbai.<\/p>\n<p>N\u0101kamie so\u013ci un sabiedr\u012bbas reakcija<\/p>\n<p>Hermanis nor\u0101d\u012bjis, ka vi\u0146a pievieno\u0161an\u0101s politikai un publiskie pazi\u0146ojumi ir izrais\u012bju\u0161i ar\u012b br\u012bdin\u0101jumus par iesp\u0113jamu politisko spiedienu. Tom\u0113r re\u017eisors pau\u017e gatav\u012bbu publiski st\u0101st\u012bt par politisk\u0101s &#8220;virtuves&#8221; darb\u012bbu no iek\u0161puses. Vi\u0146\u0161 cer uz 51% v\u0113l\u0113t\u0101ju atbalstu n\u0101kamaj\u0101s Saeimas v\u0113l\u0113\u0161an\u0101s, uzskatot, ka cilv\u0113ki ir noilgoju\u0161ies p\u0113c p\u0101rmai\u0146\u0101m. Kust\u012bbas idejas ir izrais\u012bju\u0161as pretrun\u012bgu v\u0113rt\u0113jumu politiskaj\u0101 vid\u0113, da\u017ei politologi ap\u0161auba bezpartiju sist\u0113mas efektivit\u0101ti un atbild\u012bbas principus.<\/p>\n","protected":false},"excerpt":{"rendered":"Jauns politiskais sp\u0113ks ar paz\u012bstamu l\u012bderi Re\u017eisors Alvis Hermanis, kur\u0161 iepriek\u0161 pameta pa\u0161a dibin\u0101to kust\u012bbu &#8220;Bez partij\u0101m&#8221;, tre\u0161dien,&hellip;\n","protected":false},"author":2,"featured_media":91752,"comment_status":"","ping_status":"","sticky":false,"template":"","format":"standard","meta":{"footnotes":""},"categories":[12],"tags":[23,5992,28,29,32,33,22,30,31,35,39,38,36,37,34,535,40,23067,20,23068,26,27,23066,24,25,21],"class_list":{"0":"post-91751","1":"post","2":"type-post","3":"status-publish","4":"format-standard","5":"has-post-thumbnail","7":"category-latvija","8":"tag-aktualitates","9":"tag-alvis-hermanis","10":"tag-breaking-news","11":"tag-breakingnews","12":"tag-featured-news","13":"tag-featurednews","14":"tag-headlines","15":"tag-latest-news","16":"tag-latestnews","17":"tag-latvia","18":"tag-latvian","19":"tag-latviesu","20":"tag-latviesu-valoda","21":"tag-latviesuvaloda","22":"tag-latvija","23":"tag-latvijas-politika","24":"tag-lv","25":"tag-mes-mainam-noteikumus","26":"tag-news","27":"tag-politiska-partija","28":"tag-popularakas-zinas","29":"tag-popularakaszinas","30":"tag-republika","31":"tag-top-stories","32":"tag-topstories","33":"tag-zinas"},"share_on_mastodon":{"url":"https:\/\/pubeurope.com\/@lv\/115820086123655736","error":""},"_links":{"self":[{"href":"https:\/\/www.europesays.com\/lv\/wp-json\/wp\/v2\/posts\/91751","targetHints":{"allow":["GET"]}}],"collection":[{"href":"https:\/\/www.europesays.com\/lv\/wp-json\/wp\/v2\/posts"}],"about":[{"href":"https:\/\/www.europesays.com\/lv\/wp-json\/wp\/v2\/types\/post"}],"author":[{"embeddable":true,"href":"https:\/\/www.europesays.com\/lv\/wp-json\/wp\/v2\/users\/2"}],"replies":[{"embeddable":true,"href":"https:\/\/www.europesays.com\/lv\/wp-json\/wp\/v2\/comments?post=91751"}],"version-history":[{"count":0,"href":"https:\/\/www.europesays.com\/lv\/wp-json\/wp\/v2\/posts\/91751\/revisions"}],"wp:featuredmedia":[{"embeddable":true,"href":"https:\/\/www.europesays.com\/lv\/wp-json\/wp\/v2\/media\/91752"}],"wp:attachment":[{"href":"https:\/\/www.europesays.com\/lv\/wp-json\/wp\/v2\/media?parent=91751"}],"wp:term":[{"taxonomy":"category","embeddable":true,"href":"https:\/\/www.europesays.com\/lv\/wp-json\/wp\/v2\/categories?post=91751"},{"taxonomy":"post_tag","embeddable":true,"href":"https:\/\/www.europesays.com\/lv\/wp-json\/wp\/v2\/tags?post=91751"}],"curies":[{"name":"wp","href":"https:\/\/api.w.org\/{rel}","templated":true}]}}