{"id":91765,"date":"2026-01-01T13:42:09","date_gmt":"2026-01-01T13:42:09","guid":{"rendered":"https:\/\/www.europesays.com\/lv\/91765\/"},"modified":"2026-01-01T13:42:09","modified_gmt":"2026-01-01T13:42:09","slug":"visa-pasaule-kosi-sagaidits-2026-gads-tvnet","status":"publish","type":"post","link":"https:\/\/www.europesays.com\/lv\/91765\/","title":{"rendered":"Vis\u0101 pasaul\u0113 ko\u0161i sagaid\u012bts 2026. gads &#8211; TVNET"},"content":{"rendered":"<ol>\n<li><a href=\"https:\/\/news.google.com\/rss\/articles\/CBMidEFVX3lxTE44VzJvN240NVpLSW5BOVhnbnNLMThWM2dUbGVXa3pPNTlkZ3Y5ZEhYUmZzRnhodmR5bXE1QzBEUjVrNGJ4cnQ2dUFjdy1XcWlnOUdFYXlocWl6SlN3bGRYQTc0MmZwSlA3ZXJKdHhaYnVkZDNN?oc=5\" target=\"_blank\" rel=\"nofollow noopener\">Vis\u0101 pasaul\u0113 ko\u0161i sagaid\u012bts 2026. gads<\/a>&nbsp;&nbsp;TVNET<\/li>\n<li><a href=\"https:\/\/news.google.com\/rss\/articles\/CBMisgFBVV95cUxPaHg3allZOE5lWE52a1hlMXo5SWNQa1BKeGFobHR3dXBPLTFuaTJGWGJySGVXTHVTOE40eGY4UjQ5Q28wbzNKc3BLaVhGY1lMRkFyakxFUVlXd1RsTjZlRDBnUDRNUnZfTHpoVnBPV1ZIZWU1anA4RUlZMk81SWtvcFZlUDdVanJSOC1waVNRUmNETE9xcG1RSC14THROWnJETGVYdndVU3dSbXlOSUo3Wmdn?oc=5\" target=\"_blank\" rel=\"nofollow noopener\">FOTO. Reiniks tusi\u0146\u0101, S\u0113j\u0101ni masku ball\u0113, bet Bulis p\u0101rg\u0101jien\u0101! K\u0101 jauno gadu sagaid\u012bja slaven\u012bbas?<\/a>&nbsp;&nbsp;LA.LV<\/li>\n<li><a href=\"https:\/\/news.google.com\/rss\/articles\/CBMirAFBVV95cUxQMms0TVU2WUxOQWs3T25rdlh3V3Y1aWpfUTVDLUlpQmZOMzVPTmpLa1NjSXM2di02Mi01dkZXVVF2S0cwQ09SdHd1UVZRbTVpRl9kSm1ORW4tbkV2dHdldU9oZ3FTM2VZazkwcnAwVGNZZ0RuYjFuYkNLd3h1UmEwQVQ4VXNIZmhDczJNWHhIUC03TmlsdF9SWFhKSzVDdE9fZ0NVWlZyZnM3dzVw?oc=5\" target=\"_blank\" rel=\"nofollow noopener\">Austr\u0101lij\u0101 un citviet Jaunais gads jau sagaid\u012bts \/ Raksts<\/a>&nbsp;&nbsp;LSM<\/li>\n<li><a href=\"https:\/\/news.google.com\/rss\/articles\/CBMigwFBVV95cUxQOFYtY3J1dHBuU1ZZdWUtZVg3V09uVzBDSVh6ejBiR0FsSU1hdU52dFpiNjR5THpoQkVDVTNYX2ZuNnhmRGlDWmZWdThjRkx6S3dUdUJNRjJTRXpfMkxiejBLRWYxTWVSUnVnS096WnJ3QjJPS2p5UmRtaVNsQUVIU0FIZ9IBiAFBVV95cUxQQ1JlOTBOQVY0LXBKTUxTT1VpcU9TVDRVRy1nRTBWZFdIYUJPYTdWNkFWZnVha28tbUJ0Y0Q3dGc1UHNJVUZIUTZNbmUyWXRZQ01kdGROV3N4eXgtcGFqVHVvUTVpNFlXRmNnVXJpSS1RU0ZOWDQwaHE1Vk1PeHlYSEllYzFLMkhm?oc=5\" target=\"_blank\" rel=\"nofollow noopener\">Pasaule sagaid\u012bjusi 2026. gadu<\/a>&nbsp;&nbsp;bb.lv<\/li>\n<li><a href=\"https:\/\/news.google.com\/rss\/articles\/CBMimAFBVV95cUxPUEtVQ3RCdmxLc2I1Y3kzTnJYTGpjTmlSYWlmbzNJMVRWcVFWZTBBMVVQa3VZTnBnWGM2ZEFOZVlfLWl1RVZVQlEwZFRCZFdwQ3BHOC1iT0g2dW8zWHZiV29IajR0RU1STFdwb1JBV1cyU2VmaTRmd0lOTkVtRUJQN0VieC1VQk5lVlVvNHV1X29fYWRTQXc5Yg?oc=5\" target=\"_blank\" rel=\"nofollow noopener\">FOTO: ar kr\u0101\u0161\u0146\u0101m svin\u012bb\u0101m pasaule sagaid\u012bjusi 2026. gadu<\/a>&nbsp;&nbsp;Jauns.lv<\/li>\n<\/ol>\n","protected":false},"excerpt":{"rendered":"Vis\u0101 pasaul\u0113 ko\u0161i sagaid\u012bts 2026. gads&nbsp;&nbsp;TVNET FOTO. Reiniks tusi\u0146\u0101, S\u0113j\u0101ni masku ball\u0113, bet Bulis p\u0101rg\u0101jien\u0101! K\u0101 jauno gadu&hellip;\n","protected":false},"author":2,"featured_media":91766,"comment_status":"","ping_status":"","sticky":false,"template":"","format":"standard","meta":{"footnotes":""},"categories":[5],"tags":[12118,23,28,29,32,33,22,30,31,35,39,38,36,37,34,40,20,26,27,24,25,21],"class_list":{"0":"post-91765","1":"post","2":"type-post","3":"status-publish","4":"format-standard","5":"has-post-thumbnail","7":"category-aktualitates","8":"tag-2026-gads","9":"tag-aktualitates","10":"tag-breaking-news","11":"tag-breakingnews","12":"tag-featured-news","13":"tag-featurednews","14":"tag-headlines","15":"tag-latest-news","16":"tag-latestnews","17":"tag-latvia","18":"tag-latvian","19":"tag-latviesu","20":"tag-latviesu-valoda","21":"tag-latviesuvaloda","22":"tag-latvija","23":"tag-lv","24":"tag-news","25":"tag-popularakas-zinas","26":"tag-popularakaszinas","27":"tag-top-stories","28":"tag-topstories","29":"tag-zinas"},"share_on_mastodon":{"url":"https:\/\/pubeurope.com\/@lv\/115820137214663964","error":""},"_links":{"self":[{"href":"https:\/\/www.europesays.com\/lv\/wp-json\/wp\/v2\/posts\/91765","targetHints":{"allow":["GET"]}}],"collection":[{"href":"https:\/\/www.europesays.com\/lv\/wp-json\/wp\/v2\/posts"}],"about":[{"href":"https:\/\/www.europesays.com\/lv\/wp-json\/wp\/v2\/types\/post"}],"author":[{"embeddable":true,"href":"https:\/\/www.europesays.com\/lv\/wp-json\/wp\/v2\/users\/2"}],"replies":[{"embeddable":true,"href":"https:\/\/www.europesays.com\/lv\/wp-json\/wp\/v2\/comments?post=91765"}],"version-history":[{"count":0,"href":"https:\/\/www.europesays.com\/lv\/wp-json\/wp\/v2\/posts\/91765\/revisions"}],"wp:featuredmedia":[{"embeddable":true,"href":"https:\/\/www.europesays.com\/lv\/wp-json\/wp\/v2\/media\/91766"}],"wp:attachment":[{"href":"https:\/\/www.europesays.com\/lv\/wp-json\/wp\/v2\/media?parent=91765"}],"wp:term":[{"taxonomy":"category","embeddable":true,"href":"https:\/\/www.europesays.com\/lv\/wp-json\/wp\/v2\/categories?post=91765"},{"taxonomy":"post_tag","embeddable":true,"href":"https:\/\/www.europesays.com\/lv\/wp-json\/wp\/v2\/tags?post=91765"}],"curies":[{"name":"wp","href":"https:\/\/api.w.org\/{rel}","templated":true}]}}