{"id":9177,"date":"2025-09-30T21:50:13","date_gmt":"2025-09-30T21:50:13","guid":{"rendered":"https:\/\/www.europesays.com\/lv\/9177\/"},"modified":"2025-09-30T21:50:13","modified_gmt":"2025-09-30T21:50:13","slug":"noskaidroti-kilograms-kulturas-rudens-finalisti","status":"publish","type":"post","link":"https:\/\/www.europesays.com\/lv\/9177\/","title":{"rendered":"noskaidroti &#8220;Kilograms kult\u016bras&#8221; rudens fin\u0101listi"},"content":{"rendered":"<p>Nosl\u0113dzies Latvijas Sabiedrisko mediju gada balvas &#8220;Kilograms kult\u016bras 2025&#8221; rudens balsojums, kur\u0101 skat\u012bt\u0101ji un klaus\u012bt\u0101ji izv\u0113l\u0113ju\u0161ies spilgt\u0101kos kult\u016bras notikumus, kas c\u012bn\u012bsies par gada balvu fin\u0101l\u0101. Starp desmit fin\u0101listiem ir gan monument\u0101li notikumi k\u0101 XIII Skolu jaunatnes dziesmu un deju sv\u0113tki, gan spilgti darbi te\u0101tr\u012b, m\u016bzik\u0101, kino un cit\u0101s jom\u0101s.<\/p>\n","protected":false},"excerpt":{"rendered":"Nosl\u0113dzies Latvijas Sabiedrisko mediju gada balvas &#8220;Kilograms kult\u016bras 2025&#8221; rudens balsojums, kur\u0101 skat\u012bt\u0101ji un klaus\u012bt\u0101ji izv\u0113l\u0113ju\u0161ies spilgt\u0101kos kult\u016bras&hellip;\n","protected":false},"author":2,"featured_media":9178,"comment_status":"","ping_status":"","sticky":false,"template":"","format":"standard","meta":{"footnotes":""},"categories":[19],"tags":[89,90,3597,35,39,38,36,37,34,40],"class_list":{"0":"post-9177","1":"post","2":"type-post","3":"status-publish","4":"format-standard","5":"has-post-thumbnail","7":"category-izklaide","8":"tag-entertainment","9":"tag-izklaide","10":"tag-kilograms-kulturas","11":"tag-latvia","12":"tag-latvian","13":"tag-latviesu","14":"tag-latviesu-valoda","15":"tag-latviesuvaloda","16":"tag-latvija","17":"tag-lv"},"share_on_mastodon":{"url":"","error":""},"_links":{"self":[{"href":"https:\/\/www.europesays.com\/lv\/wp-json\/wp\/v2\/posts\/9177","targetHints":{"allow":["GET"]}}],"collection":[{"href":"https:\/\/www.europesays.com\/lv\/wp-json\/wp\/v2\/posts"}],"about":[{"href":"https:\/\/www.europesays.com\/lv\/wp-json\/wp\/v2\/types\/post"}],"author":[{"embeddable":true,"href":"https:\/\/www.europesays.com\/lv\/wp-json\/wp\/v2\/users\/2"}],"replies":[{"embeddable":true,"href":"https:\/\/www.europesays.com\/lv\/wp-json\/wp\/v2\/comments?post=9177"}],"version-history":[{"count":0,"href":"https:\/\/www.europesays.com\/lv\/wp-json\/wp\/v2\/posts\/9177\/revisions"}],"wp:featuredmedia":[{"embeddable":true,"href":"https:\/\/www.europesays.com\/lv\/wp-json\/wp\/v2\/media\/9178"}],"wp:attachment":[{"href":"https:\/\/www.europesays.com\/lv\/wp-json\/wp\/v2\/media?parent=9177"}],"wp:term":[{"taxonomy":"category","embeddable":true,"href":"https:\/\/www.europesays.com\/lv\/wp-json\/wp\/v2\/categories?post=9177"},{"taxonomy":"post_tag","embeddable":true,"href":"https:\/\/www.europesays.com\/lv\/wp-json\/wp\/v2\/tags?post=9177"}],"curies":[{"name":"wp","href":"https:\/\/api.w.org\/{rel}","templated":true}]}}